{"id":43424,"date":"2024-06-23T21:21:43","date_gmt":"2024-06-24T00:21:43","guid":{"rendered":"https:\/\/radiorevelacionfm.cl\/?p=43424"},"modified":"2024-06-23T21:21:43","modified_gmt":"2024-06-24T00:21:43","slug":"carabineros-aysen-desarrolla-multiples-acciones-en-apoyo-a-la-comunidad-tras-nevazon","status":"publish","type":"post","link":"https:\/\/radiorevelacionfm.cl\/?p=43424","title":{"rendered":"Carabineros Ays\u00e9n desarrolla m\u00faltiples acciones en apoyo a la comunidad tras nevaz\u00f3n"},"content":{"rendered":"<div class=\"flex_column av_one_full  flex_column_div av-zero-column-padding first  avia-builder-el-0  el_before_av_one_full  avia-builder-el-first  \" style='border-radius:0px; '><div  class='avia-image-container  av-styling-    avia-builder-el-1  avia-builder-el-no-sibling  avia-align-center '  itemprop=\"image\" itemscope=\"itemscope\" itemtype=\"https:\/\/schema.org\/ImageObject\"  ><div class='avia-image-container-inner'><div class='avia-image-overlay-wrap'><img decoding=\"async\" class='wp-image-43425 avia-img-lazy-loading-not-43425 avia_image' src=\"https:\/\/radiorevelacionfm.cl\/wp-content\/uploads\/2024\/06\/1bb50e78-91a5-4233-a2b8-23ccf01de3a7-1-1.jpg\" alt='' title='1bb50e78-91a5-4233-a2b8-23ccf01de3a7 (1) (1)' height=\"600\" width=\"797\"  itemprop=\"thumbnailUrl\" srcset=\"https:\/\/radiorevelacionfm.cl\/wp-content\/uploads\/2024\/06\/1bb50e78-91a5-4233-a2b8-23ccf01de3a7-1-1.jpg 797w, https:\/\/radiorevelacionfm.cl\/wp-content\/uploads\/2024\/06\/1bb50e78-91a5-4233-a2b8-23ccf01de3a7-1-1-300x226.jpg 300w, https:\/\/radiorevelacionfm.cl\/wp-content\/uploads\/2024\/06\/1bb50e78-91a5-4233-a2b8-23ccf01de3a7-1-1-768x578.jpg 768w, https:\/\/radiorevelacionfm.cl\/wp-content\/uploads\/2024\/06\/1bb50e78-91a5-4233-a2b8-23ccf01de3a7-1-1-705x531.jpg 705w, https:\/\/radiorevelacionfm.cl\/wp-content\/uploads\/2024\/06\/1bb50e78-91a5-4233-a2b8-23ccf01de3a7-1-1-450x339.jpg 450w, https:\/\/radiorevelacionfm.cl\/wp-content\/uploads\/2024\/06\/1bb50e78-91a5-4233-a2b8-23ccf01de3a7-1-1-600x452.jpg 600w\" sizes=\"(max-width: 797px) 100vw, 797px\" \/><\/div><\/div><\/div><\/div><div class=\"flex_column av_one_full  flex_column_div av-zero-column-padding first  avia-builder-el-2  el_after_av_one_full  el_before_av_one_full  column-top-margin\" style='border-radius:0px; '><section class=\"av_textblock_section \"  itemscope=\"itemscope\" itemtype=\"https:\/\/schema.org\/BlogPosting\" itemprop=\"blogPost\" ><div class='avia_textblock  '   itemprop=\"text\" ><p style=\"text-align: center;\"><span style=\"font-size: 18pt;\"><b><span lang=\"ES-CL\">Carabineros Ays\u00e9n desarrolla m\u00faltiples acciones en apoyo a la comunidad tras nevaz\u00f3n<\/span><\/b><\/span><\/p>\n<div id=\"gtx-trans\" style=\"position: absolute; left: -50px; top: 4.31534px;\">\n<div class=\"gtx-trans-icon\"><\/div>\n<\/div>\n<\/div><\/section><\/div><div class=\"flex_column av_one_full  flex_column_div av-zero-column-padding first  avia-builder-el-4  el_after_av_one_full  el_before_av_hr  column-top-margin\" style='border-radius:0px; '><section class=\"av_textblock_section \"  itemscope=\"itemscope\" itemtype=\"https:\/\/schema.org\/BlogPosting\" itemprop=\"blogPost\" ><div class='avia_textblock  '   itemprop=\"text\" ><p class=\"v1MsoNormal\" style=\"text-align: justify;\"><span lang=\"ES-CL\">En su rol social y de comodidad p\u00fablica, el personal ha prestado servicio en diversos puntos de Coyhaique en limpieza de veredas y acceso a domicilio. Igualmente han sido desplegados en rutas, brindando asistencia a conductores en la instalaci\u00f3n de cadenas o evacuando a personas aisladas.<\/span><\/p>\n<p class=\"v1MsoNormal\" style=\"text-align: justify;\"><span lang=\"ES-CL\">En su rol de comodidad p\u00fablica y permanente apoyo a la comunidad, Carabineros a lo largo de la regi\u00f3n de Ays\u00e9n ha desarrollado m\u00faltiples acciones con la finalidad de acudir en apoyo especialmente de adultos mayores y personas con movilidad reducida, quienes han visto afectadas sus tareas cotidianas producto de las afectaciones ocasionadas a ra\u00edz de las intensas nevazones registradas en la regi\u00f3n de Ays\u00e9n.<\/span><\/p>\n<p class=\"v1MsoNormal\" style=\"text-align: justify;\"><span lang=\"ES-CL\">Frente a lo anterior, Carabineros de Coyhaique llev\u00f3 a efecto un servicio de ronda preventiva comunitaria, la cual contempl\u00f3 un amplio despliegue de efectivos de dotaci\u00f3n de la Of MICC, personal territorial de la 1ra Comisar\u00eda de esta ciudad, trabajo que igualmente fue apoyado por patrullas del Grupo de Operaciones Policiales Especiales (GOPE) y la 5ta. Comisar\u00eda de Control del Orden P\u00fablico COP.<\/span><\/p>\n<p class=\"v1MsoNormal\" style=\"text-align: justify;\"><b><span lang=\"ES-CL\">Despliegue en apoyo de la comunidad<\/span><\/b><\/p>\n<p class=\"v1MsoNormal\" style=\"text-align: justify;\"><span lang=\"ES-CL\">Provistos de palas y otros implementos, patrullas de Carabineros fueron desplegadas en diversos puntos del sector alto de la ciudad, prestando colaboraci\u00f3n a la comunidad en tareas de limpieza -a cargo del MICC- de la pasarela ubicada en el sector del Comit\u00e9 Social Clotario Blest, efectuando el retiro de nieve de la estructura junto con realizar el tirado de sal en el lugar y espacios p\u00fablicos circundantes, previendo ca\u00eddas o accidentes por partes de residentes del sector.<\/span><\/p>\n<p class=\"v1MsoNormal\" style=\"text-align: justify;\"><span lang=\"ES-CL\">Lo propio realiz\u00f3 Carabineros en el sector de la Junta de Vecinos Divisadero, despejando la nieve en el ingreso a domicilios y sectores de discapacitados, contribuyendo a facilitar los desplazamientos de personas con movilidad reducida.<\/span><\/p>\n<p class=\"v1MsoNormal\" style=\"text-align: justify;\"><span lang=\"ES-CL\">Un trabajo similar se efectu\u00f3 en calle Alfonso Serrano en el sector de la Junta de Vecinos General Bernales, efectuando la limpieza de veredas y arrojando sal, manteniendo el tr\u00e1nsito seguro de peatones por el sector.<\/span><\/p>\n<p class=\"v1MsoNormal\" style=\"text-align: justify;\"><span lang=\"ES-CL\">En el contexto del rol social, Carabineros del GOPE, despleg\u00f3 al personal especializado en la poblaci\u00f3n General Marchant, realizando el despeje de ingresos a domicilios, facilitando los accesos junto con prevenir la ocurrencia de accidentes o ca\u00eddas.<\/span><\/p>\n<p class=\"v1MsoNormal\" style=\"text-align: justify;\"><b><span lang=\"ES-CL\">Trabajo en rutas<\/span><\/b><\/p>\n<p class=\"v1MsoNormal\" style=\"text-align: justify;\"><span lang=\"ES-CL\">Asimismo, Carabineros igualmente se encuentra desplegado en diversas rutas de la regi\u00f3n, brindado orientaci\u00f3n, apoyo y asistencia a conductores en la instalaci\u00f3n de cadenas, asistencias mec\u00e1nicas en ruta, sumado al retiro de \u00e1rboles ca\u00eddos en Ma\u00f1ihuales y Tortel, reparaci\u00f3n de ca\u00f1er\u00edas que reventaron producto de las bajas temperaturas y que afectaron a vecinos del sector Coyhaique Alto.<\/span><\/p>\n<p class=\"v1MsoNormal\" style=\"text-align: justify;\"><span lang=\"ES-CL\">De igual forma se realiz\u00f3 la evacuaci\u00f3n de residentes en sectores rurales como fue el caso de una familia de Lago Fr\u00edo, tras quedar aislada producto de la nevaz\u00f3n, debiendo ser evacuada por parte del GOPE.<\/span><\/p>\n<p class=\"v1MsoNormal\" style=\"text-align: justify;\"><span lang=\"ES-CL\">Carabineros Ays\u00e9n contin\u00faa presente en diversos puntos de la regi\u00f3n, pudiendo estar donde la comunidad nos necesita.<\/span><\/p>\n<\/div><\/section><\/div><div  style='height:50px' class='hr hr-invisible   avia-builder-el-6  el_after_av_one_full  el_before_av_social_share '><span class='hr-inner ' ><span class='hr-inner-style'><\/span><\/span><\/div><\/p>\n<div  class='av-social-sharing-box  avia-builder-el-7  el_after_av_hr  el_before_av_hr  '><div class='av-share-box'><h5 class='av-share-link-description av-no-toc '>Compartir esta noticia<\/h5><ul class='av-share-box-list noLightbox'><li class='av-share-link av-social-link-facebook' ><a target=\"_blank\" aria-label=\"Compartir en Facebook\" href='https:\/\/www.facebook.com\/sharer.php?u=https:\/\/radiorevelacionfm.cl\/?p=43424&#038;t=Carabineros%20Ays%C3%A9n%20desarrolla%20m%C3%BAltiples%20acciones%20en%20apoyo%20a%20la%20comunidad%20tras%20nevaz%C3%B3n' aria-hidden='false' data-av_icon='\ue8f3' data-av_iconfont='entypo-fontello' title='' data-avia-related-tooltip='Compartir en Facebook' rel=\"noopener\"><span class='avia_hidden_link_text'>Compartir en Facebook<\/span><\/a><\/li><li class='av-share-link av-social-link-twitter' ><a target=\"_blank\" aria-label=\"Compartir en Twitter\" href='https:\/\/twitter.com\/share?text=Carabineros%20Ays%C3%A9n%20desarrolla%20m%C3%BAltiples%20acciones%20en%20apoyo%20a%20la%20comunidad%20tras%20nevaz%C3%B3n&#038;url=https:\/\/radiorevelacionfm.cl\/?p=43424' aria-hidden='false' data-av_icon='\ue8f1' data-av_iconfont='entypo-fontello' title='' data-avia-related-tooltip='Compartir en Twitter' rel=\"noopener\"><span class='avia_hidden_link_text'>Compartir en Twitter<\/span><\/a><\/li><li class='av-share-link av-social-link-whatsapp' ><a target=\"_blank\" aria-label=\"Compartir en Whatsapp\" href='https:\/\/api.whatsapp.com\/send?text=https:\/\/radiorevelacionfm.cl\/?p=43424' aria-hidden='false' data-av_icon='\uf232' data-av_iconfont='entypo-fontello' title='' data-avia-related-tooltip='Compartir en Whatsapp' rel=\"noopener\"><span class='avia_hidden_link_text'>Compartir en Whatsapp<\/span><\/a><\/li><li class='av-share-link av-social-link-linkedin' ><a target=\"_blank\" aria-label=\"Compartir en LinkedIn\" href='https:\/\/linkedin.com\/shareArticle?mini=true&#038;title=Carabineros%20Ays%C3%A9n%20desarrolla%20m%C3%BAltiples%20acciones%20en%20apoyo%20a%20la%20comunidad%20tras%20nevaz%C3%B3n&#038;url=https:\/\/radiorevelacionfm.cl\/?p=43424' aria-hidden='false' data-av_icon='\ue8fc' data-av_iconfont='entypo-fontello' title='' data-avia-related-tooltip='Compartir en LinkedIn' rel=\"noopener\"><span class='avia_hidden_link_text'>Compartir en LinkedIn<\/span><\/a><\/li><li class='av-share-link av-social-link-mail' ><a  aria-label=\"Compartir por correo\" href='mailto:?subject=Carabineros%20Ays%C3%A9n%20desarrolla%20m%C3%BAltiples%20acciones%20en%20apoyo%20a%20la%20comunidad%20tras%20nevaz%C3%B3n&#038;body=https:\/\/radiorevelacionfm.cl\/?p=43424' aria-hidden='false' data-av_icon='\ue805' data-av_iconfont='entypo-fontello' title='' data-avia-related-tooltip='Compartir por correo'><span class='avia_hidden_link_text'>Compartir por correo<\/span><\/a><\/li><\/ul><\/div><\/div>\n<div  style='height:50px' class='hr hr-invisible   avia-builder-el-8  el_after_av_social_share  el_before_av_comments_list '><span class='hr-inner ' ><span class='hr-inner-style'><\/span><\/span><\/div>\n<div  class='av-buildercomment  av-blog-meta-html-info-disabled av-blog-meta-tag-disabled  '><\/div>\n","protected":false},"excerpt":{"rendered":"","protected":false},"author":1,"featured_media":43425,"comment_status":"open","ping_status":"open","sticky":false,"template":"","format":"standard","meta":{"footnotes":""},"categories":[38],"tags":[],"class_list":["post-43424","post","type-post","status-publish","format-standard","has-post-thumbnail","hentry","category-regional"],"jetpack_featured_media_url":"https:\/\/radiorevelacionfm.cl\/wp-content\/uploads\/2024\/06\/1bb50e78-91a5-4233-a2b8-23ccf01de3a7-1-1.jpg","_links":{"self":[{"href":"https:\/\/radiorevelacionfm.cl\/index.php?rest_route=\/wp\/v2\/posts\/43424","targetHints":{"allow":["GET"]}}],"collection":[{"href":"https:\/\/radiorevelacionfm.cl\/index.php?rest_route=\/wp\/v2\/posts"}],"about":[{"href":"https:\/\/radiorevelacionfm.cl\/index.php?rest_route=\/wp\/v2\/types\/post"}],"author":[{"embeddable":true,"href":"https:\/\/radiorevelacionfm.cl\/index.php?rest_route=\/wp\/v2\/users\/1"}],"replies":[{"embeddable":true,"href":"https:\/\/radiorevelacionfm.cl\/index.php?rest_route=%2Fwp%2Fv2%2Fcomments&post=43424"}],"version-history":[{"count":1,"href":"https:\/\/radiorevelacionfm.cl\/index.php?rest_route=\/wp\/v2\/posts\/43424\/revisions"}],"predecessor-version":[{"id":43426,"href":"https:\/\/radiorevelacionfm.cl\/index.php?rest_route=\/wp\/v2\/posts\/43424\/revisions\/43426"}],"wp:featuredmedia":[{"embeddable":true,"href":"https:\/\/radiorevelacionfm.cl\/index.php?rest_route=\/wp\/v2\/media\/43425"}],"wp:attachment":[{"href":"https:\/\/radiorevelacionfm.cl\/index.php?rest_route=%2Fwp%2Fv2%2Fmedia&parent=43424"}],"wp:term":[{"taxonomy":"category","embeddable":true,"href":"https:\/\/radiorevelacionfm.cl\/index.php?rest_route=%2Fwp%2Fv2%2Fcategories&post=43424"},{"taxonomy":"post_tag","embeddable":true,"href":"https:\/\/radiorevelacionfm.cl\/index.php?rest_route=%2Fwp%2Fv2%2Ftags&post=43424"}],"curies":[{"name":"wp","href":"https:\/\/api.w.org\/{rel}","templated":true}]}}