{"id":43421,"date":"2024-06-23T21:08:25","date_gmt":"2024-06-24T00:08:25","guid":{"rendered":"https:\/\/radiorevelacionfm.cl\/?p=43421"},"modified":"2024-06-23T21:08:25","modified_gmt":"2024-06-24T00:08:25","slug":"junta-de-vecinos-llave-del-nogal-cuenta-con-sede-social-para-realizar-diversas-actividades","status":"publish","type":"post","link":"https:\/\/radiorevelacionfm.cl\/?p=43421","title":{"rendered":"Junta de Vecinos \u201cLlave del Nogal\u201d cuenta con sede social para realizar diversas actividades"},"content":{"rendered":"<div class=\"flex_column av_one_full  flex_column_div av-zero-column-padding first  avia-builder-el-0  el_before_av_one_full  avia-builder-el-first  \" style='border-radius:0px; '><div  class='avia-image-container  av-styling-    avia-builder-el-1  avia-builder-el-no-sibling  avia-align-center '  itemprop=\"image\" itemscope=\"itemscope\" itemtype=\"https:\/\/schema.org\/ImageObject\"  ><div class='avia-image-container-inner'><div class='avia-image-overlay-wrap'><img decoding=\"async\" class='wp-image-43422 avia-img-lazy-loading-not-43422 avia_image' src=\"https:\/\/radiorevelacionfm.cl\/wp-content\/uploads\/2024\/06\/sede-andrea2-1-1.jpg\" alt='' title='sede andrea2 (1) (1)' height=\"600\" width=\"800\"  itemprop=\"thumbnailUrl\" srcset=\"https:\/\/radiorevelacionfm.cl\/wp-content\/uploads\/2024\/06\/sede-andrea2-1-1.jpg 800w, https:\/\/radiorevelacionfm.cl\/wp-content\/uploads\/2024\/06\/sede-andrea2-1-1-300x225.jpg 300w, https:\/\/radiorevelacionfm.cl\/wp-content\/uploads\/2024\/06\/sede-andrea2-1-1-768x576.jpg 768w, https:\/\/radiorevelacionfm.cl\/wp-content\/uploads\/2024\/06\/sede-andrea2-1-1-705x529.jpg 705w, https:\/\/radiorevelacionfm.cl\/wp-content\/uploads\/2024\/06\/sede-andrea2-1-1-450x338.jpg 450w, https:\/\/radiorevelacionfm.cl\/wp-content\/uploads\/2024\/06\/sede-andrea2-1-1-600x450.jpg 600w\" sizes=\"(max-width: 800px) 100vw, 800px\" \/><\/div><\/div><\/div><\/div><div class=\"flex_column av_one_full  flex_column_div av-zero-column-padding first  avia-builder-el-2  el_after_av_one_full  el_before_av_one_full  column-top-margin\" style='border-radius:0px; '><section class=\"av_textblock_section \"  itemscope=\"itemscope\" itemtype=\"https:\/\/schema.org\/BlogPosting\" itemprop=\"blogPost\" ><div class='avia_textblock  '   itemprop=\"text\" ><p style=\"text-align: center;\"><strong><span style=\"font-size: 18pt;\">Junta de Vecinos \u201cLlave del Nogal\u201d cuenta con sede social para realizar diversas actividades<\/span><\/strong><\/p>\n<div id=\"gtx-trans\" style=\"position: absolute; left: -50px; top: 4.31534px;\">\n<div class=\"gtx-trans-icon\"><\/div>\n<\/div>\n<\/div><\/section><\/div><div class=\"flex_column av_one_full  flex_column_div av-zero-column-padding first  avia-builder-el-4  el_after_av_one_full  el_before_av_hr  column-top-margin\" style='border-radius:0px; '><section class=\"av_textblock_section \"  itemscope=\"itemscope\" itemtype=\"https:\/\/schema.org\/BlogPosting\" itemprop=\"blogPost\" ><div class='avia_textblock  '   itemprop=\"text\" ><p style=\"text-align: justify;\"><em>Capacitaciones, reuniones, actividades para los ni\u00f1os y adultos mayores, son algunas de las iniciativas que esperan llevar adelante, agradeciendo desde ya, el apoyo de la Municipalidad de Ays\u00e9n.<\/em><\/p>\n<p style=\"text-align: justify;\">En la reciente constituida Junta de Vecinos \u201cLlave del Nogal\u201d, m\u00e1s de cien familias se ver\u00e1n beneficiadas con un nuevo, moderno y amplio espacio, que, desde ahora, pueden utilizar para realizar actividades con los ni\u00f1os, ni\u00f1as y adolescentes, reuniones como organizaci\u00f3n, jornadas de capacitaci\u00f3n, talleres, iniciativas para adultos mayores, entre otras.<\/p>\n<p style=\"text-align: justify;\">Esto luego de firmar los documentos respectivos en la Municipalidad y recibir de manos del alcalde Julio Uribe Alvarado, las llaves que permiten acceder a la sede comunitaria del sector y poder utilizar cada una de sus instalaciones. Feliz al concretarse aquello, se mostr\u00f3 la presidenta de la unidad vecinal, Andrea Mansilla Haro.<\/p>\n<p style=\"text-align: justify;\">\u201cRequer\u00edamos bastante la sede, porque si bien somos 80 familias del condominio de nosotros, pero se suman las familias de al lado, la gente de las 108 casas, con ello, tenemos 100 socios inscritos y esperamos tener m\u00e1s. Vamos creciendo de a poco y necesitamos el espacio para empezar a trabajar como junta de vecinos y ver que se puede hacer para los ni\u00f1os y gente joven. Estamos reci\u00e9n empezando, con hartas ganas de seguir creciendo y agradecida de Alcalde que nos haya atendido hoy y nos haya entregado las llaves\u201d.<\/p>\n<p style=\"text-align: justify;\">Andrea Mansilla, afirm\u00f3 que existen muchas ideas para poder realizar al interior de la sede, como, capacitaciones e incluso copiar las buenas ideas, como las actividades comunitarias y de entretenci\u00f3n que realiza la junta de vecinos del sector Pedro Aguirre Cerda. \u201cEstamos pensando en hartas cosas, capacitar a la gente, de repente juntarnos como lo hace la junta de vecinos de la Pedro Aguirre Cerda, que es un muy lindo ejemplo de parte de la directiva, hacer esas mateadas, donde la gente llega, se acercan con la directiva. La idea es que, seamos un Ays\u00e9n como era antes, donde todos tengamos esas ganas de seguir adelante y que se sepan los problemas que est\u00e1n pasando en la junta de vecinos\u201d.<\/p>\n<p style=\"text-align: justify;\">Por \u00faltimo, la presidenta de la junta de vecinos \u201cLlave del Nogal\u201d, Andrea Mansilla Haro, recalco su agradecimiento a la autoridad comunal, por el respaldo que les entrega como unidad vecinal para trabajar junto al Municipio y lo oportuno del tr\u00e1mite para utilizar la sede social, considerando que lograron constituirse reci\u00e9n los primeros d\u00edas del mes de mayo reci\u00e9n pasado.<\/p>\n<\/div><\/section><\/div><div  style='height:50px' class='hr hr-invisible   avia-builder-el-6  el_after_av_one_full  el_before_av_social_share '><span class='hr-inner ' ><span class='hr-inner-style'><\/span><\/span><\/div><\/p>\n<div  class='av-social-sharing-box  avia-builder-el-7  el_after_av_hr  el_before_av_hr  '><div class='av-share-box'><h5 class='av-share-link-description av-no-toc '>Compartir esta noticia<\/h5><ul class='av-share-box-list noLightbox'><li class='av-share-link av-social-link-facebook' ><a target=\"_blank\" aria-label=\"Compartir en Facebook\" href='https:\/\/www.facebook.com\/sharer.php?u=https:\/\/radiorevelacionfm.cl\/?p=43421&#038;t=Junta%20de%20Vecinos%20%E2%80%9CLlave%20del%20Nogal%E2%80%9D%20cuenta%20con%20sede%20social%20para%20realizar%20diversas%20actividades' aria-hidden='false' data-av_icon='\ue8f3' data-av_iconfont='entypo-fontello' title='' data-avia-related-tooltip='Compartir en Facebook' rel=\"noopener\"><span class='avia_hidden_link_text'>Compartir en Facebook<\/span><\/a><\/li><li class='av-share-link av-social-link-twitter' ><a target=\"_blank\" aria-label=\"Compartir en Twitter\" href='https:\/\/twitter.com\/share?text=Junta%20de%20Vecinos%20%E2%80%9CLlave%20del%20Nogal%E2%80%9D%20cuenta%20con%20sede%20social%20para%20realizar%20diversas%20actividades&#038;url=https:\/\/radiorevelacionfm.cl\/?p=43421' aria-hidden='false' data-av_icon='\ue8f1' data-av_iconfont='entypo-fontello' title='' data-avia-related-tooltip='Compartir en Twitter' rel=\"noopener\"><span class='avia_hidden_link_text'>Compartir en Twitter<\/span><\/a><\/li><li class='av-share-link av-social-link-whatsapp' ><a target=\"_blank\" aria-label=\"Compartir en Whatsapp\" href='https:\/\/api.whatsapp.com\/send?text=https:\/\/radiorevelacionfm.cl\/?p=43421' aria-hidden='false' data-av_icon='\uf232' data-av_iconfont='entypo-fontello' title='' data-avia-related-tooltip='Compartir en Whatsapp' rel=\"noopener\"><span class='avia_hidden_link_text'>Compartir en Whatsapp<\/span><\/a><\/li><li class='av-share-link av-social-link-linkedin' ><a target=\"_blank\" aria-label=\"Compartir en LinkedIn\" href='https:\/\/linkedin.com\/shareArticle?mini=true&#038;title=Junta%20de%20Vecinos%20%E2%80%9CLlave%20del%20Nogal%E2%80%9D%20cuenta%20con%20sede%20social%20para%20realizar%20diversas%20actividades&#038;url=https:\/\/radiorevelacionfm.cl\/?p=43421' aria-hidden='false' data-av_icon='\ue8fc' data-av_iconfont='entypo-fontello' title='' data-avia-related-tooltip='Compartir en LinkedIn' rel=\"noopener\"><span class='avia_hidden_link_text'>Compartir en LinkedIn<\/span><\/a><\/li><li class='av-share-link av-social-link-mail' ><a  aria-label=\"Compartir por correo\" href='mailto:?subject=Junta%20de%20Vecinos%20%E2%80%9CLlave%20del%20Nogal%E2%80%9D%20cuenta%20con%20sede%20social%20para%20realizar%20diversas%20actividades&#038;body=https:\/\/radiorevelacionfm.cl\/?p=43421' aria-hidden='false' data-av_icon='\ue805' data-av_iconfont='entypo-fontello' title='' data-avia-related-tooltip='Compartir por correo'><span class='avia_hidden_link_text'>Compartir por correo<\/span><\/a><\/li><\/ul><\/div><\/div>\n<div  style='height:50px' class='hr hr-invisible   avia-builder-el-8  el_after_av_social_share  el_before_av_comments_list '><span class='hr-inner ' ><span class='hr-inner-style'><\/span><\/span><\/div>\n<div  class='av-buildercomment  av-blog-meta-html-info-disabled av-blog-meta-tag-disabled  '><\/div>\n","protected":false},"excerpt":{"rendered":"","protected":false},"author":1,"featured_media":43422,"comment_status":"open","ping_status":"open","sticky":false,"template":"","format":"standard","meta":{"footnotes":""},"categories":[38],"tags":[],"class_list":["post-43421","post","type-post","status-publish","format-standard","has-post-thumbnail","hentry","category-regional"],"jetpack_featured_media_url":"https:\/\/radiorevelacionfm.cl\/wp-content\/uploads\/2024\/06\/sede-andrea2-1-1.jpg","_links":{"self":[{"href":"https:\/\/radiorevelacionfm.cl\/index.php?rest_route=\/wp\/v2\/posts\/43421","targetHints":{"allow":["GET"]}}],"collection":[{"href":"https:\/\/radiorevelacionfm.cl\/index.php?rest_route=\/wp\/v2\/posts"}],"about":[{"href":"https:\/\/radiorevelacionfm.cl\/index.php?rest_route=\/wp\/v2\/types\/post"}],"author":[{"embeddable":true,"href":"https:\/\/radiorevelacionfm.cl\/index.php?rest_route=\/wp\/v2\/users\/1"}],"replies":[{"embeddable":true,"href":"https:\/\/radiorevelacionfm.cl\/index.php?rest_route=%2Fwp%2Fv2%2Fcomments&post=43421"}],"version-history":[{"count":1,"href":"https:\/\/radiorevelacionfm.cl\/index.php?rest_route=\/wp\/v2\/posts\/43421\/revisions"}],"predecessor-version":[{"id":43423,"href":"https:\/\/radiorevelacionfm.cl\/index.php?rest_route=\/wp\/v2\/posts\/43421\/revisions\/43423"}],"wp:featuredmedia":[{"embeddable":true,"href":"https:\/\/radiorevelacionfm.cl\/index.php?rest_route=\/wp\/v2\/media\/43422"}],"wp:attachment":[{"href":"https:\/\/radiorevelacionfm.cl\/index.php?rest_route=%2Fwp%2Fv2%2Fmedia&parent=43421"}],"wp:term":[{"taxonomy":"category","embeddable":true,"href":"https:\/\/radiorevelacionfm.cl\/index.php?rest_route=%2Fwp%2Fv2%2Fcategories&post=43421"},{"taxonomy":"post_tag","embeddable":true,"href":"https:\/\/radiorevelacionfm.cl\/index.php?rest_route=%2Fwp%2Fv2%2Ftags&post=43421"}],"curies":[{"name":"wp","href":"https:\/\/api.w.org\/{rel}","templated":true}]}}