{"id":43418,"date":"2024-06-23T19:30:10","date_gmt":"2024-06-23T22:30:10","guid":{"rendered":"https:\/\/radiorevelacionfm.cl\/?p=43418"},"modified":"2024-06-23T19:30:10","modified_gmt":"2024-06-23T22:30:10","slug":"carabineros-detuvo-a-imputada-por-homicidio-ocurrido-en-coyhaique","status":"publish","type":"post","link":"https:\/\/radiorevelacionfm.cl\/?p=43418","title":{"rendered":"Carabineros detuvo a imputada por homicidio ocurrido en Coyhaique"},"content":{"rendered":"<div class=\"flex_column av_one_full  flex_column_div av-zero-column-padding first  avia-builder-el-0  el_before_av_one_full  avia-builder-el-first  \" style='border-radius:0px; '><div  class='avia-image-container  av-styling-    avia-builder-el-1  avia-builder-el-no-sibling  avia-align-center '  itemprop=\"image\" itemscope=\"itemscope\" itemtype=\"https:\/\/schema.org\/ImageObject\"  ><div class='avia-image-container-inner'><div class='avia-image-overlay-wrap'><img decoding=\"async\" class='wp-image-43419 avia-img-lazy-loading-not-43419 avia_image' src=\"https:\/\/radiorevelacionfm.cl\/wp-content\/uploads\/2024\/06\/adc26d61-6c15-46f3-9e63-db8114f1432d-1-1.jpg\" alt='' title='adc26d61-6c15-46f3-9e63-db8114f1432d (1) (1)' height=\"660\" width=\"798\"  itemprop=\"thumbnailUrl\" srcset=\"https:\/\/radiorevelacionfm.cl\/wp-content\/uploads\/2024\/06\/adc26d61-6c15-46f3-9e63-db8114f1432d-1-1.jpg 798w, https:\/\/radiorevelacionfm.cl\/wp-content\/uploads\/2024\/06\/adc26d61-6c15-46f3-9e63-db8114f1432d-1-1-300x248.jpg 300w, https:\/\/radiorevelacionfm.cl\/wp-content\/uploads\/2024\/06\/adc26d61-6c15-46f3-9e63-db8114f1432d-1-1-768x635.jpg 768w, https:\/\/radiorevelacionfm.cl\/wp-content\/uploads\/2024\/06\/adc26d61-6c15-46f3-9e63-db8114f1432d-1-1-705x583.jpg 705w, https:\/\/radiorevelacionfm.cl\/wp-content\/uploads\/2024\/06\/adc26d61-6c15-46f3-9e63-db8114f1432d-1-1-450x372.jpg 450w, https:\/\/radiorevelacionfm.cl\/wp-content\/uploads\/2024\/06\/adc26d61-6c15-46f3-9e63-db8114f1432d-1-1-600x496.jpg 600w\" sizes=\"(max-width: 798px) 100vw, 798px\" \/><\/div><\/div><\/div><\/div><div class=\"flex_column av_one_full  flex_column_div av-zero-column-padding first  avia-builder-el-2  el_after_av_one_full  el_before_av_one_full  column-top-margin\" style='border-radius:0px; '><section class=\"av_textblock_section \"  itemscope=\"itemscope\" itemtype=\"https:\/\/schema.org\/BlogPosting\" itemprop=\"blogPost\" ><div class='avia_textblock  '   itemprop=\"text\" ><p style=\"text-align: center;\"><span style=\"font-size: 18pt;\"><b><span lang=\"ES-CL\">Carabineros detuvo a imputada por homicidio ocurrido en Coyhaique<\/span><\/b><\/span><\/p>\n<div id=\"gtx-trans\" style=\"position: absolute; left: -50px; top: 4.31534px;\">\n<div class=\"gtx-trans-icon\"><\/div>\n<\/div>\n<\/div><\/section><\/div><div class=\"flex_column av_one_full  flex_column_div av-zero-column-padding first  avia-builder-el-4  el_after_av_one_full  el_before_av_hr  column-top-margin\" style='border-radius:0px; '><section class=\"av_textblock_section \"  itemscope=\"itemscope\" itemtype=\"https:\/\/schema.org\/BlogPosting\" itemprop=\"blogPost\" ><div class='avia_textblock  '   itemprop=\"text\" ><p class=\"v1MsoNormal\" style=\"text-align: justify;\"><span lang=\"ES-CL\">La mujer fue encontrada al interior de un domicilio cercano al sitio del suceso, siendo igualmente identificados otros cuatro testigos del hecho \u2013uno de ellos corresponde a un pr\u00f3fugo de la justicia- quienes en conjunto suman m\u00e1s de 40 detenciones previas por diversos delitos.<\/span><\/p>\n<p class=\"v1MsoNormal\" style=\"text-align: justify;\"><span lang=\"ES-CL\">Diligencias aut\u00f3nomas desarrolladas por Carabineros de Coyhaique, permitieron detener en tiempo r\u00e9cord a una mujer con abultado compromiso delictual por su presunta responsabilidad en un delito de homicidio registrado la madrugada de este domingo en la comuna de Coyhaique, logrando igualmente identificar a otras cuatro personas como testigos de este lamentable hecho.<\/span><\/p>\n<p class=\"v1MsoNormal\" style=\"text-align: justify;\"><span lang=\"ES-CL\">Antecedentes informados por el Comisario de Carabineros de esta ciudad, Mayor Gerardo Gonz\u00e1lez L\u00f3pez dan cuenta que una alerta emitida por el Samu, posibilitando una respuesta oportuna.<\/span><\/p>\n<p class=\"v1MsoNormal\" style=\"text-align: justify;\"><span lang=\"ES-CL\">\u00abCarabineros concurre al lugar en atenci\u00f3n a un requerimiento del Samu, por una persona que se encontraba grave con riesgo vital producto de una agresi\u00f3n con arma blanca\u00bb, indic\u00f3 el Oficial.<\/span><\/p>\n<p class=\"v1MsoNormal\" style=\"text-align: justify;\"><span lang=\"ES-CL\">Frente a lo anterior, Carabineros en forma inmediata concurri\u00f3 al lugar de los hechos en calle Manuel Salas, pudiendo constatar a la v\u00edctima con signos de agresi\u00f3n y lesi\u00f3n en la regi\u00f3n tor\u00e1cica.<\/span><\/p>\n<p class=\"v1MsoNormal\" style=\"text-align: justify;\"><span lang=\"ES-CL\">\u00abHab\u00eda cuatro personas adultas al interior de un inmueble quienes en la actualidad se encuentran en calidad de testigos y al consultarles qu\u00e9 sucedi\u00f3, estas personas se\u00f1alaron que habr\u00eda ocurrido una discusi\u00f3n y producto de esto una persona -que ya no se encontraba ah\u00ed- y que se habr\u00eda dado a la fuga, habr\u00eda agredido a esta persona con arma blanca\u00bb, expres\u00f3 el Comisario de Coyhaique.<\/span><\/p>\n<p class=\"v1MsoNormal\" style=\"text-align: justify;\"><b><span lang=\"ES-CL\">Actuaciones aut\u00f3nomas<\/span><\/b><\/p>\n<p class=\"v1MsoNormal\" style=\"text-align: justify;\"><span lang=\"ES-CL\">Tras la llegada del personal al lugar, Carabineros pudo advertir evidencia biol\u00f3gica no solo en el inmueble, sino tambi\u00e9n en el pasaje, tras lo cual se realiz\u00f3 el aislamiento del sitio del suceso, con la finalidad de determinar a trav\u00e9s de los peritajes si se trata de evidencia asociada a esta v\u00edctima o a otro hecho.<\/span><\/p>\n<p class=\"v1MsoNormal\" style=\"text-align: justify;\"><span lang=\"ES-CL\">\u00abCarabineros dentro de sus actuaciones aut\u00f3nomas en el lugar, una persona se\u00f1ala que conoce (a la presunta agresora), que sabe d\u00f3nde vive y d\u00f3nde se encuentra en ese minuto. Es por ello que Carabineros r\u00e1pidamente se despliega hasta ese domicilio, acordonamos el lugar donde esta persona se encontrar\u00eda e hicimos un ingreso voluntario a este inmueble, procediendo a la detenci\u00f3n de esta persona a quien se le imputa este delito de homicidio\u00bb, detall\u00f3 el Mayor Gerardo Gonz\u00e1lez.<\/span><\/p>\n<p class=\"v1MsoNormal\" style=\"text-align: justify;\"><span lang=\"ES-CL\">La imputada y las otras cuatro personas que se encontraban al interior del domicilio registran un amplio compromiso delictual, quienes suman en conjunto m\u00e1s de 40 detenciones previas por parte de Carabineros, en tanto que la imputada registra ocho detenciones previas por diversos delitos.<\/span><\/p>\n<p class=\"v1MsoNormal\" style=\"text-align: justify;\"><span lang=\"ES-CL\">Asimismo, uno de los testigos del hecho manten\u00eda una orden de aprehensi\u00f3n vigente, siendo detenido en virtud del plan nacional de b\u00fasqueda de pr\u00f3fugos, siendo puesto a disposici\u00f3n de la justicia.<\/span><\/p>\n<p class=\"v1MsoNormal\" style=\"text-align: justify;\"><span lang=\"ES-CL\">Los antecedentes del procedimiento fueron informados a la Fiscal\u00eda local de esta ciudad, siendo la investigaci\u00f3n del caso derivada a la PDI.<\/span><\/p>\n<\/div><\/section><\/div><div  style='height:50px' class='hr hr-invisible   avia-builder-el-6  el_after_av_one_full  el_before_av_social_share '><span class='hr-inner ' ><span class='hr-inner-style'><\/span><\/span><\/div><\/p>\n<div  class='av-social-sharing-box  avia-builder-el-7  el_after_av_hr  el_before_av_hr  '><div class='av-share-box'><h5 class='av-share-link-description av-no-toc '>Compartir esta noticia<\/h5><ul class='av-share-box-list noLightbox'><li class='av-share-link av-social-link-facebook' ><a target=\"_blank\" aria-label=\"Compartir en Facebook\" href='https:\/\/www.facebook.com\/sharer.php?u=https:\/\/radiorevelacionfm.cl\/?p=43418&#038;t=Carabineros%20detuvo%20a%20imputada%20por%20homicidio%20ocurrido%20en%20Coyhaique' aria-hidden='false' data-av_icon='\ue8f3' data-av_iconfont='entypo-fontello' title='' data-avia-related-tooltip='Compartir en Facebook' rel=\"noopener\"><span class='avia_hidden_link_text'>Compartir en Facebook<\/span><\/a><\/li><li class='av-share-link av-social-link-twitter' ><a target=\"_blank\" aria-label=\"Compartir en Twitter\" href='https:\/\/twitter.com\/share?text=Carabineros%20detuvo%20a%20imputada%20por%20homicidio%20ocurrido%20en%20Coyhaique&#038;url=https:\/\/radiorevelacionfm.cl\/?p=43418' aria-hidden='false' data-av_icon='\ue8f1' data-av_iconfont='entypo-fontello' title='' data-avia-related-tooltip='Compartir en Twitter' rel=\"noopener\"><span class='avia_hidden_link_text'>Compartir en Twitter<\/span><\/a><\/li><li class='av-share-link av-social-link-whatsapp' ><a target=\"_blank\" aria-label=\"Compartir en Whatsapp\" href='https:\/\/api.whatsapp.com\/send?text=https:\/\/radiorevelacionfm.cl\/?p=43418' aria-hidden='false' data-av_icon='\uf232' data-av_iconfont='entypo-fontello' title='' data-avia-related-tooltip='Compartir en Whatsapp' rel=\"noopener\"><span class='avia_hidden_link_text'>Compartir en Whatsapp<\/span><\/a><\/li><li class='av-share-link av-social-link-linkedin' ><a target=\"_blank\" aria-label=\"Compartir en LinkedIn\" href='https:\/\/linkedin.com\/shareArticle?mini=true&#038;title=Carabineros%20detuvo%20a%20imputada%20por%20homicidio%20ocurrido%20en%20Coyhaique&#038;url=https:\/\/radiorevelacionfm.cl\/?p=43418' aria-hidden='false' data-av_icon='\ue8fc' data-av_iconfont='entypo-fontello' title='' data-avia-related-tooltip='Compartir en LinkedIn' rel=\"noopener\"><span class='avia_hidden_link_text'>Compartir en LinkedIn<\/span><\/a><\/li><li class='av-share-link av-social-link-mail' ><a  aria-label=\"Compartir por correo\" href='mailto:?subject=Carabineros%20detuvo%20a%20imputada%20por%20homicidio%20ocurrido%20en%20Coyhaique&#038;body=https:\/\/radiorevelacionfm.cl\/?p=43418' aria-hidden='false' data-av_icon='\ue805' data-av_iconfont='entypo-fontello' title='' data-avia-related-tooltip='Compartir por correo'><span class='avia_hidden_link_text'>Compartir por correo<\/span><\/a><\/li><\/ul><\/div><\/div>\n<div  style='height:50px' class='hr hr-invisible   avia-builder-el-8  el_after_av_social_share  el_before_av_comments_list '><span class='hr-inner ' ><span class='hr-inner-style'><\/span><\/span><\/div>\n<div  class='av-buildercomment  av-blog-meta-html-info-disabled av-blog-meta-tag-disabled  '><\/div>\n","protected":false},"excerpt":{"rendered":"","protected":false},"author":1,"featured_media":43419,"comment_status":"open","ping_status":"open","sticky":false,"template":"","format":"standard","meta":{"footnotes":""},"categories":[36],"tags":[],"class_list":["post-43418","post","type-post","status-publish","format-standard","has-post-thumbnail","hentry","category-policial"],"jetpack_featured_media_url":"https:\/\/radiorevelacionfm.cl\/wp-content\/uploads\/2024\/06\/adc26d61-6c15-46f3-9e63-db8114f1432d-1-1.jpg","_links":{"self":[{"href":"https:\/\/radiorevelacionfm.cl\/index.php?rest_route=\/wp\/v2\/posts\/43418","targetHints":{"allow":["GET"]}}],"collection":[{"href":"https:\/\/radiorevelacionfm.cl\/index.php?rest_route=\/wp\/v2\/posts"}],"about":[{"href":"https:\/\/radiorevelacionfm.cl\/index.php?rest_route=\/wp\/v2\/types\/post"}],"author":[{"embeddable":true,"href":"https:\/\/radiorevelacionfm.cl\/index.php?rest_route=\/wp\/v2\/users\/1"}],"replies":[{"embeddable":true,"href":"https:\/\/radiorevelacionfm.cl\/index.php?rest_route=%2Fwp%2Fv2%2Fcomments&post=43418"}],"version-history":[{"count":1,"href":"https:\/\/radiorevelacionfm.cl\/index.php?rest_route=\/wp\/v2\/posts\/43418\/revisions"}],"predecessor-version":[{"id":43420,"href":"https:\/\/radiorevelacionfm.cl\/index.php?rest_route=\/wp\/v2\/posts\/43418\/revisions\/43420"}],"wp:featuredmedia":[{"embeddable":true,"href":"https:\/\/radiorevelacionfm.cl\/index.php?rest_route=\/wp\/v2\/media\/43419"}],"wp:attachment":[{"href":"https:\/\/radiorevelacionfm.cl\/index.php?rest_route=%2Fwp%2Fv2%2Fmedia&parent=43418"}],"wp:term":[{"taxonomy":"category","embeddable":true,"href":"https:\/\/radiorevelacionfm.cl\/index.php?rest_route=%2Fwp%2Fv2%2Fcategories&post=43418"},{"taxonomy":"post_tag","embeddable":true,"href":"https:\/\/radiorevelacionfm.cl\/index.php?rest_route=%2Fwp%2Fv2%2Ftags&post=43418"}],"curies":[{"name":"wp","href":"https:\/\/api.w.org\/{rel}","templated":true}]}}