{"id":43415,"date":"2024-06-23T18:06:07","date_gmt":"2024-06-23T21:06:07","guid":{"rendered":"https:\/\/radiorevelacionfm.cl\/?p=43415"},"modified":"2024-06-23T18:06:07","modified_gmt":"2024-06-23T21:06:07","slug":"invitan-a-conversatorio-ciudades-sostenibles-conversemos-nuestra-ciudad","status":"publish","type":"post","link":"https:\/\/radiorevelacionfm.cl\/?p=43415","title":{"rendered":"Invitan a conversatorio \u201cCiudades Sostenibles: Conversemos nuestra ciudad\u201d"},"content":{"rendered":"<div class=\"flex_column av_one_full  flex_column_div av-zero-column-padding first  avia-builder-el-0  el_before_av_one_full  avia-builder-el-first  \" style='border-radius:0px; '><div  class='avia-image-container  av-styling-    avia-builder-el-1  avia-builder-el-no-sibling  avia-align-center '  itemprop=\"image\" itemscope=\"itemscope\" itemtype=\"https:\/\/schema.org\/ImageObject\"  ><div class='avia-image-container-inner'><div class='avia-image-overlay-wrap'><img decoding=\"async\" class='wp-image-43416 avia-img-lazy-loading-not-43416 avia_image' src=\"https:\/\/radiorevelacionfm.cl\/wp-content\/uploads\/2024\/06\/1-74-1_optimized.jpeg\" alt='' title='1-(74)-(1)_optimized' height=\"600\" width=\"892\"  itemprop=\"thumbnailUrl\" srcset=\"https:\/\/radiorevelacionfm.cl\/wp-content\/uploads\/2024\/06\/1-74-1_optimized.jpeg 892w, https:\/\/radiorevelacionfm.cl\/wp-content\/uploads\/2024\/06\/1-74-1_optimized-300x202.jpeg 300w, https:\/\/radiorevelacionfm.cl\/wp-content\/uploads\/2024\/06\/1-74-1_optimized-768x517.jpeg 768w, https:\/\/radiorevelacionfm.cl\/wp-content\/uploads\/2024\/06\/1-74-1_optimized-705x474.jpeg 705w, https:\/\/radiorevelacionfm.cl\/wp-content\/uploads\/2024\/06\/1-74-1_optimized-450x303.jpeg 450w, https:\/\/radiorevelacionfm.cl\/wp-content\/uploads\/2024\/06\/1-74-1_optimized-600x404.jpeg 600w\" sizes=\"(max-width: 892px) 100vw, 892px\" \/><\/div><\/div><\/div><\/div><div class=\"flex_column av_one_full  flex_column_div av-zero-column-padding first  avia-builder-el-2  el_after_av_one_full  el_before_av_one_full  column-top-margin\" style='border-radius:0px; '><section class=\"av_textblock_section \"  itemscope=\"itemscope\" itemtype=\"https:\/\/schema.org\/BlogPosting\" itemprop=\"blogPost\" ><div class='avia_textblock  '   itemprop=\"text\" ><p style=\"text-align: center;\"><span style=\"font-size: 18pt;\"><strong>Invitan a conversatorio \u201cCiudades Sostenibles: Conversemos nuestra ciudad\u201d<\/strong><\/span><\/p>\n<div id=\"gtx-trans\" style=\"position: absolute; left: -50px; top: 4.31534px;\">\n<div class=\"gtx-trans-icon\"><\/div>\n<\/div>\n<\/div><\/section><\/div><div class=\"flex_column av_one_full  flex_column_div av-zero-column-padding first  avia-builder-el-4  el_after_av_one_full  el_before_av_hr  column-top-margin\" style='border-radius:0px; '><section class=\"av_textblock_section \"  itemscope=\"itemscope\" itemtype=\"https:\/\/schema.org\/BlogPosting\" itemprop=\"blogPost\" ><div class='avia_textblock  '   itemprop=\"text\" ><p style=\"text-align: justify;\">Este jueves 25 de junio, en el Centro Cultural de Coyhaique, la Mesa Ays\u00e9n de la Pol\u00edtica Nacional de Educaci\u00f3n para el Desarrollo Sostenible PNEDS, est\u00e1 convocando a participar del conversatorio \u201cCiudades Sostenibles: Conversemos nuestra ciudad\u201d, actividad dirigida a estudiantes de entre s\u00e9ptimo a\u00f1o b\u00e1sico y cuarto a\u00f1o medio, para repensar e idear en conjunto espacios m\u00e1s armoniosos con el medio ambiente.<\/p>\n<p style=\"text-align: justify;\">La actividad se enmarca en la gesti\u00f3n de la mesa Interinstitucional PNEDS, que en la regi\u00f3n de Ays\u00e9n re\u00fane a 21 instituciones p\u00fablicas, privadas y organizaciones de la sociedad civil, que a\u00f1o a a\u00f1o promueven buenas pr\u00e1cticas ambientales. El tema de trabajo que la mesa se ha planteado para el a\u00f1o 2024 es la Agenda 2030: Objetivos de Desarrollo Sustentable ODS \u00a0acotando, en esta oportunidad, el enfoque hacia el\u00a0 ODS 11, Ciudades y comunidades sostenibles.<\/p>\n<p style=\"text-align: justify;\">\u201cHacer una invitaci\u00f3n a todos los j\u00f3venes, a los adultos tambi\u00e9n a que podamos conversar y generar una instancia de educaci\u00f3n, de formar valores, conocimiento y por sobre todo el desarrollo de ciudadan\u00eda, de futuro consciente, con un con una proyecci\u00f3n de futuro para precisamente nuestra ciudad, hacerles esta invitaci\u00f3n que se desarrolla bajo el Objetivo de Desarrollo Sostenible n\u00famero 11, que son nuestras ciudades sostenibles\u201d, invit\u00f3 el alcalde de Coyhaique, Carlos Gatica desde la actual presidencia de la mesa Ays\u00e9n PNEDS.<\/p>\n<p style=\"text-align: justify;\">La jornada iniciar\u00e1 con la exposici\u00f3n del director ejecutivo de Corporaci\u00f3n Ciudades, Mart\u00edn Andrade, para luego realizar un taller en donde se socializar\u00e1 parte del trabajo previo solicitado a diversos establecimientos educacionales, en torno a la reflexi\u00f3n de las \u00e1reas del desarrollo que deben considerarse para una Ciudad Sostenible, c\u00f3mo se abordan actualmente en las ciudades de Ays\u00e9n y cu\u00e1l es el ideal que sue\u00f1an para cada una de sus ciudades.<\/p>\n<p style=\"text-align: justify;\"><strong>Estrategia Nacional de Implementaci\u00f3n de la Agenda 2030<\/strong><\/p>\n<p style=\"text-align: justify;\">As\u00ed tambi\u00e9n, el Seremi del Medio Ambiente, Yoal D\u00edaz coment\u00f3 que\u00a0 la actividad se encuentra en sinton\u00eda con la Agenda 2030, que representa un llamado a la acci\u00f3n en favor de un futuro justo, sostenible y equitativo para todas y todos, anunciando que en el marco de su estrategia de implementaci\u00f3n, \u00a0la regi\u00f3n de Ays\u00e9n \u2013 durante el a\u00f1o 2024 &#8211; ser\u00e1 piloto para la implementaci\u00f3n de un consejo de articulaci\u00f3n regional de la Agenda 2030 (ODS) \u201cla actividad a la que hoy estamos convocando revela un proceso profundo que estamos desarrollando como Gobierno de plantear una hoja de ruta cocreada con\u00a0 diversos mecanismos de participaci\u00f3n. Antes mediante un trabajo fuerte de diagn\u00f3stico de brechas y hoy en este acercamiento con la comunidad y especialmente con los y las j\u00f3venes para visibilizar la y poner en valor la\u00a0 discusi\u00f3n sobre la sociedad que queremos construir\u201d, recalc\u00f3 el Seremi del Medio Ambiente.<\/p>\n<p style=\"text-align: justify;\">El Consejo Nacional para la Implementaci\u00f3n de la Agenda 2030 defini\u00f3 como elemento base para la estrategia un proceso participativo que considerara consultas ciudadanas en todas las regiones del pa\u00eds (Di\u00e1logos Regionales por la Sostenibilidad), instancia que en Ays\u00e9n tuvo lugar en noviembre 2022 enfoc\u00e1ndose en a 3 temas centrales: ambiental, econ\u00f3mico y social. La informaci\u00f3n recopilada se organiz\u00f3 en torno a los cinco ejes de acci\u00f3n de la Agenda 2030: Personas, Planeta, Prosperidad, Paz, Justicia e Instituciones s\u00f3lidas, y Alianzas.<\/p>\n<p style=\"text-align: justify;\"><strong>Mesa de la Pol\u00edtica de educaci\u00f3n <\/strong><\/p>\n<p style=\"text-align: justify;\">La mesa PNEDS nace en el marco de la Asamblea General de las Naciones Unidas y el compromiso de Chile en integrar la Educaci\u00f3n para el Desarrollo Sustentable dentro de sus ejes, solicitando a cada una de las regiones del pa\u00eds que implementaran una red de trabajo a trav\u00e9s de la constituci\u00f3n de mesas que estuvieran conformadas por diversos actores locales. La mesa Ays\u00e9n de la PNEDS se constituy\u00f3\u0301 el a\u00f1o 2005, siendo la SEREMI del Medio Ambiente responsable de la Secretar\u00eda Ejecutiva; actualmente quien preside esta instancia es la Municipalidad de Coyhaique.<\/p>\n<p style=\"text-align: justify;\">La Pol\u00edtica Nacional de Educaci\u00f3n para el Desarrollo Sustentable \u2013 PNEDS fue aprobada en \u00a02009 con el objetivo de: \u201cFormar personas y ciudadanos capaces de asumir individual y colectivamente la responsabilidad de crear y disfrutar de una sociedad sustentable y contribuir al fortalecimiento de procesos educativos que permitan instalar y desarrollar valores, conceptos, habilidades, competencias y actitudes para la sustentabilidad en la ciudadan\u00eda en su conjunto.<\/p>\n<p style=\"text-align: justify;\">Actualmente, la mesa PNEDS esta\u0301 conformada por 21 instituciones, Municipalidades de Coyhaique y Ays\u00e9n, Patagonia sin Residuos, Corporaci\u00f3n Patagonia Viva, Fundaci\u00f3n para la Superaci\u00f3n de la Pobreza, SalmonChile, AQUA Chile, Aguas Patagonia, Patagonia Sostenible; SEREMIS de Salud, Energ\u00eda, \u00a0Medio Ambiente; Direcci\u00f3n Provincial de Educaci\u00f3n; Servicio Local de Educaci\u00f3n P\u00fablica \u2013 SLEP Ays\u00e9n; CONAF; GORE Ays\u00e9n; PAR EXPLORA UACH; SERNATUR; Museo Regional de Ays\u00e9n; Comunidades Portal y Tesorer\u00eda General de la Rep\u00fablica.<\/p>\n<\/div><\/section><\/div><div  style='height:50px' class='hr hr-invisible   avia-builder-el-6  el_after_av_one_full  el_before_av_social_share '><span class='hr-inner ' ><span class='hr-inner-style'><\/span><\/span><\/div><\/p>\n<div  class='av-social-sharing-box  avia-builder-el-7  el_after_av_hr  el_before_av_hr  '><div class='av-share-box'><h5 class='av-share-link-description av-no-toc '>Compartir esta noticia<\/h5><ul class='av-share-box-list noLightbox'><li class='av-share-link av-social-link-facebook' ><a target=\"_blank\" aria-label=\"Compartir en Facebook\" href='https:\/\/www.facebook.com\/sharer.php?u=https:\/\/radiorevelacionfm.cl\/?p=43415&#038;t=Invitan%20a%20conversatorio%20%E2%80%9CCiudades%20Sostenibles%3A%20Conversemos%20nuestra%20ciudad%E2%80%9D' aria-hidden='false' data-av_icon='\ue8f3' data-av_iconfont='entypo-fontello' title='' data-avia-related-tooltip='Compartir en Facebook' rel=\"noopener\"><span class='avia_hidden_link_text'>Compartir en Facebook<\/span><\/a><\/li><li class='av-share-link av-social-link-twitter' ><a target=\"_blank\" aria-label=\"Compartir en Twitter\" href='https:\/\/twitter.com\/share?text=Invitan%20a%20conversatorio%20%E2%80%9CCiudades%20Sostenibles%3A%20Conversemos%20nuestra%20ciudad%E2%80%9D&#038;url=https:\/\/radiorevelacionfm.cl\/?p=43415' aria-hidden='false' data-av_icon='\ue8f1' data-av_iconfont='entypo-fontello' title='' data-avia-related-tooltip='Compartir en Twitter' rel=\"noopener\"><span class='avia_hidden_link_text'>Compartir en Twitter<\/span><\/a><\/li><li class='av-share-link av-social-link-whatsapp' ><a target=\"_blank\" aria-label=\"Compartir en Whatsapp\" href='https:\/\/api.whatsapp.com\/send?text=https:\/\/radiorevelacionfm.cl\/?p=43415' aria-hidden='false' data-av_icon='\uf232' data-av_iconfont='entypo-fontello' title='' data-avia-related-tooltip='Compartir en Whatsapp' rel=\"noopener\"><span class='avia_hidden_link_text'>Compartir en Whatsapp<\/span><\/a><\/li><li class='av-share-link av-social-link-linkedin' ><a target=\"_blank\" aria-label=\"Compartir en LinkedIn\" href='https:\/\/linkedin.com\/shareArticle?mini=true&#038;title=Invitan%20a%20conversatorio%20%E2%80%9CCiudades%20Sostenibles%3A%20Conversemos%20nuestra%20ciudad%E2%80%9D&#038;url=https:\/\/radiorevelacionfm.cl\/?p=43415' aria-hidden='false' data-av_icon='\ue8fc' data-av_iconfont='entypo-fontello' title='' data-avia-related-tooltip='Compartir en LinkedIn' rel=\"noopener\"><span class='avia_hidden_link_text'>Compartir en LinkedIn<\/span><\/a><\/li><li class='av-share-link av-social-link-mail' ><a  aria-label=\"Compartir por correo\" href='mailto:?subject=Invitan%20a%20conversatorio%20%E2%80%9CCiudades%20Sostenibles%3A%20Conversemos%20nuestra%20ciudad%E2%80%9D&#038;body=https:\/\/radiorevelacionfm.cl\/?p=43415' aria-hidden='false' data-av_icon='\ue805' data-av_iconfont='entypo-fontello' title='' data-avia-related-tooltip='Compartir por correo'><span class='avia_hidden_link_text'>Compartir por correo<\/span><\/a><\/li><\/ul><\/div><\/div>\n<div  style='height:50px' class='hr hr-invisible   avia-builder-el-8  el_after_av_social_share  el_before_av_comments_list '><span class='hr-inner ' ><span class='hr-inner-style'><\/span><\/span><\/div>\n<div  class='av-buildercomment  av-blog-meta-html-info-disabled av-blog-meta-tag-disabled  '><\/div>\n","protected":false},"excerpt":{"rendered":"","protected":false},"author":1,"featured_media":43416,"comment_status":"open","ping_status":"open","sticky":false,"template":"","format":"standard","meta":{"footnotes":""},"categories":[39],"tags":[],"class_list":["post-43415","post","type-post","status-publish","format-standard","has-post-thumbnail","hentry","category-medio-ambiente"],"jetpack_featured_media_url":"https:\/\/radiorevelacionfm.cl\/wp-content\/uploads\/2024\/06\/1-74-1_optimized.jpeg","_links":{"self":[{"href":"https:\/\/radiorevelacionfm.cl\/index.php?rest_route=\/wp\/v2\/posts\/43415","targetHints":{"allow":["GET"]}}],"collection":[{"href":"https:\/\/radiorevelacionfm.cl\/index.php?rest_route=\/wp\/v2\/posts"}],"about":[{"href":"https:\/\/radiorevelacionfm.cl\/index.php?rest_route=\/wp\/v2\/types\/post"}],"author":[{"embeddable":true,"href":"https:\/\/radiorevelacionfm.cl\/index.php?rest_route=\/wp\/v2\/users\/1"}],"replies":[{"embeddable":true,"href":"https:\/\/radiorevelacionfm.cl\/index.php?rest_route=%2Fwp%2Fv2%2Fcomments&post=43415"}],"version-history":[{"count":1,"href":"https:\/\/radiorevelacionfm.cl\/index.php?rest_route=\/wp\/v2\/posts\/43415\/revisions"}],"predecessor-version":[{"id":43417,"href":"https:\/\/radiorevelacionfm.cl\/index.php?rest_route=\/wp\/v2\/posts\/43415\/revisions\/43417"}],"wp:featuredmedia":[{"embeddable":true,"href":"https:\/\/radiorevelacionfm.cl\/index.php?rest_route=\/wp\/v2\/media\/43416"}],"wp:attachment":[{"href":"https:\/\/radiorevelacionfm.cl\/index.php?rest_route=%2Fwp%2Fv2%2Fmedia&parent=43415"}],"wp:term":[{"taxonomy":"category","embeddable":true,"href":"https:\/\/radiorevelacionfm.cl\/index.php?rest_route=%2Fwp%2Fv2%2Fcategories&post=43415"},{"taxonomy":"post_tag","embeddable":true,"href":"https:\/\/radiorevelacionfm.cl\/index.php?rest_route=%2Fwp%2Fv2%2Ftags&post=43415"}],"curies":[{"name":"wp","href":"https:\/\/api.w.org\/{rel}","templated":true}]}}