{"id":4341,"date":"2021-05-20T11:55:33","date_gmt":"2021-05-20T14:55:33","guid":{"rendered":"https:\/\/radiorevelacionfm.cl\/?p=4341"},"modified":"2021-05-20T11:55:33","modified_gmt":"2021-05-20T14:55:33","slug":"presidenta-de-la-corte-de-coyhaique-se-reune-con-jueces-de-policia-local-de-la-jurisdiccion","status":"publish","type":"post","link":"https:\/\/radiorevelacionfm.cl\/?p=4341","title":{"rendered":"Presidenta de la Corte de Coyhaique se re\u00fane con Jueces de Polic\u00eda Local de la jurisdicci\u00f3n"},"content":{"rendered":"<div class=\"flex_column av_one_full  flex_column_div av-zero-column-padding first  avia-builder-el-0  el_before_av_one_full  avia-builder-el-first  \" style='border-radius:0px; '><div  class='avia-image-container  av-styling-    avia-builder-el-1  avia-builder-el-no-sibling  avia-align-center '  itemprop=\"image\" itemscope=\"itemscope\" itemtype=\"https:\/\/schema.org\/ImageObject\"  ><div class='avia-image-container-inner'><div class='avia-image-overlay-wrap'><img decoding=\"async\" class='wp-image-0 avia-img-lazy-loading-not-0 avia_image' src=\"https:\/\/radiorevelacionfm.cl\/wp-content\/uploads\/2021\/05\/Foto-01-1.jpg\" alt='' title=''   itemprop=\"thumbnailUrl\"  \/><\/div><\/div><\/div><\/div><div class=\"flex_column av_one_full  flex_column_div av-zero-column-padding first  avia-builder-el-2  el_after_av_one_full  el_before_av_one_full  column-top-margin\" style='border-radius:0px; '><section class=\"av_textblock_section \"  itemscope=\"itemscope\" itemtype=\"https:\/\/schema.org\/BlogPosting\" itemprop=\"blogPost\" ><div class='avia_textblock  '   itemprop=\"text\" ><p style=\"text-align: center;\"><strong><span style=\"font-size: 18pt;\">Presidenta de la Corte de Coyhaique se re\u00fane con Jueces de Polic\u00eda Local de la jurisdicci\u00f3n<\/span><\/strong><\/p>\n<div id=\"gtx-trans\" style=\"position: absolute; left: -50px; top: 4.31534px;\">\n<div class=\"gtx-trans-icon\"><\/div>\n<\/div>\n<\/div><\/section><\/div><div class=\"flex_column av_one_full  flex_column_div av-zero-column-padding first  avia-builder-el-4  el_after_av_one_full  el_before_av_hr  column-top-margin\" style='border-radius:0px; '><section class=\"av_textblock_section \"  itemscope=\"itemscope\" itemtype=\"https:\/\/schema.org\/BlogPosting\" itemprop=\"blogPost\" ><div class='avia_textblock  '   itemprop=\"text\" ><p style=\"font-weight: 400; text-align: justify;\">Con el objetivo de interiorizarse en c\u00f3mo ha sido el trabajo de los Juzgados de Polic\u00eda Local de la jurisdicci\u00f3n -en periodo de pandemia- la presidenta de la Corte de Apelaciones de Coyhaique, ministra Natalia Rencoret Oliva, sostuvo una reuni\u00f3n de car\u00e1cter virtual con los ocho jueces que ejercen funciones desde la zona norte y hasta el extremo sur de Ays\u00e9n.<\/p>\n<p style=\"font-weight: 400; text-align: justify;\">En la instancia desarrollada el -lunes 17 de mayo- los magistrados informaron las medidas preventivas adoptadas para el resguardo de la salud, tanto de los usuarios como de los funcionarios.<\/p>\n<p style=\"font-weight: 400; text-align: justify;\">En este sentido, la ministra explic\u00f3 que: \u201cFue una reuni\u00f3n muy positiva, me informaron c\u00f3mo han abordado la labor de administraci\u00f3n de justicia, en especial sobre los resguardos que se deben tener dado el Covid-19. Y en su gran mayor\u00eda los juzgados han podido establecer mecanismos como el teletrabajo y atenci\u00f3n de p\u00fablico virtual como las videollamadas, correo electr\u00f3nico, atenci\u00f3n telef\u00f3nica y semipresencial, con los resguardos permitidos por la autoridad sanitaria. Incluso han podido habilitar transferencias electr\u00f3nicas para el pago de multas\u201d.<\/p>\n<p style=\"font-weight: 400; text-align: justify;\">Otro de los temas abordados fue el considerable aumento -en pandemia- de causas por ley de alcoholes, ruidos molestos, ordenanzas respecto al uso de mascarilla y ley del consumidor.<\/p>\n<p style=\"font-weight: 400; text-align: justify;\">Los jueces plantearon a la presidenta del tribunal de alzada, la posibilidad de implementar diversas capacitaciones dirigidas a los funcionarios de los juzgados, en tem\u00e1ticas como: Ley de Bosques; Ley del Consumidor, Ley de Bancos; procedimientos y redacci\u00f3n de sentencias, entre otras.<\/p>\n<\/div><\/section><\/div><div  style='height:50px' class='hr hr-invisible   avia-builder-el-6  el_after_av_one_full  el_before_av_social_share '><span class='hr-inner ' ><span class='hr-inner-style'><\/span><\/span><\/div><\/p>\n<div  class='av-social-sharing-box  avia-builder-el-7  el_after_av_hr  el_before_av_hr  '><div class='av-share-box'><h5 class='av-share-link-description av-no-toc '>Compartir esta noticia<\/h5><ul class='av-share-box-list noLightbox'><li class='av-share-link av-social-link-facebook' ><a target=\"_blank\" aria-label=\"Compartir en Facebook\" href='https:\/\/www.facebook.com\/sharer.php?u=https:\/\/radiorevelacionfm.cl\/?p=4341&#038;t=Presidenta%20de%20la%20Corte%20de%20Coyhaique%20se%20re%C3%BAne%20con%20Jueces%20de%20Polic%C3%ADa%20Local%20de%20la%20jurisdicci%C3%B3n' aria-hidden='false' data-av_icon='\ue8f3' data-av_iconfont='entypo-fontello' title='' data-avia-related-tooltip='Compartir en Facebook' rel=\"noopener\"><span class='avia_hidden_link_text'>Compartir en Facebook<\/span><\/a><\/li><li class='av-share-link av-social-link-twitter' ><a target=\"_blank\" aria-label=\"Compartir en Twitter\" href='https:\/\/twitter.com\/share?text=Presidenta%20de%20la%20Corte%20de%20Coyhaique%20se%20re%C3%BAne%20con%20Jueces%20de%20Polic%C3%ADa%20Local%20de%20la%20jurisdicci%C3%B3n&#038;url=https:\/\/radiorevelacionfm.cl\/?p=4341' aria-hidden='false' data-av_icon='\ue8f1' data-av_iconfont='entypo-fontello' title='' data-avia-related-tooltip='Compartir en Twitter' rel=\"noopener\"><span class='avia_hidden_link_text'>Compartir en Twitter<\/span><\/a><\/li><li class='av-share-link av-social-link-whatsapp' ><a target=\"_blank\" aria-label=\"Compartir en Whatsapp\" href='https:\/\/api.whatsapp.com\/send?text=https:\/\/radiorevelacionfm.cl\/?p=4341' aria-hidden='false' data-av_icon='\uf232' data-av_iconfont='entypo-fontello' title='' data-avia-related-tooltip='Compartir en Whatsapp' rel=\"noopener\"><span class='avia_hidden_link_text'>Compartir en Whatsapp<\/span><\/a><\/li><li class='av-share-link av-social-link-linkedin' ><a target=\"_blank\" aria-label=\"Compartir en LinkedIn\" href='https:\/\/linkedin.com\/shareArticle?mini=true&#038;title=Presidenta%20de%20la%20Corte%20de%20Coyhaique%20se%20re%C3%BAne%20con%20Jueces%20de%20Polic%C3%ADa%20Local%20de%20la%20jurisdicci%C3%B3n&#038;url=https:\/\/radiorevelacionfm.cl\/?p=4341' aria-hidden='false' data-av_icon='\ue8fc' data-av_iconfont='entypo-fontello' title='' data-avia-related-tooltip='Compartir en LinkedIn' rel=\"noopener\"><span class='avia_hidden_link_text'>Compartir en LinkedIn<\/span><\/a><\/li><li class='av-share-link av-social-link-mail' ><a  aria-label=\"Compartir por correo\" href='mailto:?subject=Presidenta%20de%20la%20Corte%20de%20Coyhaique%20se%20re%C3%BAne%20con%20Jueces%20de%20Polic%C3%ADa%20Local%20de%20la%20jurisdicci%C3%B3n&#038;body=https:\/\/radiorevelacionfm.cl\/?p=4341' aria-hidden='false' data-av_icon='\ue805' data-av_iconfont='entypo-fontello' title='' data-avia-related-tooltip='Compartir por correo'><span class='avia_hidden_link_text'>Compartir por correo<\/span><\/a><\/li><\/ul><\/div><\/div>\n<div  style='height:50px' class='hr hr-invisible   avia-builder-el-8  el_after_av_social_share  el_before_av_comments_list '><span class='hr-inner ' ><span class='hr-inner-style'><\/span><\/span><\/div>\n<div  class='av-buildercomment  av-blog-meta-html-info-disabled av-blog-meta-tag-disabled  '><\/div>\n","protected":false},"excerpt":{"rendered":"","protected":false},"author":1,"featured_media":0,"comment_status":"open","ping_status":"open","sticky":false,"template":"","format":"standard","meta":{"footnotes":""},"categories":[55],"tags":[],"class_list":["post-4341","post","type-post","status-publish","format-standard","hentry","category-justicia"],"jetpack_featured_media_url":"","_links":{"self":[{"href":"https:\/\/radiorevelacionfm.cl\/index.php?rest_route=\/wp\/v2\/posts\/4341","targetHints":{"allow":["GET"]}}],"collection":[{"href":"https:\/\/radiorevelacionfm.cl\/index.php?rest_route=\/wp\/v2\/posts"}],"about":[{"href":"https:\/\/radiorevelacionfm.cl\/index.php?rest_route=\/wp\/v2\/types\/post"}],"author":[{"embeddable":true,"href":"https:\/\/radiorevelacionfm.cl\/index.php?rest_route=\/wp\/v2\/users\/1"}],"replies":[{"embeddable":true,"href":"https:\/\/radiorevelacionfm.cl\/index.php?rest_route=%2Fwp%2Fv2%2Fcomments&post=4341"}],"version-history":[{"count":1,"href":"https:\/\/radiorevelacionfm.cl\/index.php?rest_route=\/wp\/v2\/posts\/4341\/revisions"}],"predecessor-version":[{"id":4343,"href":"https:\/\/radiorevelacionfm.cl\/index.php?rest_route=\/wp\/v2\/posts\/4341\/revisions\/4343"}],"wp:attachment":[{"href":"https:\/\/radiorevelacionfm.cl\/index.php?rest_route=%2Fwp%2Fv2%2Fmedia&parent=4341"}],"wp:term":[{"taxonomy":"category","embeddable":true,"href":"https:\/\/radiorevelacionfm.cl\/index.php?rest_route=%2Fwp%2Fv2%2Fcategories&post=4341"},{"taxonomy":"post_tag","embeddable":true,"href":"https:\/\/radiorevelacionfm.cl\/index.php?rest_route=%2Fwp%2Fv2%2Ftags&post=4341"}],"curies":[{"name":"wp","href":"https:\/\/api.w.org\/{rel}","templated":true}]}}