{"id":43409,"date":"2024-06-24T11:22:31","date_gmt":"2024-06-24T14:22:31","guid":{"rendered":"https:\/\/radiorevelacionfm.cl\/?p=43409"},"modified":"2024-06-24T11:22:31","modified_gmt":"2024-06-24T14:22:31","slug":"seremi-de-trabajo-y-prevision-social-aysen-invita-a-conversatorios-sobre-la-ley-karin","status":"publish","type":"post","link":"https:\/\/radiorevelacionfm.cl\/?p=43409","title":{"rendered":"Seremi de Trabajo y Previsi\u00f3n Social Ays\u00e9n invita a conversatorios sobre la Ley Karin"},"content":{"rendered":"<div class=\"flex_column av_one_full  flex_column_div av-zero-column-padding first  avia-builder-el-0  el_before_av_one_full  avia-builder-el-first  \" style='border-radius:0px; '><div  class='avia-image-container  av-styling-    avia-builder-el-1  avia-builder-el-no-sibling  avia-align-center '  itemprop=\"image\" itemscope=\"itemscope\" itemtype=\"https:\/\/schema.org\/ImageObject\"  ><div class='avia-image-container-inner'><div class='avia-image-overlay-wrap'><img decoding=\"async\" class='wp-image-43410 avia-img-lazy-loading-not-43410 avia_image' src=\"https:\/\/radiorevelacionfm.cl\/wp-content\/uploads\/2024\/06\/conversatorioleykarin_coyhaique_25junio2024-1-1_optimized.jpg\" alt='' title='conversatorioleykarin_coyhaique_25junio2024-(1)-(1)_optimized' height=\"800\" width=\"800\"  itemprop=\"thumbnailUrl\" srcset=\"https:\/\/radiorevelacionfm.cl\/wp-content\/uploads\/2024\/06\/conversatorioleykarin_coyhaique_25junio2024-1-1_optimized.jpg 800w, https:\/\/radiorevelacionfm.cl\/wp-content\/uploads\/2024\/06\/conversatorioleykarin_coyhaique_25junio2024-1-1_optimized-300x300.jpg 300w, https:\/\/radiorevelacionfm.cl\/wp-content\/uploads\/2024\/06\/conversatorioleykarin_coyhaique_25junio2024-1-1_optimized-80x80.jpg 80w, https:\/\/radiorevelacionfm.cl\/wp-content\/uploads\/2024\/06\/conversatorioleykarin_coyhaique_25junio2024-1-1_optimized-768x768.jpg 768w, https:\/\/radiorevelacionfm.cl\/wp-content\/uploads\/2024\/06\/conversatorioleykarin_coyhaique_25junio2024-1-1_optimized-36x36.jpg 36w, https:\/\/radiorevelacionfm.cl\/wp-content\/uploads\/2024\/06\/conversatorioleykarin_coyhaique_25junio2024-1-1_optimized-180x180.jpg 180w, https:\/\/radiorevelacionfm.cl\/wp-content\/uploads\/2024\/06\/conversatorioleykarin_coyhaique_25junio2024-1-1_optimized-705x705.jpg 705w, https:\/\/radiorevelacionfm.cl\/wp-content\/uploads\/2024\/06\/conversatorioleykarin_coyhaique_25junio2024-1-1_optimized-120x120.jpg 120w, https:\/\/radiorevelacionfm.cl\/wp-content\/uploads\/2024\/06\/conversatorioleykarin_coyhaique_25junio2024-1-1_optimized-450x450.jpg 450w, https:\/\/radiorevelacionfm.cl\/wp-content\/uploads\/2024\/06\/conversatorioleykarin_coyhaique_25junio2024-1-1_optimized-600x600.jpg 600w, https:\/\/radiorevelacionfm.cl\/wp-content\/uploads\/2024\/06\/conversatorioleykarin_coyhaique_25junio2024-1-1_optimized-100x100.jpg 100w\" sizes=\"(max-width: 800px) 100vw, 800px\" \/><\/div><\/div><\/div><\/div><div class=\"flex_column av_one_full  flex_column_div av-zero-column-padding first  avia-builder-el-2  el_after_av_one_full  el_before_av_one_full  column-top-margin\" style='border-radius:0px; '><section class=\"av_textblock_section \"  itemscope=\"itemscope\" itemtype=\"https:\/\/schema.org\/BlogPosting\" itemprop=\"blogPost\" ><div class='avia_textblock  '   itemprop=\"text\" ><p style=\"text-align: center;\"><strong><span style=\"font-size: 18pt;\">Seremi de Trabajo y Previsi\u00f3n Social Ays\u00e9n invita a conversatorios sobre la Ley Karin<\/span><\/strong><\/p>\n<div id=\"gtx-trans\" style=\"position: absolute; left: -50px; top: 4.31534px;\">\n<div class=\"gtx-trans-icon\"><\/div>\n<\/div>\n<\/div><\/section><\/div><div class=\"flex_column av_one_full  flex_column_div av-zero-column-padding first  avia-builder-el-4  el_after_av_one_full  el_before_av_hr  column-top-margin\" style='border-radius:0px; '><section class=\"av_textblock_section \"  itemscope=\"itemscope\" itemtype=\"https:\/\/schema.org\/BlogPosting\" itemprop=\"blogPost\" ><div class='avia_textblock  '   itemprop=\"text\" ><p style=\"text-align: justify;\">Este 1 de agosto entra en vigencia la Ley 21.643, iniciativa del Ministerio del Trabajo y Previsi\u00f3n Social, promulgada por el Presidente Gabriel Boric en enero de 2024 y que\u00a0modifica el C\u00f3digo del Trabajo y otros cuerpos legales, en materia de prevenci\u00f3n, investigaci\u00f3n y sanci\u00f3n del acoso laboral, sexual o de violencia en el trabajo.<\/p>\n<p style=\"text-align: justify;\">Para difundir la ley y algunos de sus aspectos- como el protocolo de prevenci\u00f3n que las empresas e instituciones deber\u00e1n tener- el Seremi del Trabajo y Previsi\u00f3n Social de Ays\u00e9n junto a la Direcci\u00f3n del Trabajo, SUSESO y el Instituto de Previsi\u00f3n Social est\u00e1n organizando una serie de conversatorios en las cuatro capitales de provincia.<\/p>\n<p style=\"text-align: justify;\">Sobre la nueva norma, el Seremi de Trabajo y Previsi\u00f3n Social, Rodrigo D\u00edaz Cordaro, explic\u00f3, \u00abLa Ley Karin nace a partir de la ratificaci\u00f3n del Convenio 190 de la OIT por parte de Chile, y a partir de la tr\u00e1gica muerte de una profesional de la salud en la Regi\u00f3n de \u00d1uble. A trav\u00e9s de esta nueva normativa, se reafirma nuestro compromiso como Gobierno con el trato digno y el trabajo decente, esto es un cambio cultural organizacional, donde todos y todas debemos hacernos parte. Por ello, junto a la Direcci\u00f3n del Trabajo, la Superintendencia de Seguridad Social, SUSESO y el Instituto de Seguridad Laboral, ISL, revisaremos los aspectos m\u00e1s importantes de la ley, la circular de la SUSESO y el Dictamen de la Direcci\u00f3n del Trabajo, teniendo en cuenta que esta ley es de inter\u00e9s tanto para las y los trabajadores como para las y los empleadores del sector privado, municipal y p\u00fablico. Los esperamos en los conversatorios que estamos organizando en las cuatro capitales provinciales de la Regi\u00f3n de Ays\u00e9n, comenzando este martes 25 de junio, en Coyhaique\u00bb, afirm\u00f3.<\/p>\n<p style=\"text-align: justify;\">En Coyhaique, este martes 25 de junio el conversatorio se realizar\u00e1 en la Biblioteca Regional de Ays\u00e9n, a las 10:00; en Puerto Ays\u00e9n se desarrollar\u00e1 el 8 de julio a las 15:30 en la sede del Sindicato de Fr\u00edoSur en una instancia organizada junto al Consejo Tripartito de Usuarios de la DT; en Cochrane se efectuar\u00e1 el 10 de julio y en Chile Chico, el 11 de julio 2024 junto a las delegaciones presidenciales provinciales de Capit\u00e1n Prat y General Carrera.<\/p>\n<p style=\"text-align: justify;\">En las redes sociales @Mintrabaysen se pueden dejar preguntas previas a los conversatorios. Las inscripciones son en el mail\u00a0<a href=\"mailto:vpuchi@mintrab.gob.cl\">vpuchi@mintrab.gob.cl<\/a>.<\/p>\n<p style=\"text-align: justify;\">El Ministerio del Trabajo y Previsi\u00f3n Social lanz\u00f3 este semana un micrositio con la ley y documentos relacionados\u00a0<a href=\"http:\/\/www.leykarinparachile.cl\/\">www.leykarinparachile.cl<\/a>. Cabe mencionar que se espera que la Contralor\u00eda General de la Rep\u00fablica publique un dictamen con respecto a la norma, ya que es la instituci\u00f3n que tiene competencia en el \u00e1mbito municipal y p\u00fablico.<\/p>\n<\/div><\/section><\/div><div  style='height:50px' class='hr hr-invisible   avia-builder-el-6  el_after_av_one_full  el_before_av_social_share '><span class='hr-inner ' ><span class='hr-inner-style'><\/span><\/span><\/div><\/p>\n<div  class='av-social-sharing-box  avia-builder-el-7  el_after_av_hr  el_before_av_hr  '><div class='av-share-box'><h5 class='av-share-link-description av-no-toc '>Compartir esta noticia<\/h5><ul class='av-share-box-list noLightbox'><li class='av-share-link av-social-link-facebook' ><a target=\"_blank\" aria-label=\"Compartir en Facebook\" href='https:\/\/www.facebook.com\/sharer.php?u=https:\/\/radiorevelacionfm.cl\/?p=43409&#038;t=Seremi%20de%20Trabajo%20y%20Previsi%C3%B3n%20Social%20Ays%C3%A9n%20invita%20a%20conversatorios%20sobre%20la%20Ley%20Karin' aria-hidden='false' data-av_icon='\ue8f3' data-av_iconfont='entypo-fontello' title='' data-avia-related-tooltip='Compartir en Facebook' rel=\"noopener\"><span class='avia_hidden_link_text'>Compartir en Facebook<\/span><\/a><\/li><li class='av-share-link av-social-link-twitter' ><a target=\"_blank\" aria-label=\"Compartir en Twitter\" href='https:\/\/twitter.com\/share?text=Seremi%20de%20Trabajo%20y%20Previsi%C3%B3n%20Social%20Ays%C3%A9n%20invita%20a%20conversatorios%20sobre%20la%20Ley%20Karin&#038;url=https:\/\/radiorevelacionfm.cl\/?p=43409' aria-hidden='false' data-av_icon='\ue8f1' data-av_iconfont='entypo-fontello' title='' data-avia-related-tooltip='Compartir en Twitter' rel=\"noopener\"><span class='avia_hidden_link_text'>Compartir en Twitter<\/span><\/a><\/li><li class='av-share-link av-social-link-whatsapp' ><a target=\"_blank\" aria-label=\"Compartir en Whatsapp\" href='https:\/\/api.whatsapp.com\/send?text=https:\/\/radiorevelacionfm.cl\/?p=43409' aria-hidden='false' data-av_icon='\uf232' data-av_iconfont='entypo-fontello' title='' data-avia-related-tooltip='Compartir en Whatsapp' rel=\"noopener\"><span class='avia_hidden_link_text'>Compartir en Whatsapp<\/span><\/a><\/li><li class='av-share-link av-social-link-linkedin' ><a target=\"_blank\" aria-label=\"Compartir en LinkedIn\" href='https:\/\/linkedin.com\/shareArticle?mini=true&#038;title=Seremi%20de%20Trabajo%20y%20Previsi%C3%B3n%20Social%20Ays%C3%A9n%20invita%20a%20conversatorios%20sobre%20la%20Ley%20Karin&#038;url=https:\/\/radiorevelacionfm.cl\/?p=43409' aria-hidden='false' data-av_icon='\ue8fc' data-av_iconfont='entypo-fontello' title='' data-avia-related-tooltip='Compartir en LinkedIn' rel=\"noopener\"><span class='avia_hidden_link_text'>Compartir en LinkedIn<\/span><\/a><\/li><li class='av-share-link av-social-link-mail' ><a  aria-label=\"Compartir por correo\" href='mailto:?subject=Seremi%20de%20Trabajo%20y%20Previsi%C3%B3n%20Social%20Ays%C3%A9n%20invita%20a%20conversatorios%20sobre%20la%20Ley%20Karin&#038;body=https:\/\/radiorevelacionfm.cl\/?p=43409' aria-hidden='false' data-av_icon='\ue805' data-av_iconfont='entypo-fontello' title='' data-avia-related-tooltip='Compartir por correo'><span class='avia_hidden_link_text'>Compartir por correo<\/span><\/a><\/li><\/ul><\/div><\/div>\n<div  style='height:50px' class='hr hr-invisible   avia-builder-el-8  el_after_av_social_share  el_before_av_comments_list '><span class='hr-inner ' ><span class='hr-inner-style'><\/span><\/span><\/div>\n<div  class='av-buildercomment  av-blog-meta-html-info-disabled av-blog-meta-tag-disabled  '><\/div>\n","protected":false},"excerpt":{"rendered":"","protected":false},"author":1,"featured_media":43410,"comment_status":"open","ping_status":"open","sticky":false,"template":"","format":"standard","meta":{"footnotes":""},"categories":[56],"tags":[],"class_list":["post-43409","post","type-post","status-publish","format-standard","has-post-thumbnail","hentry","category-trabajo"],"jetpack_featured_media_url":"https:\/\/radiorevelacionfm.cl\/wp-content\/uploads\/2024\/06\/conversatorioleykarin_coyhaique_25junio2024-1-1_optimized.jpg","_links":{"self":[{"href":"https:\/\/radiorevelacionfm.cl\/index.php?rest_route=\/wp\/v2\/posts\/43409","targetHints":{"allow":["GET"]}}],"collection":[{"href":"https:\/\/radiorevelacionfm.cl\/index.php?rest_route=\/wp\/v2\/posts"}],"about":[{"href":"https:\/\/radiorevelacionfm.cl\/index.php?rest_route=\/wp\/v2\/types\/post"}],"author":[{"embeddable":true,"href":"https:\/\/radiorevelacionfm.cl\/index.php?rest_route=\/wp\/v2\/users\/1"}],"replies":[{"embeddable":true,"href":"https:\/\/radiorevelacionfm.cl\/index.php?rest_route=%2Fwp%2Fv2%2Fcomments&post=43409"}],"version-history":[{"count":1,"href":"https:\/\/radiorevelacionfm.cl\/index.php?rest_route=\/wp\/v2\/posts\/43409\/revisions"}],"predecessor-version":[{"id":43411,"href":"https:\/\/radiorevelacionfm.cl\/index.php?rest_route=\/wp\/v2\/posts\/43409\/revisions\/43411"}],"wp:featuredmedia":[{"embeddable":true,"href":"https:\/\/radiorevelacionfm.cl\/index.php?rest_route=\/wp\/v2\/media\/43410"}],"wp:attachment":[{"href":"https:\/\/radiorevelacionfm.cl\/index.php?rest_route=%2Fwp%2Fv2%2Fmedia&parent=43409"}],"wp:term":[{"taxonomy":"category","embeddable":true,"href":"https:\/\/radiorevelacionfm.cl\/index.php?rest_route=%2Fwp%2Fv2%2Fcategories&post=43409"},{"taxonomy":"post_tag","embeddable":true,"href":"https:\/\/radiorevelacionfm.cl\/index.php?rest_route=%2Fwp%2Fv2%2Ftags&post=43409"}],"curies":[{"name":"wp","href":"https:\/\/api.w.org\/{rel}","templated":true}]}}