{"id":43407,"date":"2024-06-23T17:11:11","date_gmt":"2024-06-23T20:11:11","guid":{"rendered":"https:\/\/radiorevelacionfm.cl\/?p=43407"},"modified":"2024-06-23T17:11:11","modified_gmt":"2024-06-23T20:11:11","slug":"diputada-raphael-solicita-mayores-recursos-para-el-programa-de-subsidios-termicos-en-la-region-de-aysen","status":"publish","type":"post","link":"https:\/\/radiorevelacionfm.cl\/?p=43407","title":{"rendered":"Diputada Raphael solicita mayores recursos para el programa de subsidios t\u00e9rmicos en la regi\u00f3n de Ays\u00e9n"},"content":{"rendered":"<div class=\"flex_column av_one_full  flex_column_div av-zero-column-padding first  avia-builder-el-0  el_before_av_one_full  avia-builder-el-first  \" style='border-radius:0px; '><div  class='avia-image-container  av-styling-    avia-builder-el-1  avia-builder-el-no-sibling  avia-align-center '  itemprop=\"image\" itemscope=\"itemscope\" itemtype=\"https:\/\/schema.org\/ImageObject\"  ><div class='avia-image-container-inner'><div class='avia-image-overlay-wrap'><img decoding=\"async\" class='wp-image-30195 avia-img-lazy-loading-not-30195 avia_image' src=\"https:\/\/radiorevelacionfm.cl\/wp-content\/uploads\/2023\/04\/Diputada-Marcia-Raphael-1-1.jpeg\" alt='' title='Diputada Marcia Raphael (1) (1)' height=\"600\" width=\"900\"  itemprop=\"thumbnailUrl\" srcset=\"https:\/\/radiorevelacionfm.cl\/wp-content\/uploads\/2023\/04\/Diputada-Marcia-Raphael-1-1.jpeg 900w, https:\/\/radiorevelacionfm.cl\/wp-content\/uploads\/2023\/04\/Diputada-Marcia-Raphael-1-1-300x200.jpeg 300w, https:\/\/radiorevelacionfm.cl\/wp-content\/uploads\/2023\/04\/Diputada-Marcia-Raphael-1-1-768x512.jpeg 768w, https:\/\/radiorevelacionfm.cl\/wp-content\/uploads\/2023\/04\/Diputada-Marcia-Raphael-1-1-705x470.jpeg 705w, https:\/\/radiorevelacionfm.cl\/wp-content\/uploads\/2023\/04\/Diputada-Marcia-Raphael-1-1-450x300.jpeg 450w, https:\/\/radiorevelacionfm.cl\/wp-content\/uploads\/2023\/04\/Diputada-Marcia-Raphael-1-1-600x400.jpeg 600w\" sizes=\"(max-width: 900px) 100vw, 900px\" \/><\/div><\/div><\/div><\/div><div class=\"flex_column av_one_full  flex_column_div av-zero-column-padding first  avia-builder-el-2  el_after_av_one_full  el_before_av_one_full  column-top-margin\" style='border-radius:0px; '><section class=\"av_textblock_section \"  itemscope=\"itemscope\" itemtype=\"https:\/\/schema.org\/BlogPosting\" itemprop=\"blogPost\" ><div class='avia_textblock  '   itemprop=\"text\" ><p style=\"text-align: center;\"><strong><span style=\"font-size: 18pt;\">Diputada Raphael solicita mayores recursos para el programa de subsidios t\u00e9rmicos en la regi\u00f3n de Ays\u00e9n<\/span><\/strong><\/p>\n<div id=\"gtx-trans\" style=\"position: absolute; left: -50px; top: 4.31534px;\">\n<div class=\"gtx-trans-icon\"><\/div>\n<\/div>\n<\/div><\/section><\/div><div class=\"flex_column av_one_full  flex_column_div av-zero-column-padding first  avia-builder-el-4  el_after_av_one_full  el_before_av_hr  column-top-margin\" style='border-radius:0px; '><section class=\"av_textblock_section \"  itemscope=\"itemscope\" itemtype=\"https:\/\/schema.org\/BlogPosting\" itemprop=\"blogPost\" ><div class='avia_textblock  '   itemprop=\"text\" ><p style=\"text-align: justify;\">La diputada Raphael hizo un llamado urgente a las autoridades del Minvu para que \u201cse tomen medidas inmediatas y se asignen los recursos necesarios para garantizar la continuidad y expansi\u00f3n del programa de subsidios t\u00e9rmicos PDA. La salud y el bienestar de los habitantes de la regi\u00f3n de Ays\u00e9n dependen de estas acciones\u201d.<\/p>\n<p style=\"text-align: justify;\">La diputada de Renovaci\u00f3n Nacional por la regi\u00f3n de Ays\u00e9n, Marcia Raphael, solicit\u00f3 al Ministerio de Vivienda que se asignen mayores recursos al programa de subsidios t\u00e9rmicos que forma parte del Plan de Descontaminaci\u00f3n Ambiental (PDA). Esta petici\u00f3n se debe a la alarmante disminuci\u00f3n de los subsidios ofrecidos para este a\u00f1o, los cuales, seg\u00fan denunci\u00f3 \u201cse han reducido a solo 46, cuando en a\u00f1os anteriores se han ofrecido hasta 1.300\u201d una cifra que la diputada considera \u201cinsuficiente y una burla para los habitantes de la regi\u00f3n\u201d.<\/p>\n<p style=\"text-align: justify;\">Seg\u00fan explic\u00f3 la legisladora en el marco de la comisi\u00f3n de Vivienda en la que particip\u00f3 el ministro de la cartera, Carlos Montes, \u00abCoyhaique es una de las ciudades con mayor contaminaci\u00f3n, llegando a ser una de las m\u00e1s afectadas en Am\u00e9rica Latina y sistem\u00e1ticamente sufre episodios cr\u00edticos de contaminaci\u00f3n que afecta a la calidad de vida, especialmente de ni\u00f1os y adultos mayores\u201d.<\/p>\n<p style=\"text-align: justify;\">Por lo anterior, continu\u00f3 se\u00f1alando que en la regi\u00f3n de Ays\u00e9n \u201cse lleva a cabo el tan necesario Plan de Descontaminaci\u00f3n Ambiental que, entre otras medidas, considera el revestimiento t\u00e9rmico y el recambio de calefactores. La experiencia en su ejecuci\u00f3n ha demostrado que, sin duda, el revestimiento t\u00e9rmico es una de las herramientas que m\u00e1s aporta a bajar y controlar la delicada situaci\u00f3n ambiental en la ciudad de Coyhaique\u201d.<\/p>\n<p style=\"text-align: justify;\">Asimismo, record\u00f3 que \u201cdurante el gobierno del presidente Pi\u00f1era se llevaron a cabo importantes esfuerzos en aumentar el n\u00famero de soluciones, contribuyendo enormemente al estado de las viviendas y a la calidad de vida de las familias. Ante un programa de subsidios exitoso, se comenz\u00f3 a otorgar no solamente en la capital regional, sino que se hicieron llamados para todas las comunas. Tal es as\u00ed que quiero entregar los siguientes datos\u201d:<\/p>\n<p style=\"text-align: justify;\">2019: 1.168 soluciones<\/p>\n<p style=\"text-align: justify;\">2020: 1.345 soluciones<\/p>\n<p style=\"text-align: justify;\">2021: 1.350 soluciones<\/p>\n<p style=\"text-align: justify;\">2022: 1.206 soluciones<\/p>\n<p style=\"text-align: justify;\">2023: 875 soluciones<\/p>\n<p style=\"text-align: justify;\">\u201cPara mayor preocupaci\u00f3n, el SERVIU ha se\u00f1alado que en el llamado subsidio t\u00e9rmico de este a\u00f1o ser\u00e1n menos de 50 soluciones. Menos de 50; esto ha causado la preocupaci\u00f3n de vecinos y tambi\u00e9n de la Asociaci\u00f3n Gremial de Entidades Patrocinantes\u201d, reclam\u00f3 la parlamentaria durante la sesi\u00f3n.<\/p>\n<p style=\"text-align: justify;\">M\u00e1s de 2 mil familias esperan contar con el beneficio.<\/p>\n<p style=\"text-align: justify;\">Sumado a lo anterior, la legisladora se\u00f1al\u00f3 que existe preocupaci\u00f3n de las familias \u201cdebido a las m\u00e1s de 800 carpetas que est\u00e1n hoy d\u00eda ingresadas desde el a\u00f1o pasado en el SERVIU y que no han sido entregadas con la respectiva revisi\u00f3n. Esto sumado a las 1.200 en espera para este a\u00f1o, nos se\u00f1ala que existen m\u00e1s de 2.000 familias a las que se les ha generado expectativa y no se les va a dar ninguna soluci\u00f3n durante este gobierno\u201d.<\/p>\n<p style=\"text-align: justify;\">\u201cY, por otro lado, nos encontramos con entidades patrocinantes sin proyectos, con las consecuencias de p\u00e9rdidas de empleo de estas y tambi\u00e9n de las empresas constructoras. Esto sin duda es una enorme problem\u00e1tica para una regi\u00f3n donde el invierno y la contaminaci\u00f3n son problemas constantes durante los meses de fr\u00edo. Lo que se suma a que nuestra econom\u00eda se sustenta casi en un 80 por ciento en inversi\u00f3n p\u00fablica\u201d, agreg\u00f3 m\u00e1s tarde.<\/p>\n<p style=\"text-align: justify;\">Finalmente, y debido a los argumentos expuestos, la diputada anunci\u00f3 que oficiar\u00e1 al ministro Carlos Montes y a la subsecretaria Gabriela Elgueta para que \u201crealicen las gestiones necesarias para obtener m\u00e1s recursos. Adem\u00e1s, me he contactado con los CORES a fin de que se gestione con el Gobierno Regional de Ays\u00e9n los recursos para financiar parte de este d\u00e9ficit de subsidios t\u00e9rmicos; s\u00f3lo se necesita la voluntad pol\u00edtica de la gobernadora y del Ministerio de Vivienda para que acepte este traspaso de recursos, y de esta forma ejecutar este programa de subsidio, que como ya se ha se\u00f1alado, les cambia efectivamente la vida a las familias.\u00bb<\/p>\n<p style=\"text-align: justify;\">\u201cEs fundamental otorgarle urgencia a esta situaci\u00f3n y que el gobierno act\u00fae de manera inmediata para asegurar que m\u00e1s familias puedan beneficiarse del subsidio t\u00e9rmico, mejorando as\u00ed la calidad de vida y salud de los habitantes de la regi\u00f3n de Ays\u00e9n\u201d, finaliz\u00f3.<\/p>\n<\/div><\/section><\/div><div  style='height:50px' class='hr hr-invisible   avia-builder-el-6  el_after_av_one_full  el_before_av_social_share '><span class='hr-inner ' ><span class='hr-inner-style'><\/span><\/span><\/div><\/p>\n<div  class='av-social-sharing-box  avia-builder-el-7  el_after_av_hr  el_before_av_hr  '><div class='av-share-box'><h5 class='av-share-link-description av-no-toc '>Compartir esta noticia<\/h5><ul class='av-share-box-list noLightbox'><li class='av-share-link av-social-link-facebook' ><a target=\"_blank\" aria-label=\"Compartir en Facebook\" href='https:\/\/www.facebook.com\/sharer.php?u=https:\/\/radiorevelacionfm.cl\/?p=43407&#038;t=Diputada%20Raphael%20solicita%20mayores%20recursos%20para%20el%20programa%20de%20subsidios%20t%C3%A9rmicos%20en%20la%20regi%C3%B3n%20de%20Ays%C3%A9n' aria-hidden='false' data-av_icon='\ue8f3' data-av_iconfont='entypo-fontello' title='' data-avia-related-tooltip='Compartir en Facebook' rel=\"noopener\"><span class='avia_hidden_link_text'>Compartir en Facebook<\/span><\/a><\/li><li class='av-share-link av-social-link-twitter' ><a target=\"_blank\" aria-label=\"Compartir en Twitter\" href='https:\/\/twitter.com\/share?text=Diputada%20Raphael%20solicita%20mayores%20recursos%20para%20el%20programa%20de%20subsidios%20t%C3%A9rmicos%20en%20la%20regi%C3%B3n%20de%20Ays%C3%A9n&#038;url=https:\/\/radiorevelacionfm.cl\/?p=43407' aria-hidden='false' data-av_icon='\ue8f1' data-av_iconfont='entypo-fontello' title='' data-avia-related-tooltip='Compartir en Twitter' rel=\"noopener\"><span class='avia_hidden_link_text'>Compartir en Twitter<\/span><\/a><\/li><li class='av-share-link av-social-link-whatsapp' ><a target=\"_blank\" aria-label=\"Compartir en Whatsapp\" href='https:\/\/api.whatsapp.com\/send?text=https:\/\/radiorevelacionfm.cl\/?p=43407' aria-hidden='false' data-av_icon='\uf232' data-av_iconfont='entypo-fontello' title='' data-avia-related-tooltip='Compartir en Whatsapp' rel=\"noopener\"><span class='avia_hidden_link_text'>Compartir en Whatsapp<\/span><\/a><\/li><li class='av-share-link av-social-link-linkedin' ><a target=\"_blank\" aria-label=\"Compartir en LinkedIn\" href='https:\/\/linkedin.com\/shareArticle?mini=true&#038;title=Diputada%20Raphael%20solicita%20mayores%20recursos%20para%20el%20programa%20de%20subsidios%20t%C3%A9rmicos%20en%20la%20regi%C3%B3n%20de%20Ays%C3%A9n&#038;url=https:\/\/radiorevelacionfm.cl\/?p=43407' aria-hidden='false' data-av_icon='\ue8fc' data-av_iconfont='entypo-fontello' title='' data-avia-related-tooltip='Compartir en LinkedIn' rel=\"noopener\"><span class='avia_hidden_link_text'>Compartir en LinkedIn<\/span><\/a><\/li><li class='av-share-link av-social-link-mail' ><a  aria-label=\"Compartir por correo\" href='mailto:?subject=Diputada%20Raphael%20solicita%20mayores%20recursos%20para%20el%20programa%20de%20subsidios%20t%C3%A9rmicos%20en%20la%20regi%C3%B3n%20de%20Ays%C3%A9n&#038;body=https:\/\/radiorevelacionfm.cl\/?p=43407' aria-hidden='false' data-av_icon='\ue805' data-av_iconfont='entypo-fontello' title='' data-avia-related-tooltip='Compartir por correo'><span class='avia_hidden_link_text'>Compartir por correo<\/span><\/a><\/li><\/ul><\/div><\/div>\n<div  style='height:50px' class='hr hr-invisible   avia-builder-el-8  el_after_av_social_share  el_before_av_comments_list '><span class='hr-inner ' ><span class='hr-inner-style'><\/span><\/span><\/div>\n<div  class='av-buildercomment  av-blog-meta-html-info-disabled av-blog-meta-tag-disabled  '><\/div>\n","protected":false},"excerpt":{"rendered":"","protected":false},"author":1,"featured_media":30195,"comment_status":"open","ping_status":"open","sticky":false,"template":"","format":"standard","meta":{"footnotes":""},"categories":[35],"tags":[],"class_list":["post-43407","post","type-post","status-publish","format-standard","has-post-thumbnail","hentry","category-politica"],"jetpack_featured_media_url":"https:\/\/radiorevelacionfm.cl\/wp-content\/uploads\/2023\/04\/Diputada-Marcia-Raphael-1-1.jpeg","_links":{"self":[{"href":"https:\/\/radiorevelacionfm.cl\/index.php?rest_route=\/wp\/v2\/posts\/43407","targetHints":{"allow":["GET"]}}],"collection":[{"href":"https:\/\/radiorevelacionfm.cl\/index.php?rest_route=\/wp\/v2\/posts"}],"about":[{"href":"https:\/\/radiorevelacionfm.cl\/index.php?rest_route=\/wp\/v2\/types\/post"}],"author":[{"embeddable":true,"href":"https:\/\/radiorevelacionfm.cl\/index.php?rest_route=\/wp\/v2\/users\/1"}],"replies":[{"embeddable":true,"href":"https:\/\/radiorevelacionfm.cl\/index.php?rest_route=%2Fwp%2Fv2%2Fcomments&post=43407"}],"version-history":[{"count":1,"href":"https:\/\/radiorevelacionfm.cl\/index.php?rest_route=\/wp\/v2\/posts\/43407\/revisions"}],"predecessor-version":[{"id":43408,"href":"https:\/\/radiorevelacionfm.cl\/index.php?rest_route=\/wp\/v2\/posts\/43407\/revisions\/43408"}],"wp:featuredmedia":[{"embeddable":true,"href":"https:\/\/radiorevelacionfm.cl\/index.php?rest_route=\/wp\/v2\/media\/30195"}],"wp:attachment":[{"href":"https:\/\/radiorevelacionfm.cl\/index.php?rest_route=%2Fwp%2Fv2%2Fmedia&parent=43407"}],"wp:term":[{"taxonomy":"category","embeddable":true,"href":"https:\/\/radiorevelacionfm.cl\/index.php?rest_route=%2Fwp%2Fv2%2Fcategories&post=43407"},{"taxonomy":"post_tag","embeddable":true,"href":"https:\/\/radiorevelacionfm.cl\/index.php?rest_route=%2Fwp%2Fv2%2Ftags&post=43407"}],"curies":[{"name":"wp","href":"https:\/\/api.w.org\/{rel}","templated":true}]}}