{"id":43404,"date":"2024-06-23T15:58:29","date_gmt":"2024-06-23T18:58:29","guid":{"rendered":"https:\/\/radiorevelacionfm.cl\/?p=43404"},"modified":"2024-06-23T15:58:29","modified_gmt":"2024-06-23T18:58:29","slug":"gobierno-despliega-servicios-ante-sistema-frontal-con-nevadas-y-bajas-temperaturas-en-aysen","status":"publish","type":"post","link":"https:\/\/radiorevelacionfm.cl\/?p=43404","title":{"rendered":"Gobierno despliega servicios ante sistema frontal con nevadas y bajas temperaturas en Ays\u00e9n"},"content":{"rendered":"<div class=\"flex_column av_one_full  flex_column_div av-zero-column-padding first  avia-builder-el-0  el_before_av_one_full  avia-builder-el-first  \" style='border-radius:0px; '><div  class='avia-image-container  av-styling-    avia-builder-el-1  avia-builder-el-no-sibling  avia-align-center '  itemprop=\"image\" itemscope=\"itemscope\" itemtype=\"https:\/\/schema.org\/ImageObject\"  ><div class='avia-image-container-inner'><div class='avia-image-overlay-wrap'><img decoding=\"async\" class='wp-image-43405 avia-img-lazy-loading-not-43405 avia_image' src=\"https:\/\/radiorevelacionfm.cl\/wp-content\/uploads\/2024\/06\/delegado-regional-y-director-senapred-1_optimized-1.jpg\" alt='' title='delegado-regional-y-director-senapred-(1)_optimized (1)' height=\"600\" width=\"900\"  itemprop=\"thumbnailUrl\" srcset=\"https:\/\/radiorevelacionfm.cl\/wp-content\/uploads\/2024\/06\/delegado-regional-y-director-senapred-1_optimized-1.jpg 900w, https:\/\/radiorevelacionfm.cl\/wp-content\/uploads\/2024\/06\/delegado-regional-y-director-senapred-1_optimized-1-300x200.jpg 300w, https:\/\/radiorevelacionfm.cl\/wp-content\/uploads\/2024\/06\/delegado-regional-y-director-senapred-1_optimized-1-768x512.jpg 768w, https:\/\/radiorevelacionfm.cl\/wp-content\/uploads\/2024\/06\/delegado-regional-y-director-senapred-1_optimized-1-705x470.jpg 705w, https:\/\/radiorevelacionfm.cl\/wp-content\/uploads\/2024\/06\/delegado-regional-y-director-senapred-1_optimized-1-450x300.jpg 450w, https:\/\/radiorevelacionfm.cl\/wp-content\/uploads\/2024\/06\/delegado-regional-y-director-senapred-1_optimized-1-600x400.jpg 600w\" sizes=\"(max-width: 900px) 100vw, 900px\" \/><\/div><\/div><\/div><\/div><div class=\"flex_column av_one_full  flex_column_div av-zero-column-padding first  avia-builder-el-2  el_after_av_one_full  el_before_av_one_full  column-top-margin\" style='border-radius:0px; '><section class=\"av_textblock_section \"  itemscope=\"itemscope\" itemtype=\"https:\/\/schema.org\/BlogPosting\" itemprop=\"blogPost\" ><div class='avia_textblock  '   itemprop=\"text\" ><p style=\"font-weight: 400; text-align: center;\"><span style=\"font-size: 18pt;\"><strong>Gobierno despliega servicios ante sistema frontal <\/strong><strong>con nevadas y bajas temperaturas en Ays\u00e9n<\/strong><\/span><\/p>\n<div id=\"gtx-trans\" style=\"position: absolute; left: -50px; top: 4.31534px;\">\n<div class=\"gtx-trans-icon\"><\/div>\n<\/div>\n<\/div><\/section><\/div><div class=\"flex_column av_one_full  flex_column_div av-zero-column-padding first  avia-builder-el-4  el_after_av_one_full  el_before_av_hr  column-top-margin\" style='border-radius:0px; '><section class=\"av_textblock_section \"  itemscope=\"itemscope\" itemtype=\"https:\/\/schema.org\/BlogPosting\" itemprop=\"blogPost\" ><div class='avia_textblock  '   itemprop=\"text\" ><p style=\"font-weight: 400; text-align: justify;\"><em>El Delegado Presidencial Regional, Rodrigo Araya, y el director regional de Senapred, Sidi Bravo, indicaron que las medidas se adoptan al alero del Sistema de Gesti\u00f3n de Riesgo, reforzando el llamado a la prevenci\u00f3n por parte de la comunidad.<\/em><\/p>\n<p style=\"font-weight: 400; text-align: justify;\">El Sistema de Gesti\u00f3n del Riesgo est\u00e1 activo y monitoreando de manera coordinada las situaciones de emergencia que se puedan suscitar producto de las precipitaciones de nieve y bajas temperaturas que mantienen con Alerta Verde Temprana Preventiva a la Regi\u00f3n de Ays\u00e9n, desde el pasado 18 de junio.<\/p>\n<p style=\"font-weight: 400; text-align: justify;\">As\u00ed lo inform\u00f3 el Delegado Presidencial Regional, Rodrigo Araya Morales, acompa\u00f1ado por el director regional del Servicio Nacional de Prevenci\u00f3n y Respuesta ante Desastres (Senapred), Sidi Bravo Donoso, al detallar la evoluci\u00f3n del sistema frontal y las medidas dispuestas en el territorio.<\/p>\n<p style=\"font-weight: 400; text-align: justify;\">\u201cLas comunas de Coyhaique y R\u00edo Ib\u00e1\u00f1ez han tenido mayor precipitaci\u00f3n de nieve y han tenido mayores problemas de conectividad. Hay un despliegue de los recursos de Vialidad y de las empresas a cargo de las conservaciones globales en los territorios. Ante cualquier situaci\u00f3n de emergencia o necesidad, sugerimos comunicarse con Carabineros de Chile o con la Municipalidad para la coordinaci\u00f3n correspondiente. La situaci\u00f3n contin\u00faa con bajas temperaturas, con escarcha en las carreteras y en las calles, por lo tanto, evitar circular si no es necesario, usar siempre cadenas como est\u00e1 exigiendo Carabineros, y despejar las veredas para evitar accidentes y da\u00f1os a las personas\u201d, indic\u00f3 Rodrigo Araya.<\/p>\n<p style=\"font-weight: 400; text-align: justify;\">Adem\u00e1s, la Delegaci\u00f3n Presidencial Regional modific\u00f3 el horario de operaci\u00f3n del Complejo Fronterizo Integrado Huemules entre las 08:00 y 17:00 horas; determin\u00f3 tr\u00e1nsito solo para residentes en el caso de Coyhaique Alto y dispuso el cierre del paso fronterizo Pampa Alta hasta el 01 de septiembre de 2024.<\/p>\n<p style=\"font-weight: 400; text-align: justify;\">Por otra parte, m\u00e1s de 30 personas pernoctaron este fin de semana en los albergues dispuestos por el Ministerio de Desarrollo Social y Familia en Ays\u00e9n y Coyhaique, mientras que el programa Ruta Calle ha atendido a m\u00e1s de diez personas en diversos puntos del \u00e1rea urbana.<\/p>\n<p style=\"font-weight: 400; text-align: justify;\">Sidi Bravo enfatiz\u00f3 en el monitoreo y disposici\u00f3n de medidas pertinentes por parte de los servicios t\u00e9cnicos.<\/p>\n<p style=\"font-weight: 400; text-align: justify;\">\u201cEl Ministerio de Agricultura est\u00e1 evaluando la situaci\u00f3n en el territorio y en el \u00e1rea de salud tenemos un sistema que nos permite tener comunicaci\u00f3n en caso de alg\u00fan traslado que se requiera con urgencia tanto dentro como hacia fuera de la regi\u00f3n. Todos los servicios est\u00e1n trabajando, incluidos los municipios, que han estado desarrollando su labor dentro del Sistema de Gesti\u00f3n de Riesgo Regional, con un llamado a la prevenci\u00f3n y al autocuidado por parte de las personas\u201d, concluy\u00f3.<\/p>\n<p style=\"font-weight: 400; text-align: justify;\">Entre las principales intervenciones viales, se cuenta el cierre preventivo del sector Queulat entre las 18:00 y 10:00 horas y despeje de la Ruta 7 Norte sector Ma\u00f1ihuales, minera El Toqui, en la provincia de Ays\u00e9n; en la provincia General Carrera, se estableci\u00f3 corte preventivo entre Cerro Castillo y Bah\u00eda Murta entre las 18:00 y 10:00 horas, como tambi\u00e9n en el Paso Las Llaves, m\u00e1s esparcimiento de sal entre Cochrane y Bertrand; en la provincia Capit\u00e1n Prat, corte preventivo de tr\u00e1nsito en la Ruta 7 Sur hacia Puerto Yungay desde las 18:00 hasta las 10:00 horas, despeje de nieve entre Cochrane y Barrancoso, y esparcimiento de sal.<\/p>\n<p style=\"font-weight: 400; text-align: justify;\">En caminos secundarios se trabaja en el despeje de nieve por parte de Vialidad, de acuerdo con el Programa de Invierno 2024.<\/p>\n<\/div><\/section><\/div><div  style='height:50px' class='hr hr-invisible   avia-builder-el-6  el_after_av_one_full  el_before_av_social_share '><span class='hr-inner ' ><span class='hr-inner-style'><\/span><\/span><\/div><\/p>\n<div  class='av-social-sharing-box  avia-builder-el-7  el_after_av_hr  el_before_av_hr  '><div class='av-share-box'><h5 class='av-share-link-description av-no-toc '>Compartir esta noticia<\/h5><ul class='av-share-box-list noLightbox'><li class='av-share-link av-social-link-facebook' ><a target=\"_blank\" aria-label=\"Compartir en Facebook\" href='https:\/\/www.facebook.com\/sharer.php?u=https:\/\/radiorevelacionfm.cl\/?p=43404&#038;t=Gobierno%20despliega%20servicios%20ante%20sistema%20frontal%20con%20nevadas%20y%20bajas%20temperaturas%20en%20Ays%C3%A9n' aria-hidden='false' data-av_icon='\ue8f3' data-av_iconfont='entypo-fontello' title='' data-avia-related-tooltip='Compartir en Facebook' rel=\"noopener\"><span class='avia_hidden_link_text'>Compartir en Facebook<\/span><\/a><\/li><li class='av-share-link av-social-link-twitter' ><a target=\"_blank\" aria-label=\"Compartir en Twitter\" href='https:\/\/twitter.com\/share?text=Gobierno%20despliega%20servicios%20ante%20sistema%20frontal%20con%20nevadas%20y%20bajas%20temperaturas%20en%20Ays%C3%A9n&#038;url=https:\/\/radiorevelacionfm.cl\/?p=43404' aria-hidden='false' data-av_icon='\ue8f1' data-av_iconfont='entypo-fontello' title='' data-avia-related-tooltip='Compartir en Twitter' rel=\"noopener\"><span class='avia_hidden_link_text'>Compartir en Twitter<\/span><\/a><\/li><li class='av-share-link av-social-link-whatsapp' ><a target=\"_blank\" aria-label=\"Compartir en Whatsapp\" href='https:\/\/api.whatsapp.com\/send?text=https:\/\/radiorevelacionfm.cl\/?p=43404' aria-hidden='false' data-av_icon='\uf232' data-av_iconfont='entypo-fontello' title='' data-avia-related-tooltip='Compartir en Whatsapp' rel=\"noopener\"><span class='avia_hidden_link_text'>Compartir en Whatsapp<\/span><\/a><\/li><li class='av-share-link av-social-link-linkedin' ><a target=\"_blank\" aria-label=\"Compartir en LinkedIn\" href='https:\/\/linkedin.com\/shareArticle?mini=true&#038;title=Gobierno%20despliega%20servicios%20ante%20sistema%20frontal%20con%20nevadas%20y%20bajas%20temperaturas%20en%20Ays%C3%A9n&#038;url=https:\/\/radiorevelacionfm.cl\/?p=43404' aria-hidden='false' data-av_icon='\ue8fc' data-av_iconfont='entypo-fontello' title='' data-avia-related-tooltip='Compartir en LinkedIn' rel=\"noopener\"><span class='avia_hidden_link_text'>Compartir en LinkedIn<\/span><\/a><\/li><li class='av-share-link av-social-link-mail' ><a  aria-label=\"Compartir por correo\" href='mailto:?subject=Gobierno%20despliega%20servicios%20ante%20sistema%20frontal%20con%20nevadas%20y%20bajas%20temperaturas%20en%20Ays%C3%A9n&#038;body=https:\/\/radiorevelacionfm.cl\/?p=43404' aria-hidden='false' data-av_icon='\ue805' data-av_iconfont='entypo-fontello' title='' data-avia-related-tooltip='Compartir por correo'><span class='avia_hidden_link_text'>Compartir por correo<\/span><\/a><\/li><\/ul><\/div><\/div>\n<div  style='height:50px' class='hr hr-invisible   avia-builder-el-8  el_after_av_social_share  el_before_av_comments_list '><span class='hr-inner ' ><span class='hr-inner-style'><\/span><\/span><\/div>\n<div  class='av-buildercomment  av-blog-meta-html-info-disabled av-blog-meta-tag-disabled  '><\/div>\n","protected":false},"excerpt":{"rendered":"","protected":false},"author":1,"featured_media":43405,"comment_status":"open","ping_status":"open","sticky":false,"template":"","format":"standard","meta":{"footnotes":""},"categories":[38],"tags":[],"class_list":["post-43404","post","type-post","status-publish","format-standard","has-post-thumbnail","hentry","category-regional"],"jetpack_featured_media_url":"https:\/\/radiorevelacionfm.cl\/wp-content\/uploads\/2024\/06\/delegado-regional-y-director-senapred-1_optimized-1.jpg","_links":{"self":[{"href":"https:\/\/radiorevelacionfm.cl\/index.php?rest_route=\/wp\/v2\/posts\/43404","targetHints":{"allow":["GET"]}}],"collection":[{"href":"https:\/\/radiorevelacionfm.cl\/index.php?rest_route=\/wp\/v2\/posts"}],"about":[{"href":"https:\/\/radiorevelacionfm.cl\/index.php?rest_route=\/wp\/v2\/types\/post"}],"author":[{"embeddable":true,"href":"https:\/\/radiorevelacionfm.cl\/index.php?rest_route=\/wp\/v2\/users\/1"}],"replies":[{"embeddable":true,"href":"https:\/\/radiorevelacionfm.cl\/index.php?rest_route=%2Fwp%2Fv2%2Fcomments&post=43404"}],"version-history":[{"count":1,"href":"https:\/\/radiorevelacionfm.cl\/index.php?rest_route=\/wp\/v2\/posts\/43404\/revisions"}],"predecessor-version":[{"id":43406,"href":"https:\/\/radiorevelacionfm.cl\/index.php?rest_route=\/wp\/v2\/posts\/43404\/revisions\/43406"}],"wp:featuredmedia":[{"embeddable":true,"href":"https:\/\/radiorevelacionfm.cl\/index.php?rest_route=\/wp\/v2\/media\/43405"}],"wp:attachment":[{"href":"https:\/\/radiorevelacionfm.cl\/index.php?rest_route=%2Fwp%2Fv2%2Fmedia&parent=43404"}],"wp:term":[{"taxonomy":"category","embeddable":true,"href":"https:\/\/radiorevelacionfm.cl\/index.php?rest_route=%2Fwp%2Fv2%2Fcategories&post=43404"},{"taxonomy":"post_tag","embeddable":true,"href":"https:\/\/radiorevelacionfm.cl\/index.php?rest_route=%2Fwp%2Fv2%2Ftags&post=43404"}],"curies":[{"name":"wp","href":"https:\/\/api.w.org\/{rel}","templated":true}]}}