{"id":43401,"date":"2024-06-23T15:37:33","date_gmt":"2024-06-23T18:37:33","guid":{"rendered":"https:\/\/radiorevelacionfm.cl\/?p=43401"},"modified":"2024-06-23T15:37:33","modified_gmt":"2024-06-23T18:37:33","slug":"con-talleres-para-productores-de-la-comuna-avanza-convenio-entre-municipalidad-de-cisnes-e-inia","status":"publish","type":"post","link":"https:\/\/radiorevelacionfm.cl\/?p=43401","title":{"rendered":"Con talleres para productores de la comuna avanza convenio entre Municipalidad de Cisnes e INIA"},"content":{"rendered":"<div class=\"flex_column av_one_full  flex_column_div av-zero-column-padding first  avia-builder-el-0  el_before_av_one_full  avia-builder-el-first  \" style='border-radius:0px; '><div  class='avia-image-container  av-styling-    avia-builder-el-1  avia-builder-el-no-sibling  avia-align-center '  itemprop=\"image\" itemscope=\"itemscope\" itemtype=\"https:\/\/schema.org\/ImageObject\"  ><div class='avia-image-container-inner'><div class='avia-image-overlay-wrap'><img decoding=\"async\" class='wp-image-43402 avia-img-lazy-loading-not-43402 avia_image' src=\"https:\/\/radiorevelacionfm.cl\/wp-content\/uploads\/2024\/06\/whatsapp-image-2024-06-19-at-11_optimized.49.08-am-1.jpeg\" alt='' title='whatsapp-image-2024-06-19-at-11_optimized.49.08-am-(1)' height=\"600\" width=\"907\"  itemprop=\"thumbnailUrl\" srcset=\"https:\/\/radiorevelacionfm.cl\/wp-content\/uploads\/2024\/06\/whatsapp-image-2024-06-19-at-11_optimized.49.08-am-1.jpeg 907w, https:\/\/radiorevelacionfm.cl\/wp-content\/uploads\/2024\/06\/whatsapp-image-2024-06-19-at-11_optimized.49.08-am-1-300x198.jpeg 300w, https:\/\/radiorevelacionfm.cl\/wp-content\/uploads\/2024\/06\/whatsapp-image-2024-06-19-at-11_optimized.49.08-am-1-768x508.jpeg 768w, https:\/\/radiorevelacionfm.cl\/wp-content\/uploads\/2024\/06\/whatsapp-image-2024-06-19-at-11_optimized.49.08-am-1-705x466.jpeg 705w, https:\/\/radiorevelacionfm.cl\/wp-content\/uploads\/2024\/06\/whatsapp-image-2024-06-19-at-11_optimized.49.08-am-1-450x298.jpeg 450w, https:\/\/radiorevelacionfm.cl\/wp-content\/uploads\/2024\/06\/whatsapp-image-2024-06-19-at-11_optimized.49.08-am-1-600x397.jpeg 600w\" sizes=\"(max-width: 907px) 100vw, 907px\" \/><\/div><\/div><\/div><\/div><div class=\"flex_column av_one_full  flex_column_div av-zero-column-padding first  avia-builder-el-2  el_after_av_one_full  el_before_av_one_full  column-top-margin\" style='border-radius:0px; '><section class=\"av_textblock_section \"  itemscope=\"itemscope\" itemtype=\"https:\/\/schema.org\/BlogPosting\" itemprop=\"blogPost\" ><div class='avia_textblock  '   itemprop=\"text\" ><p style=\"text-align: center;\"><span style=\"font-size: 18pt;\"><b>Con talleres para productores de la comuna avanza convenio entre Municipalidad de Cisnes e INIA<\/b><\/span><\/p>\n<div id=\"gtx-trans\" style=\"position: absolute; left: -50px; top: 4.31534px;\">\n<div class=\"gtx-trans-icon\"><\/div>\n<\/div>\n<\/div><\/section><\/div><div class=\"flex_column av_one_full  flex_column_div av-zero-column-padding first  avia-builder-el-4  el_after_av_one_full  el_before_av_hr  column-top-margin\" style='border-radius:0px; '><section class=\"av_textblock_section \"  itemscope=\"itemscope\" itemtype=\"https:\/\/schema.org\/BlogPosting\" itemprop=\"blogPost\" ><div class='avia_textblock  '   itemprop=\"text\" ><p class=\"v1gmail-MsoListParagraph\" style=\"text-align: justify;\"><em>Primer taller te\u00f3rico pr\u00e1ctico, de cuatro a realizarse este a\u00f1o, busca mejorar capacidades de productores enfocado en manejo de praderas como base forrajera.<\/em><\/p>\n<p class=\"v1MsoNormal\" style=\"text-align: justify;\">En un esfuerzo por fortalecer la capacidad productiva de los agricultores y ganaderos locales, la Municipalidad de Cisnes, a trav\u00e9s de su Oficina Campesina y en colaboraci\u00f3n con el Instituto de Investigaciones Agropecuarias (INIA), con su Centro Regional INIA Tamel Aike, ha iniciado una serie de talleres te\u00f3rico-pr\u00e1cticos orientados a mejorar el manejo de praderas como base forrajera.<\/p>\n<p class=\"v1MsoNormal\" style=\"text-align: justify;\">La iniciativa, que se enmarca en un convenio de colaboraci\u00f3n vigente entre ambas entidades, contempla la realizaci\u00f3n de cuatro capacitaciones a lo largo del a\u00f1o. La primera de estas actividades tuvo lugar el 18 de junio en el predio de Antonio y Leandro Vald\u00e9s, ubicado en el kil\u00f3metro 8 del camino a Puerto Cisnes. En esta sesi\u00f3n, se abordaron temas como la implementaci\u00f3n de una unidad demostrativa de enmiendas calc\u00e1reas y la gesti\u00f3n de suelos \u00e1cidos, clave para la mejora de la fertilidad y la producci\u00f3n local de forraje.<\/p>\n<p class=\"v1MsoNormal\" style=\"text-align: justify;\">Daniela G\u00f3mez, encargada de la Oficina Campesina Municipal Cisnes- sur, destac\u00f3 la importancia de estas capacitaciones: \u00abEste convenio surge de la necesidad de perfeccionar y capacitar a nuestros productores, especialmente en la comuna de Cisnes. El objetivo es proporcionarles las herramientas y conocimientos necesarios para que puedan producir su propio forraje, mejorar sus praderas y as\u00ed reducir los costos de alimentaci\u00f3n para sus animales\u00bb.<\/p>\n<p class=\"v1MsoNormal\" style=\"text-align: justify;\">Desde el a\u00f1o pasado, el convenio ha permitido la realizaci\u00f3n de parcelas demostrativas y d\u00edas de campo, logrando resultados positivos para la comunidad agr\u00edcola y ganadera de la zona. \u00abQueremos que nuestros productores tengan la capacidad de generar su propia alimentaci\u00f3n animal, disminuir los costos de importar concentrados y mejorar la calidad de sus praderas\u00bb, a\u00f1adi\u00f3 G\u00f3mez.<\/p>\n<p class=\"v1MsoNormal\" style=\"text-align: justify;\">Por su parte la investigadora extensionista de INIA Tamel Aike, Ver\u00f3nica Gonz\u00e1lez destac\u00f3 la actividad que permite compartir experiencias y trasferir pr\u00e1cticas de manejo, apoyando a los productores en el uso del suelo y de sus praderas.<\/p>\n<p class=\"v1MsoNormal\" style=\"text-align: justify;\">\u00abEn el marco de esta primera capacitaci\u00f3n, se ofreci\u00f3 una charla t\u00e9cnica sobre la aplicaci\u00f3n de enmiendas calc\u00e1reas y el manejo de suelos \u00e1cidos, que son desaf\u00edos frecuentes en la zona de Puerto Cisnes. La pr\u00f3xima sesi\u00f3n se enfocar\u00e1 en la elecci\u00f3n y manejo de especies forrajeras adaptadas a las condiciones clim\u00e1ticas y de suelo de la localidad\u00bb, resalt\u00f3.<\/p>\n<p class=\"v1MsoNormal\" style=\"text-align: justify;\">Cabe mencionar que el INIA, dependiente del Ministerio de Agricultura, es una corporaci\u00f3n de derecho privado, sin fines de lucro, creada en 1964, con el fin de cumplir con los grandes lineamientos del Ministerio de Agricultura en este \u00e1mbito, como estrechar las brechas de desigualdad y agregar valor a la producci\u00f3n. Actualmente, su trabajo est\u00e1 enfocado en seis ejes estrat\u00e9gicos: recursos gen\u00e9ticos, cambio clim\u00e1tico, recursos h\u00eddricos, agricultura sustentable, alimentos saludables y transferencia tecnol\u00f3gica.<\/p>\n<\/div><\/section><\/div><div  style='height:50px' class='hr hr-invisible   avia-builder-el-6  el_after_av_one_full  el_before_av_social_share '><span class='hr-inner ' ><span class='hr-inner-style'><\/span><\/span><\/div><\/p>\n<div  class='av-social-sharing-box  avia-builder-el-7  el_after_av_hr  el_before_av_hr  '><div class='av-share-box'><h5 class='av-share-link-description av-no-toc '>Compartir esta noticia<\/h5><ul class='av-share-box-list noLightbox'><li class='av-share-link av-social-link-facebook' ><a target=\"_blank\" aria-label=\"Compartir en Facebook\" href='https:\/\/www.facebook.com\/sharer.php?u=https:\/\/radiorevelacionfm.cl\/?p=43401&#038;t=Con%20talleres%20para%20productores%20de%20la%20comuna%20avanza%20convenio%20entre%20Municipalidad%20de%20Cisnes%20e%20INIA' aria-hidden='false' data-av_icon='\ue8f3' data-av_iconfont='entypo-fontello' title='' data-avia-related-tooltip='Compartir en Facebook' rel=\"noopener\"><span class='avia_hidden_link_text'>Compartir en Facebook<\/span><\/a><\/li><li class='av-share-link av-social-link-twitter' ><a target=\"_blank\" aria-label=\"Compartir en Twitter\" href='https:\/\/twitter.com\/share?text=Con%20talleres%20para%20productores%20de%20la%20comuna%20avanza%20convenio%20entre%20Municipalidad%20de%20Cisnes%20e%20INIA&#038;url=https:\/\/radiorevelacionfm.cl\/?p=43401' aria-hidden='false' data-av_icon='\ue8f1' data-av_iconfont='entypo-fontello' title='' data-avia-related-tooltip='Compartir en Twitter' rel=\"noopener\"><span class='avia_hidden_link_text'>Compartir en Twitter<\/span><\/a><\/li><li class='av-share-link av-social-link-whatsapp' ><a target=\"_blank\" aria-label=\"Compartir en Whatsapp\" href='https:\/\/api.whatsapp.com\/send?text=https:\/\/radiorevelacionfm.cl\/?p=43401' aria-hidden='false' data-av_icon='\uf232' data-av_iconfont='entypo-fontello' title='' data-avia-related-tooltip='Compartir en Whatsapp' rel=\"noopener\"><span class='avia_hidden_link_text'>Compartir en Whatsapp<\/span><\/a><\/li><li class='av-share-link av-social-link-linkedin' ><a target=\"_blank\" aria-label=\"Compartir en LinkedIn\" href='https:\/\/linkedin.com\/shareArticle?mini=true&#038;title=Con%20talleres%20para%20productores%20de%20la%20comuna%20avanza%20convenio%20entre%20Municipalidad%20de%20Cisnes%20e%20INIA&#038;url=https:\/\/radiorevelacionfm.cl\/?p=43401' aria-hidden='false' data-av_icon='\ue8fc' data-av_iconfont='entypo-fontello' title='' data-avia-related-tooltip='Compartir en LinkedIn' rel=\"noopener\"><span class='avia_hidden_link_text'>Compartir en LinkedIn<\/span><\/a><\/li><li class='av-share-link av-social-link-mail' ><a  aria-label=\"Compartir por correo\" href='mailto:?subject=Con%20talleres%20para%20productores%20de%20la%20comuna%20avanza%20convenio%20entre%20Municipalidad%20de%20Cisnes%20e%20INIA&#038;body=https:\/\/radiorevelacionfm.cl\/?p=43401' aria-hidden='false' data-av_icon='\ue805' data-av_iconfont='entypo-fontello' title='' data-avia-related-tooltip='Compartir por correo'><span class='avia_hidden_link_text'>Compartir por correo<\/span><\/a><\/li><\/ul><\/div><\/div>\n<div  style='height:50px' class='hr hr-invisible   avia-builder-el-8  el_after_av_social_share  el_before_av_comments_list '><span class='hr-inner ' ><span class='hr-inner-style'><\/span><\/span><\/div>\n<div  class='av-buildercomment  av-blog-meta-html-info-disabled av-blog-meta-tag-disabled  '><\/div>\n","protected":false},"excerpt":{"rendered":"","protected":false},"author":1,"featured_media":43402,"comment_status":"open","ping_status":"open","sticky":false,"template":"","format":"standard","meta":{"footnotes":""},"categories":[38],"tags":[],"class_list":["post-43401","post","type-post","status-publish","format-standard","has-post-thumbnail","hentry","category-regional"],"jetpack_featured_media_url":"https:\/\/radiorevelacionfm.cl\/wp-content\/uploads\/2024\/06\/whatsapp-image-2024-06-19-at-11_optimized.49.08-am-1.jpeg","_links":{"self":[{"href":"https:\/\/radiorevelacionfm.cl\/index.php?rest_route=\/wp\/v2\/posts\/43401","targetHints":{"allow":["GET"]}}],"collection":[{"href":"https:\/\/radiorevelacionfm.cl\/index.php?rest_route=\/wp\/v2\/posts"}],"about":[{"href":"https:\/\/radiorevelacionfm.cl\/index.php?rest_route=\/wp\/v2\/types\/post"}],"author":[{"embeddable":true,"href":"https:\/\/radiorevelacionfm.cl\/index.php?rest_route=\/wp\/v2\/users\/1"}],"replies":[{"embeddable":true,"href":"https:\/\/radiorevelacionfm.cl\/index.php?rest_route=%2Fwp%2Fv2%2Fcomments&post=43401"}],"version-history":[{"count":1,"href":"https:\/\/radiorevelacionfm.cl\/index.php?rest_route=\/wp\/v2\/posts\/43401\/revisions"}],"predecessor-version":[{"id":43403,"href":"https:\/\/radiorevelacionfm.cl\/index.php?rest_route=\/wp\/v2\/posts\/43401\/revisions\/43403"}],"wp:featuredmedia":[{"embeddable":true,"href":"https:\/\/radiorevelacionfm.cl\/index.php?rest_route=\/wp\/v2\/media\/43402"}],"wp:attachment":[{"href":"https:\/\/radiorevelacionfm.cl\/index.php?rest_route=%2Fwp%2Fv2%2Fmedia&parent=43401"}],"wp:term":[{"taxonomy":"category","embeddable":true,"href":"https:\/\/radiorevelacionfm.cl\/index.php?rest_route=%2Fwp%2Fv2%2Fcategories&post=43401"},{"taxonomy":"post_tag","embeddable":true,"href":"https:\/\/radiorevelacionfm.cl\/index.php?rest_route=%2Fwp%2Fv2%2Ftags&post=43401"}],"curies":[{"name":"wp","href":"https:\/\/api.w.org\/{rel}","templated":true}]}}