{"id":43398,"date":"2024-06-22T16:25:39","date_gmt":"2024-06-22T19:25:39","guid":{"rendered":"https:\/\/radiorevelacionfm.cl\/?p=43398"},"modified":"2024-06-22T16:25:39","modified_gmt":"2024-06-22T19:25:39","slug":"armada-apoya-evacuacion-medica-de-urgencia-desde-caleta-andrade-a-puerto-chacabuco","status":"publish","type":"post","link":"https:\/\/radiorevelacionfm.cl\/?p=43398","title":{"rendered":"Armada apoya evacuaci\u00f3n m\u00e9dica de urgencia desde Caleta Andrade a Puerto Chacabuco"},"content":{"rendered":"<div class=\"flex_column av_one_full  flex_column_div av-zero-column-padding first  avia-builder-el-0  el_before_av_one_full  avia-builder-el-first  \" style='border-radius:0px; '><div  class='avia-image-container  av-styling-    avia-builder-el-1  avia-builder-el-no-sibling  avia-align-center '  itemprop=\"image\" itemscope=\"itemscope\" itemtype=\"https:\/\/schema.org\/ImageObject\"  ><div class='avia-image-container-inner'><div class='avia-image-overlay-wrap'><img decoding=\"async\" class='wp-image-43399 avia-img-lazy-loading-not-43399 avia_image' src=\"https:\/\/radiorevelacionfm.cl\/wp-content\/uploads\/2024\/06\/img20240620wa0166-1.jpg\" alt='' title='img20240620wa0166 (1)' height=\"600\" width=\"800\"  itemprop=\"thumbnailUrl\" srcset=\"https:\/\/radiorevelacionfm.cl\/wp-content\/uploads\/2024\/06\/img20240620wa0166-1.jpg 800w, https:\/\/radiorevelacionfm.cl\/wp-content\/uploads\/2024\/06\/img20240620wa0166-1-300x225.jpg 300w, https:\/\/radiorevelacionfm.cl\/wp-content\/uploads\/2024\/06\/img20240620wa0166-1-768x576.jpg 768w, https:\/\/radiorevelacionfm.cl\/wp-content\/uploads\/2024\/06\/img20240620wa0166-1-705x529.jpg 705w, https:\/\/radiorevelacionfm.cl\/wp-content\/uploads\/2024\/06\/img20240620wa0166-1-450x338.jpg 450w, https:\/\/radiorevelacionfm.cl\/wp-content\/uploads\/2024\/06\/img20240620wa0166-1-600x450.jpg 600w\" sizes=\"(max-width: 800px) 100vw, 800px\" \/><\/div><\/div><\/div><\/div><div class=\"flex_column av_one_full  flex_column_div av-zero-column-padding first  avia-builder-el-2  el_after_av_one_full  el_before_av_one_full  column-top-margin\" style='border-radius:0px; '><section class=\"av_textblock_section \"  itemscope=\"itemscope\" itemtype=\"https:\/\/schema.org\/BlogPosting\" itemprop=\"blogPost\" ><div class='avia_textblock  '   itemprop=\"text\" ><p style=\"text-align: center;\"><strong><span style=\"font-size: 18pt;\">Armada apoya evacuaci\u00f3n m\u00e9dica de urgencia desde Caleta Andrade a Puerto Chacabuco<\/span><\/strong><\/p>\n<h1 class=\"titular\"><\/h1>\n<div id=\"gtx-trans\" style=\"position: absolute; left: -50px; top: 4.31534px;\">\n<div class=\"gtx-trans-icon\"><\/div>\n<\/div>\n<\/div><\/section><\/div><div class=\"flex_column av_one_full  flex_column_div av-zero-column-padding first  avia-builder-el-4  el_after_av_one_full  el_before_av_hr  column-top-margin\" style='border-radius:0px; '><section class=\"av_textblock_section \"  itemscope=\"itemscope\" itemtype=\"https:\/\/schema.org\/BlogPosting\" itemprop=\"blogPost\" ><div class='avia_textblock  '   itemprop=\"text\" ><p style=\"text-align: justify;\">Durante la tarde del jueves 20 de junio, la Autoridad Mar\u00edtima recibi\u00f3 una solicitud de evacuaci\u00f3n m\u00e9dica por parte del Servicio de Atenci\u00f3n M\u00e9dico de Urgencias, Regulador de Ays\u00e9n, para una paciente menor de edad con diagn\u00f3stico reservado, esto desde Caleta Andrade hacia Puerto Chacabuco, en la regi\u00f3n de Ays\u00e9n, con el prop\u00f3sito de ser tratada en el Hospital de Puerto Ays\u00e9n.<\/p>\n<p style=\"text-align: justify;\">Para estos efectos, la Autoridad Mar\u00edtima local dispuso el zarpe de la Lancha de Servicio de Rescate LSR-4425, Unidad que adem\u00e1s traslad\u00f3 a los tutores de la menor y personal m\u00e9dico, logrando recalar a Puerto Chacabuco cerca de las 21:30 horas con la paciente en condici\u00f3n estable, los que eran esperados por una ambulancia del Hospital de Puerto Ays\u00e9n.<\/p>\n<p style=\"text-align: justify;\">Tras el \u00e9xito de la evacuaci\u00f3n m\u00e9dica, el Gobernador Mar\u00edtimo de Ays\u00e9n, Capit\u00e1n de Nav\u00edo Litoral Mario Besoain, precis\u00f3 que \u201cla acci\u00f3n fue posible gracias al protocolo de cooperaci\u00f3n existente entre la Armada de Chile y el Servicio de Salud para pacientes que residen en zonas aisladas que requieran evacuaci\u00f3n m\u00e9dica de urgencias\u201d.<\/p>\n<p style=\"text-align: justify;\">Asimismo, destac\u00f3 que el personal naval de la Gobernaci\u00f3n Mar\u00edtima de Ays\u00e9n y sus Unidades y Reparticiones dependientes continuar\u00e1n prestando apoyo a la comunidad ante situaciones m\u00e9dicas en zonas aisladas, brindando siempre un servicio p\u00fablico mar\u00edtimo de excelencia.<\/p>\n<\/div><\/section><\/div><div  style='height:50px' class='hr hr-invisible   avia-builder-el-6  el_after_av_one_full  el_before_av_social_share '><span class='hr-inner ' ><span class='hr-inner-style'><\/span><\/span><\/div><\/p>\n<div  class='av-social-sharing-box  avia-builder-el-7  el_after_av_hr  el_before_av_hr  '><div class='av-share-box'><h5 class='av-share-link-description av-no-toc '>Compartir esta noticia<\/h5><ul class='av-share-box-list noLightbox'><li class='av-share-link av-social-link-facebook' ><a target=\"_blank\" aria-label=\"Compartir en Facebook\" href='https:\/\/www.facebook.com\/sharer.php?u=https:\/\/radiorevelacionfm.cl\/?p=43398&#038;t=Armada%20apoya%20evacuaci%C3%B3n%20m%C3%A9dica%20de%20urgencia%20desde%20Caleta%20Andrade%20a%20Puerto%20Chacabuco' aria-hidden='false' data-av_icon='\ue8f3' data-av_iconfont='entypo-fontello' title='' data-avia-related-tooltip='Compartir en Facebook' rel=\"noopener\"><span class='avia_hidden_link_text'>Compartir en Facebook<\/span><\/a><\/li><li class='av-share-link av-social-link-twitter' ><a target=\"_blank\" aria-label=\"Compartir en Twitter\" href='https:\/\/twitter.com\/share?text=Armada%20apoya%20evacuaci%C3%B3n%20m%C3%A9dica%20de%20urgencia%20desde%20Caleta%20Andrade%20a%20Puerto%20Chacabuco&#038;url=https:\/\/radiorevelacionfm.cl\/?p=43398' aria-hidden='false' data-av_icon='\ue8f1' data-av_iconfont='entypo-fontello' title='' data-avia-related-tooltip='Compartir en Twitter' rel=\"noopener\"><span class='avia_hidden_link_text'>Compartir en Twitter<\/span><\/a><\/li><li class='av-share-link av-social-link-whatsapp' ><a target=\"_blank\" aria-label=\"Compartir en Whatsapp\" href='https:\/\/api.whatsapp.com\/send?text=https:\/\/radiorevelacionfm.cl\/?p=43398' aria-hidden='false' data-av_icon='\uf232' data-av_iconfont='entypo-fontello' title='' data-avia-related-tooltip='Compartir en Whatsapp' rel=\"noopener\"><span class='avia_hidden_link_text'>Compartir en Whatsapp<\/span><\/a><\/li><li class='av-share-link av-social-link-linkedin' ><a target=\"_blank\" aria-label=\"Compartir en LinkedIn\" href='https:\/\/linkedin.com\/shareArticle?mini=true&#038;title=Armada%20apoya%20evacuaci%C3%B3n%20m%C3%A9dica%20de%20urgencia%20desde%20Caleta%20Andrade%20a%20Puerto%20Chacabuco&#038;url=https:\/\/radiorevelacionfm.cl\/?p=43398' aria-hidden='false' data-av_icon='\ue8fc' data-av_iconfont='entypo-fontello' title='' data-avia-related-tooltip='Compartir en LinkedIn' rel=\"noopener\"><span class='avia_hidden_link_text'>Compartir en LinkedIn<\/span><\/a><\/li><li class='av-share-link av-social-link-mail' ><a  aria-label=\"Compartir por correo\" href='mailto:?subject=Armada%20apoya%20evacuaci%C3%B3n%20m%C3%A9dica%20de%20urgencia%20desde%20Caleta%20Andrade%20a%20Puerto%20Chacabuco&#038;body=https:\/\/radiorevelacionfm.cl\/?p=43398' aria-hidden='false' data-av_icon='\ue805' data-av_iconfont='entypo-fontello' title='' data-avia-related-tooltip='Compartir por correo'><span class='avia_hidden_link_text'>Compartir por correo<\/span><\/a><\/li><\/ul><\/div><\/div>\n<div  style='height:50px' class='hr hr-invisible   avia-builder-el-8  el_after_av_social_share  el_before_av_comments_list '><span class='hr-inner ' ><span class='hr-inner-style'><\/span><\/span><\/div>\n<div  class='av-buildercomment  av-blog-meta-html-info-disabled av-blog-meta-tag-disabled  '><\/div>\n","protected":false},"excerpt":{"rendered":"","protected":false},"author":1,"featured_media":43399,"comment_status":"open","ping_status":"open","sticky":false,"template":"","format":"standard","meta":{"footnotes":""},"categories":[38],"tags":[],"class_list":["post-43398","post","type-post","status-publish","format-standard","has-post-thumbnail","hentry","category-regional"],"jetpack_featured_media_url":"https:\/\/radiorevelacionfm.cl\/wp-content\/uploads\/2024\/06\/img20240620wa0166-1.jpg","_links":{"self":[{"href":"https:\/\/radiorevelacionfm.cl\/index.php?rest_route=\/wp\/v2\/posts\/43398","targetHints":{"allow":["GET"]}}],"collection":[{"href":"https:\/\/radiorevelacionfm.cl\/index.php?rest_route=\/wp\/v2\/posts"}],"about":[{"href":"https:\/\/radiorevelacionfm.cl\/index.php?rest_route=\/wp\/v2\/types\/post"}],"author":[{"embeddable":true,"href":"https:\/\/radiorevelacionfm.cl\/index.php?rest_route=\/wp\/v2\/users\/1"}],"replies":[{"embeddable":true,"href":"https:\/\/radiorevelacionfm.cl\/index.php?rest_route=%2Fwp%2Fv2%2Fcomments&post=43398"}],"version-history":[{"count":1,"href":"https:\/\/radiorevelacionfm.cl\/index.php?rest_route=\/wp\/v2\/posts\/43398\/revisions"}],"predecessor-version":[{"id":43400,"href":"https:\/\/radiorevelacionfm.cl\/index.php?rest_route=\/wp\/v2\/posts\/43398\/revisions\/43400"}],"wp:featuredmedia":[{"embeddable":true,"href":"https:\/\/radiorevelacionfm.cl\/index.php?rest_route=\/wp\/v2\/media\/43399"}],"wp:attachment":[{"href":"https:\/\/radiorevelacionfm.cl\/index.php?rest_route=%2Fwp%2Fv2%2Fmedia&parent=43398"}],"wp:term":[{"taxonomy":"category","embeddable":true,"href":"https:\/\/radiorevelacionfm.cl\/index.php?rest_route=%2Fwp%2Fv2%2Fcategories&post=43398"},{"taxonomy":"post_tag","embeddable":true,"href":"https:\/\/radiorevelacionfm.cl\/index.php?rest_route=%2Fwp%2Fv2%2Ftags&post=43398"}],"curies":[{"name":"wp","href":"https:\/\/api.w.org\/{rel}","templated":true}]}}