{"id":43393,"date":"2024-06-22T14:01:14","date_gmt":"2024-06-22T17:01:14","guid":{"rendered":"https:\/\/radiorevelacionfm.cl\/?p=43393"},"modified":"2024-06-22T14:01:14","modified_gmt":"2024-06-22T17:01:14","slug":"restablecen-suministro-electrico-a-mas-del-90-de-los-clientes-interrumpidos-en-la-region","status":"publish","type":"post","link":"https:\/\/radiorevelacionfm.cl\/?p=43393","title":{"rendered":"Restablecen suministro el\u00e9ctrico a m\u00e1s del 90% de los clientes interrumpidos en la regi\u00f3n"},"content":{"rendered":"<div class=\"flex_column av_one_full  flex_column_div av-zero-column-padding first  avia-builder-el-0  el_before_av_one_full  avia-builder-el-first  \" style='border-radius:0px; '><div  class='avia-image-container  av-styling-    avia-builder-el-1  avia-builder-el-no-sibling  avia-align-center '  itemprop=\"image\" itemscope=\"itemscope\" itemtype=\"https:\/\/schema.org\/ImageObject\"  ><div class='avia-image-container-inner'><div class='avia-image-overlay-wrap'><img decoding=\"async\" class='wp-image-43394 avia-img-lazy-loading-not-43394 avia_image' src=\"https:\/\/radiorevelacionfm.cl\/wp-content\/uploads\/2024\/06\/pec-21_optimized.061-1-1-1.jpeg\" alt='' title='pec-21_optimized.061-(1)-(1) (1)' height=\"600\" width=\"800\"  itemprop=\"thumbnailUrl\" srcset=\"https:\/\/radiorevelacionfm.cl\/wp-content\/uploads\/2024\/06\/pec-21_optimized.061-1-1-1.jpeg 800w, https:\/\/radiorevelacionfm.cl\/wp-content\/uploads\/2024\/06\/pec-21_optimized.061-1-1-1-300x225.jpeg 300w, https:\/\/radiorevelacionfm.cl\/wp-content\/uploads\/2024\/06\/pec-21_optimized.061-1-1-1-768x576.jpeg 768w, https:\/\/radiorevelacionfm.cl\/wp-content\/uploads\/2024\/06\/pec-21_optimized.061-1-1-1-705x529.jpeg 705w, https:\/\/radiorevelacionfm.cl\/wp-content\/uploads\/2024\/06\/pec-21_optimized.061-1-1-1-450x338.jpeg 450w, https:\/\/radiorevelacionfm.cl\/wp-content\/uploads\/2024\/06\/pec-21_optimized.061-1-1-1-600x450.jpeg 600w\" sizes=\"(max-width: 800px) 100vw, 800px\" \/><\/div><\/div><\/div><\/div><div class=\"flex_column av_one_full  flex_column_div av-zero-column-padding first  avia-builder-el-2  el_after_av_one_full  el_before_av_one_full  column-top-margin\" style='border-radius:0px; '><section class=\"av_textblock_section \"  itemscope=\"itemscope\" itemtype=\"https:\/\/schema.org\/BlogPosting\" itemprop=\"blogPost\" ><div class='avia_textblock  '   itemprop=\"text\" ><p style=\"text-align: center;\"><strong><span style=\"font-size: 18pt;\">Restablecen suministro el\u00e9ctrico a m\u00e1s del 90% de los clientes interrumpidos en la regi\u00f3n<\/span><\/strong><\/p>\n<div id=\"gtx-trans\" style=\"position: absolute; left: -50px; top: 4.31534px;\">\n<div class=\"gtx-trans-icon\"><\/div>\n<\/div>\n<\/div><\/section><\/div><div class=\"flex_column av_one_full  flex_column_div av-zero-column-padding first  avia-builder-el-4  el_after_av_one_full  el_before_av_hr  column-top-margin\" style='border-radius:0px; '><section class=\"av_textblock_section \"  itemscope=\"itemscope\" itemtype=\"https:\/\/schema.org\/BlogPosting\" itemprop=\"blogPost\" ><div class='avia_textblock  '   itemprop=\"text\" ><p style=\"text-align: justify;\"><em>Tras el paso de un fuerte sistema frontal a causa de intensa nieve, los equipos t\u00e9cnicos agudizan sus esfuerzos para restablecer el servicio el\u00e9ctrico en su totalidad.<\/em><\/p>\n<p style=\"text-align: justify;\">Frente al fuerte sistema frontal que afect\u00f3 a la regi\u00f3n de Ays\u00e9n y en particular a los sectores rurales de la comuna de Coyhaique, los equipos t\u00e9cnicos de Edelaysen lograron la jornada de este viernes, restablecer el suministro el\u00e9ctrico a m\u00e1s del 90% de los usuarios afectados. Sin embargo, a\u00fan hay sectores peque\u00f1os que se encuentran pendientes de reparaci\u00f3n.<\/p>\n<p style=\"text-align: justify;\">Cabe recordar que, en relaci\u00f3n a las condiciones clim\u00e1ticas adversas, la comuna present\u00f3 ca\u00edda de ramas y \u00e1rboles, generando la suspensi\u00f3n de electricidad en la zona. La falla m\u00e1s significativa se produjo en las localidades rurales de Alto Baguales, Villa Ortega, \u00d1irehuao y El Gato. As\u00ed mismo, sectores como Lago Atravesado, El Verd\u00edn y Teniente Vidal sufrieron algunas interrupciones menores, donde llegaron brigadas de la el\u00e9ctrica para atender cada emergencia.<\/p>\n<p style=\"text-align: justify;\">Juan Cifra, jefe de Distribuci\u00f3n y Obras de Edelaysen, coment\u00f3 \u201cAgradecemos la paciencia y comprensi\u00f3n de nuestros clientes. Nuestras brigadas contin\u00faan trabajando para asegurar que el suministro el\u00e9ctrico sea restablecido en su totalidad lo antes posible. Si bien nuestras redes hab\u00edan resistido bastante bien, la nieve se torn\u00f3 mucho m\u00e1s intensa la madrugada de hoy viernes y eso gener\u00f3 da\u00f1os principalmente por \u00e1rboles y ramas ca\u00eddas, pero estamos comprometidos con nuestra comunidad, indicando que continuaremos esforz\u00e1ndonos para superar esta situaci\u00f3n\u201d.<\/p>\n<p style=\"text-align: justify;\">As\u00ed mismo, la el\u00e9ctrica mencion\u00f3 que durante la jornada, se desplegaron m\u00e1s de 50 personas abordando la emergencia, con brigadas operacionales, pesadas y comerciales, adem\u00e1s de supervisores y apoyo log\u00edstico para atender cada punto sin suministro de energ\u00eda, las cuales continuar\u00e1n atendiendo puntos pendientes y nuevas contingencias durante el fin de semana.<\/p>\n<p style=\"text-align: justify;\">De esta manera, la empresa el\u00e9ctrica destac\u00f3 que continuar\u00e1 informando a la comunidad sobre el progreso de los trabajos de reparaci\u00f3n y restablecimiento del servicio. Indicando sus canales de atenci\u00f3n como p\u00e1gina web <a href=\"http:\/\/www.edelaysen.cl\">www.edelaysen.cl<\/a> o la App Edelaysen donde se indica mapa de fallas y horarios estimados de reposici\u00f3n de energ\u00eda y su l\u00ednea gratuita 800 600 803.<\/p>\n<p style=\"text-align: justify;\"><strong>\u00a0<\/strong><\/p>\n<\/div><\/section><\/div><div  style='height:50px' class='hr hr-invisible   avia-builder-el-6  el_after_av_one_full  el_before_av_social_share '><span class='hr-inner ' ><span class='hr-inner-style'><\/span><\/span><\/div><\/p>\n<div  class='av-social-sharing-box  avia-builder-el-7  el_after_av_hr  el_before_av_hr  '><div class='av-share-box'><h5 class='av-share-link-description av-no-toc '>Compartir esta noticia<\/h5><ul class='av-share-box-list noLightbox'><li class='av-share-link av-social-link-facebook' ><a target=\"_blank\" aria-label=\"Compartir en Facebook\" href='https:\/\/www.facebook.com\/sharer.php?u=https:\/\/radiorevelacionfm.cl\/?p=43393&#038;t=Restablecen%20suministro%20el%C3%A9ctrico%20a%20m%C3%A1s%20del%2090%25%20de%20los%20clientes%20interrumpidos%20en%20la%20regi%C3%B3n' aria-hidden='false' data-av_icon='\ue8f3' data-av_iconfont='entypo-fontello' title='' data-avia-related-tooltip='Compartir en Facebook' rel=\"noopener\"><span class='avia_hidden_link_text'>Compartir en Facebook<\/span><\/a><\/li><li class='av-share-link av-social-link-twitter' ><a target=\"_blank\" aria-label=\"Compartir en Twitter\" href='https:\/\/twitter.com\/share?text=Restablecen%20suministro%20el%C3%A9ctrico%20a%20m%C3%A1s%20del%2090%25%20de%20los%20clientes%20interrumpidos%20en%20la%20regi%C3%B3n&#038;url=https:\/\/radiorevelacionfm.cl\/?p=43393' aria-hidden='false' data-av_icon='\ue8f1' data-av_iconfont='entypo-fontello' title='' data-avia-related-tooltip='Compartir en Twitter' rel=\"noopener\"><span class='avia_hidden_link_text'>Compartir en Twitter<\/span><\/a><\/li><li class='av-share-link av-social-link-whatsapp' ><a target=\"_blank\" aria-label=\"Compartir en Whatsapp\" href='https:\/\/api.whatsapp.com\/send?text=https:\/\/radiorevelacionfm.cl\/?p=43393' aria-hidden='false' data-av_icon='\uf232' data-av_iconfont='entypo-fontello' title='' data-avia-related-tooltip='Compartir en Whatsapp' rel=\"noopener\"><span class='avia_hidden_link_text'>Compartir en Whatsapp<\/span><\/a><\/li><li class='av-share-link av-social-link-linkedin' ><a target=\"_blank\" aria-label=\"Compartir en LinkedIn\" href='https:\/\/linkedin.com\/shareArticle?mini=true&#038;title=Restablecen%20suministro%20el%C3%A9ctrico%20a%20m%C3%A1s%20del%2090%25%20de%20los%20clientes%20interrumpidos%20en%20la%20regi%C3%B3n&#038;url=https:\/\/radiorevelacionfm.cl\/?p=43393' aria-hidden='false' data-av_icon='\ue8fc' data-av_iconfont='entypo-fontello' title='' data-avia-related-tooltip='Compartir en LinkedIn' rel=\"noopener\"><span class='avia_hidden_link_text'>Compartir en LinkedIn<\/span><\/a><\/li><li class='av-share-link av-social-link-mail' ><a  aria-label=\"Compartir por correo\" href='mailto:?subject=Restablecen%20suministro%20el%C3%A9ctrico%20a%20m%C3%A1s%20del%2090%25%20de%20los%20clientes%20interrumpidos%20en%20la%20regi%C3%B3n&#038;body=https:\/\/radiorevelacionfm.cl\/?p=43393' aria-hidden='false' data-av_icon='\ue805' data-av_iconfont='entypo-fontello' title='' data-avia-related-tooltip='Compartir por correo'><span class='avia_hidden_link_text'>Compartir por correo<\/span><\/a><\/li><\/ul><\/div><\/div>\n<div  style='height:50px' class='hr hr-invisible   avia-builder-el-8  el_after_av_social_share  el_before_av_comments_list '><span class='hr-inner ' ><span class='hr-inner-style'><\/span><\/span><\/div>\n<div  class='av-buildercomment  av-blog-meta-html-info-disabled av-blog-meta-tag-disabled  '><\/div>\n","protected":false},"excerpt":{"rendered":"","protected":false},"author":1,"featured_media":43394,"comment_status":"open","ping_status":"open","sticky":false,"template":"","format":"standard","meta":{"footnotes":""},"categories":[38],"tags":[],"class_list":["post-43393","post","type-post","status-publish","format-standard","has-post-thumbnail","hentry","category-regional"],"jetpack_featured_media_url":"https:\/\/radiorevelacionfm.cl\/wp-content\/uploads\/2024\/06\/pec-21_optimized.061-1-1-1.jpeg","_links":{"self":[{"href":"https:\/\/radiorevelacionfm.cl\/index.php?rest_route=\/wp\/v2\/posts\/43393","targetHints":{"allow":["GET"]}}],"collection":[{"href":"https:\/\/radiorevelacionfm.cl\/index.php?rest_route=\/wp\/v2\/posts"}],"about":[{"href":"https:\/\/radiorevelacionfm.cl\/index.php?rest_route=\/wp\/v2\/types\/post"}],"author":[{"embeddable":true,"href":"https:\/\/radiorevelacionfm.cl\/index.php?rest_route=\/wp\/v2\/users\/1"}],"replies":[{"embeddable":true,"href":"https:\/\/radiorevelacionfm.cl\/index.php?rest_route=%2Fwp%2Fv2%2Fcomments&post=43393"}],"version-history":[{"count":1,"href":"https:\/\/radiorevelacionfm.cl\/index.php?rest_route=\/wp\/v2\/posts\/43393\/revisions"}],"predecessor-version":[{"id":43395,"href":"https:\/\/radiorevelacionfm.cl\/index.php?rest_route=\/wp\/v2\/posts\/43393\/revisions\/43395"}],"wp:featuredmedia":[{"embeddable":true,"href":"https:\/\/radiorevelacionfm.cl\/index.php?rest_route=\/wp\/v2\/media\/43394"}],"wp:attachment":[{"href":"https:\/\/radiorevelacionfm.cl\/index.php?rest_route=%2Fwp%2Fv2%2Fmedia&parent=43393"}],"wp:term":[{"taxonomy":"category","embeddable":true,"href":"https:\/\/radiorevelacionfm.cl\/index.php?rest_route=%2Fwp%2Fv2%2Fcategories&post=43393"},{"taxonomy":"post_tag","embeddable":true,"href":"https:\/\/radiorevelacionfm.cl\/index.php?rest_route=%2Fwp%2Fv2%2Ftags&post=43393"}],"curies":[{"name":"wp","href":"https:\/\/api.w.org\/{rel}","templated":true}]}}