{"id":43383,"date":"2024-06-21T17:44:51","date_gmt":"2024-06-21T20:44:51","guid":{"rendered":"https:\/\/radiorevelacionfm.cl\/?p=43383"},"modified":"2024-06-21T21:00:50","modified_gmt":"2024-06-22T00:00:50","slug":"conoce-la-situacion-regional-ante-condicion-meteorologica-que-vive-aysen","status":"publish","type":"post","link":"https:\/\/radiorevelacionfm.cl\/?p=43383","title":{"rendered":"Conoce la situaci\u00f3n regional ante condici\u00f3n meteorol\u00f3gica que vive Ays\u00e9n"},"content":{"rendered":"<div class=\"flex_column av_one_full  flex_column_div av-zero-column-padding first  avia-builder-el-0  el_before_av_one_full  avia-builder-el-first  \" style='border-radius:0px; '><div  class='avia-image-container  av-styling-    avia-builder-el-1  avia-builder-el-no-sibling  avia-align-center '  itemprop=\"image\" itemscope=\"itemscope\" itemtype=\"https:\/\/schema.org\/ImageObject\"  ><div class='avia-image-container-inner'><div class='avia-image-overlay-wrap'><img decoding=\"async\" class='wp-image-43389 avia-img-lazy-loading-not-43389 avia_image' src=\"https:\/\/radiorevelacionfm.cl\/wp-content\/uploads\/2024\/06\/Barrenieve-1-1.jpg\" alt='' title='Barrenieve (1) (1)' height=\"600\" width=\"800\"  itemprop=\"thumbnailUrl\" srcset=\"https:\/\/radiorevelacionfm.cl\/wp-content\/uploads\/2024\/06\/Barrenieve-1-1.jpg 800w, https:\/\/radiorevelacionfm.cl\/wp-content\/uploads\/2024\/06\/Barrenieve-1-1-300x225.jpg 300w, https:\/\/radiorevelacionfm.cl\/wp-content\/uploads\/2024\/06\/Barrenieve-1-1-768x576.jpg 768w, https:\/\/radiorevelacionfm.cl\/wp-content\/uploads\/2024\/06\/Barrenieve-1-1-705x529.jpg 705w, https:\/\/radiorevelacionfm.cl\/wp-content\/uploads\/2024\/06\/Barrenieve-1-1-450x338.jpg 450w, https:\/\/radiorevelacionfm.cl\/wp-content\/uploads\/2024\/06\/Barrenieve-1-1-600x450.jpg 600w\" sizes=\"(max-width: 800px) 100vw, 800px\" \/><\/div><\/div><\/div><\/div>\n<div class=\"flex_column av_one_full  flex_column_div av-zero-column-padding first  avia-builder-el-2  el_after_av_one_full  el_before_av_one_full  column-top-margin\" style='border-radius:0px; '><section class=\"av_textblock_section \"  itemscope=\"itemscope\" itemtype=\"https:\/\/schema.org\/BlogPosting\" itemprop=\"blogPost\" ><div class='avia_textblock  '   itemprop=\"text\" ><p style=\"text-align: center;\"><strong><span style=\"font-size: 18pt;\">Conoce la situaci\u00f3n regional ante condici\u00f3n meteorol\u00f3gica que vive Ays\u00e9n<\/span><\/strong><\/p>\n<div id=\"gtx-trans\" style=\"position: absolute; left: -50px; top: 4.31534px;\">\n<div class=\"gtx-trans-icon\"><\/div>\n<\/div>\n<\/div><\/section><\/div>\n<div class=\"flex_column av_one_full  flex_column_div av-zero-column-padding first  avia-builder-el-4  el_after_av_one_full  el_before_av_hr  column-top-margin\" style='border-radius:0px; '><section class=\"av_textblock_section \"  itemscope=\"itemscope\" itemtype=\"https:\/\/schema.org\/BlogPosting\" itemprop=\"blogPost\" ><div class='avia_textblock  '   itemprop=\"text\" ><p style=\"text-align: justify;\"><span style=\"font-size: 12pt;\">Durante la presente jornada de este viernes 21 de junio 2024, autoridades han dado a conocer la situaci\u00f3n regional ante las condiciones clim\u00e1ticas que vive la regi\u00f3n de Ays\u00e9n. (Actualizaci\u00f3n 21\/06\/24 18:00 hrs).\u00a0<\/span><\/p>\n<p style=\"text-align: justify;\"><strong><u>PROVINCIA DE AYSEN<\/u><\/strong><\/p>\n<p style=\"text-align: justify;\">Ruta 7 Norte Portezuelo Queulat desde Cruce Cisnes a Puyuhuapi, desde hoy 21 de Junio a las 18:00 hrs. hasta ma\u00f1ana a las 09:00 hrs. del d\u00eda 22 de Junio de 2024, previa evaluaci\u00f3n por personal de Vialidad<\/p>\n<p style=\"text-align: justify;\">Ruta ch 240 Coyhaique \u2013 Puerto Aysen, uso obligatorio de cadenas, tr\u00e1nsito con precauci\u00f3n. Ruta 7 norte sector Ma\u00f1ihuales minera el Toqui, maquinaria trabajando en despeje de la ruta.<\/p>\n<p style=\"text-align: justify;\">Ruta Tapera, maquinaria sali\u00f3 hoy en la ma\u00f1ana desde Villa Amengual en trabajos de despeje de la ruta.<\/p>\n<p style=\"text-align: justify;\">En caminos secundarios se est\u00e1 trabajando en despeje de nieve por parte de Vialidad de acuerdo con su programa de invierno.<\/p>\n<p style=\"text-align: justify;\"><strong><u>PROVINCIA DE COYHAIQUE<\/u><\/strong><\/p>\n<p style=\"text-align: justify;\">Delegaci\u00f3n Presidencial Regional Aysen, Informa:<\/p>\n<p style=\"text-align: justify;\"><strong>Resoluci\u00f3n Exenta N\u00b0430 del d\u00eda 21 de Junio de 2024:<\/strong><\/p>\n<p style=\"text-align: justify;\">Cierre de Paso Fronterizo \u201cPampa Alta\u201d, desde hoy 21 de junio hasta el 01 de septiembre de 2024.<\/p>\n<ol style=\"text-align: justify;\">\n<li>b) Que, se mantiene cerrado el Paso Fronterizo \u201cEl Triana\u201d, dado que la Resoluci\u00f3n Exenta N\u00b0 552\/2023 no ha sufrido modificaciones, hasta nueva determinaci\u00f3n.<\/li>\n<\/ol>\n<p style=\"text-align: justify;\"><strong>Resoluci\u00f3n Exenta N\u00b0431 del d\u00eda 21 de Junio de 2024:<\/strong><\/p>\n<p style=\"text-align: justify;\">Nuevo horario de operaci\u00f3n del Complejo Fronterizo Integrado Huemules, a contar del 20 de junio de 2024, fij\u00e1ndose desde las 08:00 a las 17:00, hasta nueva determinaci\u00f3n.<\/p>\n<ol style=\"text-align: justify;\">\n<li>b) A contar del 20 de junio de 2024, respecto al Complejo Fronterizo Coyhaique Alto, se restringe el tr\u00e1nsito solamente a los residentes.<\/li>\n<\/ol>\n<p style=\"text-align: justify;\">Al momento existen aproximadamente 20 familias afectadas por terrestre, que principalmente son adulto mayor en los sectores del Villa Ortega, \u00d1irehuao, El Richard a los cuales se les entregaran canastas familiares proporcionadas por SENAPRED, y distribuidas por la I. Municipalidad e Coyhaique.<\/p>\n<p style=\"text-align: justify;\">Ruta 7 sur entre Coyhaique y Balmaceda se habilita a las 13:30 con transito desde Coyhaique a Balmaceda y posterior a las 14:00 Hrs. con transito desde Balmaceda a Coyhaique, Uso obligatorio de cadenas.<\/p>\n<p style=\"text-align: justify;\">Ruta 7 Sur entre el sector Vista Hermosa hasta Cruce Ib\u00e1\u00f1ez &#8211; Castillo (cuesta el diablo- portezuelo), no habr\u00e1 cierre de ruta, \u00c9l se camino est\u00e1 totalmente transitable y con buen ancho, las condiciones clim\u00e1ticas son buenas y con buen pron\u00f3stico, por lo cual no es necesario cortar, Carabineros reforzara en sector Ruta 7 Cruce Ib\u00e1\u00f1ez el uso obligado de cadenas a los conductores<\/p>\n<p style=\"text-align: justify;\">Ruta 7 norte \u2013 Villa Ortega con nieve y hielo, transitable para veh\u00edculos doble tracci\u00f3n, de lo contrario uso de cadenas.<\/p>\n<p style=\"text-align: justify;\">Ruta 243 ch (Coyhaique alto), me informan que se logr\u00f3 despejar hasta la frontera, uso obligatorio de cadenas.<\/p>\n<p style=\"text-align: justify;\">Para ma\u00f1ana se realizan trabajos de despeje Fraile, Lago Fr\u00edo, Triada, Lago Pollux, Lago Castor.<\/p>\n<p style=\"text-align: justify;\">En caminos secundarios se est\u00e1 trabajando en despeje de nieve por parte de Vialidad de acuerdo con su programa de invierno.<\/p>\n<p style=\"text-align: justify;\"><strong><u>PROVINCIA GENERAL CARRERA<\/u><\/strong><\/p>\n<p style=\"text-align: justify;\">Ruta ch 265, sector paso las llaves, ruta cortada para todo tipo de veh\u00edculos, por rodado y ca\u00edda de nieve, personal de vialidad en conocimiento y maquinaria en trabajos de despeje de ruta, para posterior iniciar trabajos de despeje en el sector del rodado.<\/p>\n<p style=\"text-align: justify;\">Ruta entre cerro castillo hasta Cochrane habilitado para todo tipo de veh\u00edculos, uso obligatorio de cadenas, ruta con nieve y escarcha en algunos sectores.<\/p>\n<p style=\"text-align: justify;\">En caminos secundarios se est\u00e1 trabajando en despeje de nieve por parte de Vialidad de acuerdo con su programa de invierno.<\/p>\n<p style=\"text-align: justify;\"><strong><u>PROVINCIA CAPIT\u00c1N PRAT<\/u><\/strong><\/p>\n<p style=\"text-align: justify;\">Todas las rutas se encuentran transitables con precauci\u00f3n uso obligatorio de cadenas, ya que en algunos sectores se encuentran con nieve y escarcha, personal de vialidad en conocimiento.<\/p>\n<p style=\"text-align: justify;\">Se informa que hoy se ha despejado nieve entre Cochrane y Barrancoso, donde igualmente se ha esparcido sal, mismas operaciones que se han ejecutado de Cochrane al Puente Tranquilo, camino a San Lorenzo. Por \u00faltimo, se ha despejado la ruta X-83, Entrada Baker &#8211; Paso Roballo, Ma\u00f1ana repasaremos de Cochrane al Barrancoso, ya que ten\u00edamos bastante nieve y hielo.<\/p>\n<p style=\"text-align: justify;\">Ma\u00f1ana sale equipo de apoyo por parte de Vialidad Capit\u00e1n Prat para realizar despeje en zona de Pto. Tranquilo &#8211; Cruce Mait\u00e9n en Ruta 7 Sur, Uso obligatorio de cadenas.<\/p>\n<p style=\"text-align: justify;\">En caminos secundarios se est\u00e1 trabajando en despeje de nieve por parte de Vialidad de acuerdo con su programa de invierno.<\/p>\n<p style=\"text-align: justify;\"><strong>INFORMACI\u00d3N SOBRE SERVICIOS B\u00c1SICOS:<\/strong><\/p>\n<table>\n<tbody>\n<tr>\n<td colspan=\"3\" width=\"599\"><strong>Afectaci\u00f3n por corte de suministro de agua potable <\/strong><strong style=\"font-family: inherit;\">por turbiedad<\/strong><\/td>\n<\/tr>\n<tr>\n<td width=\"130\"><strong>Comuna<\/strong><\/td>\n<td width=\"198\"><strong>Corte de suministro el\u00e9ctrico (N\u00b0 de clientes)<\/strong><\/td>\n<td width=\"270\"><strong>Corte de suministro de agua potable<\/strong><\/p>\n<p><strong>(N\u00b0 de clientes)<\/strong><\/td>\n<\/tr>\n<tr>\n<td width=\"130\">COYHAIQUE<\/td>\n<td width=\"198\">2861<\/td>\n<td width=\"270\">0<\/td>\n<\/tr>\n<\/tbody>\n<\/table>\n<p style=\"text-align: justify;\">Personal de empresa Edelaysen se encuentra trabajando en distintos sectores de la comuna en la recuperaci\u00f3n del servicio.<\/p>\n<p style=\"text-align: justify;\">El Sistema de gesti\u00f3n del riesgo se mantiene activo y monitoreando de manera coordinada las diversas situaciones de emergencia que se puedan suscitar producto de las precipitaciones de nieve en la Regi\u00f3n.<\/p>\n<p style=\"text-align: justify;\"><strong>ESTADO DE PUERTOS:<\/strong><\/p>\n<p style=\"text-align: justify;\">A continuaci\u00f3n, se detallan las alteraciones de conectividad m\u00e1s importante a nivel regional.<\/p>\n<table>\n<tbody>\n<tr>\n<td width=\"178\"><strong>COMUNA<\/strong><\/td>\n<td width=\"180\"><strong>ESTADO<\/strong> <strong>DE<\/strong> <strong>PUERTO<\/strong><\/td>\n<td width=\"158\"><strong>MOTIVO DE LA ALTERACI\u00d3N<\/strong><\/td>\n<\/tr>\n<tr>\n<td width=\"178\"><strong>COMUNA DE AYSEN<\/strong><\/td>\n<td width=\"180\">MELINKA<\/td>\n<td width=\"158\">PUERTO CERRADO<\/td>\n<\/tr>\n<tr>\n<td width=\"178\"><\/td>\n<td width=\"180\">CISNES<\/td>\n<td width=\"158\">OPERATIVO CONDICI\u00d3N<\/p>\n<p>NORMAL<\/td>\n<\/tr>\n<tr>\n<td width=\"178\"><\/td>\n<td width=\"180\">PUERTO AGUIRRE<\/td>\n<td width=\"158\">PUERTO CERRADO<\/td>\n<\/tr>\n<tr>\n<td width=\"178\"><\/td>\n<td width=\"180\">R. MAR\u00cdN B.<\/td>\n<td width=\"158\">OPERATIVO CONDICI\u00d3N<\/p>\n<p>NORMAL<\/td>\n<\/tr>\n<tr>\n<td width=\"178\"><\/td>\n<td width=\"180\">CHACABUCO<\/td>\n<td width=\"158\">OPERATIVO CONDICI\u00d3N<\/p>\n<p>NORMAL<\/td>\n<\/tr>\n<tr>\n<td width=\"178\"><strong>COMUNA DE GENERAL CARRERA<\/strong><\/td>\n<td width=\"180\">IB\u00c1\u00d1EZ<\/td>\n<td width=\"158\">OPERATIVO CONDICI\u00d3N NORMAL<\/td>\n<\/tr>\n<tr>\n<td width=\"178\"><\/td>\n<td width=\"180\">CHILE CHICO<\/td>\n<td width=\"158\">OPERATIVO CONDICI\u00d3N NORMAL<\/td>\n<\/tr>\n<tr>\n<td width=\"178\"><strong>CAPIT\u00c1N<\/strong><strong> PRAT<\/strong><\/td>\n<td width=\"180\">PUERTO BACKER, ENTRE RIO<\/p>\n<p>YUNGAY A RIO BRAVO<\/td>\n<td width=\"158\">PUERTO CERRADO<\/td>\n<\/tr>\n<\/tbody>\n<\/table>\n<p style=\"text-align: justify;\">Fuente: Sistema Regional de Protecci\u00f3n Civil.<\/p>\n<p><strong>AER\u00d3DROMO DE BALMACEDA:<\/strong><\/p>\n<p style=\"text-align: justify;\">Personal de DGAC Aer\u00f3dromo Balmaceda informa que ha mejorado notoriamente la condici\u00f3n clim\u00e1tica, el aer\u00f3dromo queda operativo, se espera que puedan concretar el m\u00e1ximo de operaciones el d\u00eda de hoy, cual quiera otro cambio se informar\u00e1 a la brevedad.<\/p>\n<p style=\"text-align: justify;\">CURSOS DE ACCI\u00d3N:<\/p>\n<p style=\"text-align: justify;\">Se mantiene monitoreo constante por parte de la Unidad de Alerta Temprana y la Direcci\u00f3n Regional de SENAPRED, con las distintas unidades de Carabineros de la regi\u00f3n y personal de Vialidad.<\/p>\n<\/div><\/section><\/div><div  style='height:50px' class='hr hr-invisible   avia-builder-el-6  el_after_av_one_full  el_before_av_social_share '><span class='hr-inner ' ><span class='hr-inner-style'><\/span><\/span><\/div><\/p>\n<div  class='av-social-sharing-box  avia-builder-el-7  el_after_av_hr  el_before_av_hr  '><div class='av-share-box'><h5 class='av-share-link-description av-no-toc '>Compartir esta noticia<\/h5><ul class='av-share-box-list noLightbox'><li class='av-share-link av-social-link-facebook' ><a target=\"_blank\" aria-label=\"Compartir en Facebook\" href='https:\/\/www.facebook.com\/sharer.php?u=https:\/\/radiorevelacionfm.cl\/?p=43383&#038;t=Conoce%20la%20situaci%C3%B3n%20regional%20ante%20condici%C3%B3n%20meteorol%C3%B3gica%20que%20vive%20Ays%C3%A9n' aria-hidden='false' data-av_icon='\ue8f3' data-av_iconfont='entypo-fontello' title='' data-avia-related-tooltip='Compartir en Facebook' rel=\"noopener\"><span class='avia_hidden_link_text'>Compartir en Facebook<\/span><\/a><\/li><li class='av-share-link av-social-link-twitter' ><a target=\"_blank\" aria-label=\"Compartir en Twitter\" href='https:\/\/twitter.com\/share?text=Conoce%20la%20situaci%C3%B3n%20regional%20ante%20condici%C3%B3n%20meteorol%C3%B3gica%20que%20vive%20Ays%C3%A9n&#038;url=https:\/\/radiorevelacionfm.cl\/?p=43383' aria-hidden='false' data-av_icon='\ue8f1' data-av_iconfont='entypo-fontello' title='' data-avia-related-tooltip='Compartir en Twitter' rel=\"noopener\"><span class='avia_hidden_link_text'>Compartir en Twitter<\/span><\/a><\/li><li class='av-share-link av-social-link-whatsapp' ><a target=\"_blank\" aria-label=\"Compartir en Whatsapp\" href='https:\/\/api.whatsapp.com\/send?text=https:\/\/radiorevelacionfm.cl\/?p=43383' aria-hidden='false' data-av_icon='\uf232' data-av_iconfont='entypo-fontello' title='' data-avia-related-tooltip='Compartir en Whatsapp' rel=\"noopener\"><span class='avia_hidden_link_text'>Compartir en Whatsapp<\/span><\/a><\/li><li class='av-share-link av-social-link-linkedin' ><a target=\"_blank\" aria-label=\"Compartir en LinkedIn\" href='https:\/\/linkedin.com\/shareArticle?mini=true&#038;title=Conoce%20la%20situaci%C3%B3n%20regional%20ante%20condici%C3%B3n%20meteorol%C3%B3gica%20que%20vive%20Ays%C3%A9n&#038;url=https:\/\/radiorevelacionfm.cl\/?p=43383' aria-hidden='false' data-av_icon='\ue8fc' data-av_iconfont='entypo-fontello' title='' data-avia-related-tooltip='Compartir en LinkedIn' rel=\"noopener\"><span class='avia_hidden_link_text'>Compartir en LinkedIn<\/span><\/a><\/li><li class='av-share-link av-social-link-mail' ><a  aria-label=\"Compartir por correo\" href='mailto:?subject=Conoce%20la%20situaci%C3%B3n%20regional%20ante%20condici%C3%B3n%20meteorol%C3%B3gica%20que%20vive%20Ays%C3%A9n&#038;body=https:\/\/radiorevelacionfm.cl\/?p=43383' aria-hidden='false' data-av_icon='\ue805' data-av_iconfont='entypo-fontello' title='' data-avia-related-tooltip='Compartir por correo'><span class='avia_hidden_link_text'>Compartir por correo<\/span><\/a><\/li><\/ul><\/div><\/div>\n<div  style='height:50px' class='hr hr-invisible   avia-builder-el-8  el_after_av_social_share  el_before_av_comments_list '><span class='hr-inner ' ><span class='hr-inner-style'><\/span><\/span><\/div>\n<div  class='av-buildercomment  av-blog-meta-html-info-disabled av-blog-meta-tag-disabled  '><\/div>\n","protected":false},"excerpt":{"rendered":"","protected":false},"author":1,"featured_media":43389,"comment_status":"open","ping_status":"open","sticky":false,"template":"","format":"standard","meta":{"footnotes":""},"categories":[38],"tags":[],"class_list":["post-43383","post","type-post","status-publish","format-standard","has-post-thumbnail","hentry","category-regional"],"jetpack_featured_media_url":"https:\/\/radiorevelacionfm.cl\/wp-content\/uploads\/2024\/06\/Barrenieve-1-1.jpg","_links":{"self":[{"href":"https:\/\/radiorevelacionfm.cl\/index.php?rest_route=\/wp\/v2\/posts\/43383","targetHints":{"allow":["GET"]}}],"collection":[{"href":"https:\/\/radiorevelacionfm.cl\/index.php?rest_route=\/wp\/v2\/posts"}],"about":[{"href":"https:\/\/radiorevelacionfm.cl\/index.php?rest_route=\/wp\/v2\/types\/post"}],"author":[{"embeddable":true,"href":"https:\/\/radiorevelacionfm.cl\/index.php?rest_route=\/wp\/v2\/users\/1"}],"replies":[{"embeddable":true,"href":"https:\/\/radiorevelacionfm.cl\/index.php?rest_route=%2Fwp%2Fv2%2Fcomments&post=43383"}],"version-history":[{"count":4,"href":"https:\/\/radiorevelacionfm.cl\/index.php?rest_route=\/wp\/v2\/posts\/43383\/revisions"}],"predecessor-version":[{"id":43392,"href":"https:\/\/radiorevelacionfm.cl\/index.php?rest_route=\/wp\/v2\/posts\/43383\/revisions\/43392"}],"wp:featuredmedia":[{"embeddable":true,"href":"https:\/\/radiorevelacionfm.cl\/index.php?rest_route=\/wp\/v2\/media\/43389"}],"wp:attachment":[{"href":"https:\/\/radiorevelacionfm.cl\/index.php?rest_route=%2Fwp%2Fv2%2Fmedia&parent=43383"}],"wp:term":[{"taxonomy":"category","embeddable":true,"href":"https:\/\/radiorevelacionfm.cl\/index.php?rest_route=%2Fwp%2Fv2%2Fcategories&post=43383"},{"taxonomy":"post_tag","embeddable":true,"href":"https:\/\/radiorevelacionfm.cl\/index.php?rest_route=%2Fwp%2Fv2%2Ftags&post=43383"}],"curies":[{"name":"wp","href":"https:\/\/api.w.org\/{rel}","templated":true}]}}