{"id":43380,"date":"2024-06-21T21:04:18","date_gmt":"2024-06-22T00:04:18","guid":{"rendered":"https:\/\/radiorevelacionfm.cl\/?p=43380"},"modified":"2024-06-21T21:04:18","modified_gmt":"2024-06-22T00:04:18","slug":"programa-de-desarrollo-territorial-indigena-entregan-recursos-invernales-para-la-agricultura-familiar-campesina","status":"publish","type":"post","link":"https:\/\/radiorevelacionfm.cl\/?p=43380","title":{"rendered":"Programa de Desarrollo Territorial Ind\u00edgena: Entregan recursos invernales para la agricultura familiar campesina"},"content":{"rendered":"<div class=\"flex_column av_one_full  flex_column_div av-zero-column-padding first  avia-builder-el-0  el_before_av_one_full  avia-builder-el-first  \" style='border-radius:0px; '><div  class='avia-image-container  av-styling-    avia-builder-el-1  avia-builder-el-no-sibling  avia-align-center '  itemprop=\"image\" itemscope=\"itemscope\" itemtype=\"https:\/\/schema.org\/ImageObject\"  ><div class='avia-image-container-inner'><div class='avia-image-overlay-wrap'><img decoding=\"async\" class='wp-image-43381 avia-img-lazy-loading-not-43381 avia_image' src=\"https:\/\/radiorevelacionfm.cl\/wp-content\/uploads\/2024\/06\/foto-pdti-06-1_optimized.jpeg\" alt='' title='foto-pdti---06-(1)_optimized' height=\"600\" width=\"811\"  itemprop=\"thumbnailUrl\" srcset=\"https:\/\/radiorevelacionfm.cl\/wp-content\/uploads\/2024\/06\/foto-pdti-06-1_optimized.jpeg 811w, https:\/\/radiorevelacionfm.cl\/wp-content\/uploads\/2024\/06\/foto-pdti-06-1_optimized-300x222.jpeg 300w, https:\/\/radiorevelacionfm.cl\/wp-content\/uploads\/2024\/06\/foto-pdti-06-1_optimized-768x568.jpeg 768w, https:\/\/radiorevelacionfm.cl\/wp-content\/uploads\/2024\/06\/foto-pdti-06-1_optimized-705x522.jpeg 705w, https:\/\/radiorevelacionfm.cl\/wp-content\/uploads\/2024\/06\/foto-pdti-06-1_optimized-450x333.jpeg 450w, https:\/\/radiorevelacionfm.cl\/wp-content\/uploads\/2024\/06\/foto-pdti-06-1_optimized-600x444.jpeg 600w\" sizes=\"(max-width: 811px) 100vw, 811px\" \/><\/div><\/div><\/div><\/div><div class=\"flex_column av_one_full  flex_column_div av-zero-column-padding first  avia-builder-el-2  el_after_av_one_full  el_before_av_one_full  column-top-margin\" style='border-radius:0px; '><section class=\"av_textblock_section \"  itemscope=\"itemscope\" itemtype=\"https:\/\/schema.org\/BlogPosting\" itemprop=\"blogPost\" ><div class='avia_textblock  '   itemprop=\"text\" ><p style=\"text-align: center;\"><strong><span style=\"font-size: 18pt;\">Programa de Desarrollo Territorial Ind\u00edgena: Entregan recursos invernales para la agricultura familiar campesina<\/span><\/strong><\/p>\n<div id=\"gtx-trans\" style=\"position: absolute; left: -50px; top: 4.31534px;\">\n<div class=\"gtx-trans-icon\"><\/div>\n<\/div>\n<\/div><\/section><\/div><div class=\"flex_column av_one_full  flex_column_div av-zero-column-padding first  avia-builder-el-4  el_after_av_one_full  el_before_av_hr  column-top-margin\" style='border-radius:0px; '><section class=\"av_textblock_section \"  itemscope=\"itemscope\" itemtype=\"https:\/\/schema.org\/BlogPosting\" itemprop=\"blogPost\" ><div class='avia_textblock  '   itemprop=\"text\" ><p style=\"text-align: justify;\">El seremi de Agricultura de la regi\u00f3n de Ays\u00e9n, Eugenio Ruiz, junto a la directora regional del Instituto de Desarrollo Agropecuario (INDAP), Yessica Lagos, y el alcalde de la Ilustre Municipalidad de Coyhaique, Carlos Gatica, estuvieron presentes en la entrega, gestada a trav\u00e9s de compra asociativa, de 6 toneladas de ma\u00edz, trigo y concentrado de alimentaci\u00f3n ganadera y de aves de corral a 26 beneficiarias y beneficiarios de pueblos originarios de Coyhaique, comprendiendo a sus familias y comunidades, asociadas al Programa de Desarrollo Territorial Ind\u00edgena (PDTI) que desarrolla INDAP Ays\u00e9n, del Ministerio de Agricultura, y en convenio con el municipio.<\/p>\n<p style=\"text-align: justify;\">La iniciativa se enmarca en el convenio tripartito de INDAP del Minagri, en alianza con la Corporaci\u00f3n Nacional de Desarrollo Ind\u00edgena (CONADI) y municipios, que sostiene un financiamiento de 25 millones de pesos para asesor\u00edas t\u00e9cnicas y 23 millones de pesos para inversi\u00f3n, con motivo de fortalecer la agricultura familiar campesina e ind\u00edgena.<\/p>\n<p style=\"text-align: justify;\">En este sentido, el seremi de Agricultura de la regi\u00f3n de Ays\u00e9n, Eugenio Ruiz, sostuvo que \u00abel PDTI est\u00e1 entregando recursos a trav\u00e9s del INDAP y cumple un rol muy importante porque el Gobierno de Chile se hace presente en terreno, cumpliendo metas. Tendremos pr\u00f3ximos d\u00edas con bastante nieve y hemos ido a recorrer sectores altos de la regi\u00f3n, con condiciones clim\u00e1ticas similares, por lo que este apoyo directo a productoras y productores ind\u00edgenas es para que puedan prepararse frente al invierno\u00bb.<\/p>\n<p style=\"text-align: justify;\">En palabras del alcalde de la Ilustre Municipalidad de Coyhaique, Carlos Gatica, \u00abgracias a un trabajo conjunto, podemos ejecutar este programa por primera vez en Coyhaique. Estamos muy contentos porque en un tiempo tan necesario como lo que estamos viendo hoy d\u00eda se ha podido entregar m\u00e1s de alimento concentrado a nuestros vecinos del sector rural para fortalecer la agricultura familiar campesina, pero adem\u00e1s con un concepto territorial ind\u00edgena muy importante. Esto es un avance significativo. Esperamos en el pronto tiempo, tambi\u00e9n a trav\u00e9s de otras herramientas que tiene la seremi de Agricultura y trabajamos en conjunto a Indap, poder llegar a el sector norte y sur a trav\u00e9s de los programas de prodesal\u00bb.<\/p>\n<p style=\"text-align: justify;\">De esta manera, la entrega de recursos es crucial para garantizar la alimentaci\u00f3n del ganado y las aves dom\u00e9sticas durante el invierno, asegurando as\u00ed la sostenibilidad de las actividades agropecuarias locales.<\/p>\n<p style=\"text-align: justify;\">Por su parte, la directora regional de INDAP, Yessica\u00a0Lagos C\u00e1rdenas, destac\u00f3 la importancia de esta iniciativa, subrayando que \u00abel Programa de Desarrollo Territorial Ind\u00edgena (PDTI) de INDAP-CONADI, es un programa que est\u00e1 orientado a fortalecer la econom\u00eda de nuestros pueblos originarios, las actividades silvoagropecuarias que hist\u00f3ricamente se han realizado, adem\u00e1s de rescatar el conocimiento ancestral del trabajo de la tierra. Es un programa que estamos ejecutando con el Municipio de Coyhaique y que hab\u00eda sido solicitado hace mucho tiempo, y por fin logramos apalancar estos recursos. Son m\u00e1s de 40 millones de pesos que van a permitir un apoyo a nuestras familias campesinas e ind\u00edgenas\u00bb.<\/p>\n<p style=\"text-align: justify;\">Por otro lado, para las y los usuarios del programa, durante julio pr\u00f3ximo se extender\u00e1 un llamado a concurso para proyectos de inversi\u00f3n con la finalidad de incentivar a las comunidades a presentar sus propuestas y continuar desarrollando sus capacidades productivas.<\/p>\n<p style=\"text-align: justify;\">Asimismo, cabe se\u00f1alar que dichas iniciativas se enmarcan en el plan de medidas preventivas invernales que impulsa la seremi de Agricultura, tales como el Fondo de Operaci\u00f3n Anual de INDAP, ejecutada durante abril del presente a\u00f1o, el cual permiti\u00f3 apoyar a 760 productoras y productores de las comunas de Chile Chico, Cochrane, Cisnes, Lago Verde, Ays\u00e9n, R\u00edo Ib\u00e1\u00f1ez y Coyhaique, con una inversi\u00f3n de m\u00e1s de 110 millones de pesos.<\/p>\n<\/div><\/section><\/div><div  style='height:50px' class='hr hr-invisible   avia-builder-el-6  el_after_av_one_full  el_before_av_social_share '><span class='hr-inner ' ><span class='hr-inner-style'><\/span><\/span><\/div><\/p>\n<div  class='av-social-sharing-box  avia-builder-el-7  el_after_av_hr  el_before_av_hr  '><div class='av-share-box'><h5 class='av-share-link-description av-no-toc '>Compartir esta noticia<\/h5><ul class='av-share-box-list noLightbox'><li class='av-share-link av-social-link-facebook' ><a target=\"_blank\" aria-label=\"Compartir en Facebook\" href='https:\/\/www.facebook.com\/sharer.php?u=https:\/\/radiorevelacionfm.cl\/?p=43380&#038;t=Programa%20de%20Desarrollo%20Territorial%20Ind%C3%ADgena%3A%20Entregan%20recursos%20invernales%20para%20la%20agricultura%20familiar%20campesina' aria-hidden='false' data-av_icon='\ue8f3' data-av_iconfont='entypo-fontello' title='' data-avia-related-tooltip='Compartir en Facebook' rel=\"noopener\"><span class='avia_hidden_link_text'>Compartir en Facebook<\/span><\/a><\/li><li class='av-share-link av-social-link-twitter' ><a target=\"_blank\" aria-label=\"Compartir en Twitter\" href='https:\/\/twitter.com\/share?text=Programa%20de%20Desarrollo%20Territorial%20Ind%C3%ADgena%3A%20Entregan%20recursos%20invernales%20para%20la%20agricultura%20familiar%20campesina&#038;url=https:\/\/radiorevelacionfm.cl\/?p=43380' aria-hidden='false' data-av_icon='\ue8f1' data-av_iconfont='entypo-fontello' title='' data-avia-related-tooltip='Compartir en Twitter' rel=\"noopener\"><span class='avia_hidden_link_text'>Compartir en Twitter<\/span><\/a><\/li><li class='av-share-link av-social-link-whatsapp' ><a target=\"_blank\" aria-label=\"Compartir en Whatsapp\" href='https:\/\/api.whatsapp.com\/send?text=https:\/\/radiorevelacionfm.cl\/?p=43380' aria-hidden='false' data-av_icon='\uf232' data-av_iconfont='entypo-fontello' title='' data-avia-related-tooltip='Compartir en Whatsapp' rel=\"noopener\"><span class='avia_hidden_link_text'>Compartir en Whatsapp<\/span><\/a><\/li><li class='av-share-link av-social-link-linkedin' ><a target=\"_blank\" aria-label=\"Compartir en LinkedIn\" href='https:\/\/linkedin.com\/shareArticle?mini=true&#038;title=Programa%20de%20Desarrollo%20Territorial%20Ind%C3%ADgena%3A%20Entregan%20recursos%20invernales%20para%20la%20agricultura%20familiar%20campesina&#038;url=https:\/\/radiorevelacionfm.cl\/?p=43380' aria-hidden='false' data-av_icon='\ue8fc' data-av_iconfont='entypo-fontello' title='' data-avia-related-tooltip='Compartir en LinkedIn' rel=\"noopener\"><span class='avia_hidden_link_text'>Compartir en LinkedIn<\/span><\/a><\/li><li class='av-share-link av-social-link-mail' ><a  aria-label=\"Compartir por correo\" href='mailto:?subject=Programa%20de%20Desarrollo%20Territorial%20Ind%C3%ADgena%3A%20Entregan%20recursos%20invernales%20para%20la%20agricultura%20familiar%20campesina&#038;body=https:\/\/radiorevelacionfm.cl\/?p=43380' aria-hidden='false' data-av_icon='\ue805' data-av_iconfont='entypo-fontello' title='' data-avia-related-tooltip='Compartir por correo'><span class='avia_hidden_link_text'>Compartir por correo<\/span><\/a><\/li><\/ul><\/div><\/div>\n<div  style='height:50px' class='hr hr-invisible   avia-builder-el-8  el_after_av_social_share  el_before_av_comments_list '><span class='hr-inner ' ><span class='hr-inner-style'><\/span><\/span><\/div>\n<div  class='av-buildercomment  av-blog-meta-html-info-disabled av-blog-meta-tag-disabled  '><\/div>\n","protected":false},"excerpt":{"rendered":"","protected":false},"author":1,"featured_media":43381,"comment_status":"open","ping_status":"open","sticky":false,"template":"","format":"standard","meta":{"footnotes":""},"categories":[38],"tags":[],"class_list":["post-43380","post","type-post","status-publish","format-standard","has-post-thumbnail","hentry","category-regional"],"jetpack_featured_media_url":"https:\/\/radiorevelacionfm.cl\/wp-content\/uploads\/2024\/06\/foto-pdti-06-1_optimized.jpeg","_links":{"self":[{"href":"https:\/\/radiorevelacionfm.cl\/index.php?rest_route=\/wp\/v2\/posts\/43380","targetHints":{"allow":["GET"]}}],"collection":[{"href":"https:\/\/radiorevelacionfm.cl\/index.php?rest_route=\/wp\/v2\/posts"}],"about":[{"href":"https:\/\/radiorevelacionfm.cl\/index.php?rest_route=\/wp\/v2\/types\/post"}],"author":[{"embeddable":true,"href":"https:\/\/radiorevelacionfm.cl\/index.php?rest_route=\/wp\/v2\/users\/1"}],"replies":[{"embeddable":true,"href":"https:\/\/radiorevelacionfm.cl\/index.php?rest_route=%2Fwp%2Fv2%2Fcomments&post=43380"}],"version-history":[{"count":1,"href":"https:\/\/radiorevelacionfm.cl\/index.php?rest_route=\/wp\/v2\/posts\/43380\/revisions"}],"predecessor-version":[{"id":43382,"href":"https:\/\/radiorevelacionfm.cl\/index.php?rest_route=\/wp\/v2\/posts\/43380\/revisions\/43382"}],"wp:featuredmedia":[{"embeddable":true,"href":"https:\/\/radiorevelacionfm.cl\/index.php?rest_route=\/wp\/v2\/media\/43381"}],"wp:attachment":[{"href":"https:\/\/radiorevelacionfm.cl\/index.php?rest_route=%2Fwp%2Fv2%2Fmedia&parent=43380"}],"wp:term":[{"taxonomy":"category","embeddable":true,"href":"https:\/\/radiorevelacionfm.cl\/index.php?rest_route=%2Fwp%2Fv2%2Fcategories&post=43380"},{"taxonomy":"post_tag","embeddable":true,"href":"https:\/\/radiorevelacionfm.cl\/index.php?rest_route=%2Fwp%2Fv2%2Ftags&post=43380"}],"curies":[{"name":"wp","href":"https:\/\/api.w.org\/{rel}","templated":true}]}}