{"id":43371,"date":"2024-06-21T11:19:41","date_gmt":"2024-06-21T14:19:41","guid":{"rendered":"https:\/\/radiorevelacionfm.cl\/?p=43371"},"modified":"2024-06-21T11:19:41","modified_gmt":"2024-06-21T14:19:41","slug":"municipio-de-coyhaique-despliega-labores-preventivas-en-calles-y-apoyos-sociales-en-localidades-rurales","status":"publish","type":"post","link":"https:\/\/radiorevelacionfm.cl\/?p=43371","title":{"rendered":"Municipio de Coyhaique despliega labores preventivas en calles y apoyos sociales en localidades rurales"},"content":{"rendered":"<div class=\"flex_column av_one_full  flex_column_div av-zero-column-padding first  avia-builder-el-0  el_before_av_one_full  avia-builder-el-first  \" style='border-radius:0px; '><div  class='avia-image-container  av-styling-    avia-builder-el-1  avia-builder-el-no-sibling  avia-align-center '  itemprop=\"image\" itemscope=\"itemscope\" itemtype=\"https:\/\/schema.org\/ImageObject\"  ><div class='avia-image-container-inner'><div class='avia-image-overlay-wrap'><img decoding=\"async\" class='wp-image-43372 avia-img-lazy-loading-not-43372 avia_image' src=\"https:\/\/radiorevelacionfm.cl\/wp-content\/uploads\/2024\/06\/Cuadrillamunicipal-1-1-1.jpg\" alt='' title='Cuadrillamunicipal (1) (1) (1)' height=\"600\" width=\"813\"  itemprop=\"thumbnailUrl\" srcset=\"https:\/\/radiorevelacionfm.cl\/wp-content\/uploads\/2024\/06\/Cuadrillamunicipal-1-1-1.jpg 813w, https:\/\/radiorevelacionfm.cl\/wp-content\/uploads\/2024\/06\/Cuadrillamunicipal-1-1-1-300x221.jpg 300w, https:\/\/radiorevelacionfm.cl\/wp-content\/uploads\/2024\/06\/Cuadrillamunicipal-1-1-1-768x567.jpg 768w, https:\/\/radiorevelacionfm.cl\/wp-content\/uploads\/2024\/06\/Cuadrillamunicipal-1-1-1-705x520.jpg 705w, https:\/\/radiorevelacionfm.cl\/wp-content\/uploads\/2024\/06\/Cuadrillamunicipal-1-1-1-450x332.jpg 450w, https:\/\/radiorevelacionfm.cl\/wp-content\/uploads\/2024\/06\/Cuadrillamunicipal-1-1-1-600x443.jpg 600w\" sizes=\"(max-width: 813px) 100vw, 813px\" \/><\/div><\/div><\/div><\/div><div class=\"flex_column av_one_full  flex_column_div av-zero-column-padding first  avia-builder-el-2  el_after_av_one_full  el_before_av_one_full  column-top-margin\" style='border-radius:0px; '><section class=\"av_textblock_section \"  itemscope=\"itemscope\" itemtype=\"https:\/\/schema.org\/BlogPosting\" itemprop=\"blogPost\" ><div class='avia_textblock  '   itemprop=\"text\" ><p style=\"text-align: center;\"><span style=\"font-size: 18pt;\"><b>Municipio de Coyhaique despliega labores preventivas en calles y apoyos sociales en localidades rurales<\/b><\/span><\/p>\n<div id=\"gtx-trans\" style=\"position: absolute; left: -50px; top: 4.31534px;\">\n<div class=\"gtx-trans-icon\"><\/div>\n<\/div>\n<\/div><\/section><\/div><div class=\"flex_column av_one_full  flex_column_div av-zero-column-padding first  avia-builder-el-4  el_after_av_one_full  el_before_av_hr  column-top-margin\" style='border-radius:0px; '><section class=\"av_textblock_section \"  itemscope=\"itemscope\" itemtype=\"https:\/\/schema.org\/BlogPosting\" itemprop=\"blogPost\" ><div class='avia_textblock  '   itemprop=\"text\" ><div style=\"text-align: justify;\" align=\"justify\"><i>Diversos han sido los despliegues de las cuadrillas Municipales en Coyhaique, desde las 05:00 am equipos han trabajado en el despeje de veredas y el esparcimiento de sal en las calles. El alcalde, Carlos Gatica, anunci\u00f3 adem\u00e1s medidas en coordinaci\u00f3n con servicios de emergencia y Carabineros para este fin de semana.<\/i><\/div>\n<div style=\"text-align: justify;\" align=\"justify\"><i>\u00a0<\/i><\/div>\n<div style=\"text-align: justify;\" align=\"justify\">Ante el frente clim\u00e1tico de nieve y bajas temperaturas que continuar\u00e1 durante este fin de semana, el Municipio de Coyhaique a trav\u00e9s de las unidades de Emergencias, Seguridad y DIDECO ha estado despleg\u00e1ndose no s\u00f3lo en trabajos de despeje de calles y veredas desde primera hora de la madrugada, sino tambi\u00e9n, mediante cuadrillas que han focalizado ayudas de emergencia en las localidades rurales de la comuna, detall\u00f3 el alcalde, Carlos Gatica, adem\u00e1s de anunciar medidas en coordinaci\u00f3n con SENAPRED, Carabineros y Vialidad.<\/div>\n<div style=\"text-align: justify;\"><i>\u00a0<\/i><\/div>\n<div style=\"text-align: justify;\" align=\"justify\">Tras llevar a cabo una reuni\u00f3n de coordinaci\u00f3n en el Municipio, el alcalde de Coyhaique, Carlos Gatica, explic\u00f3 que \u00abnos hemos reunido junto a SENAPRED, Carabineros, Vialidad, y las direcciones de Emergencia y Seguridad del Municipio para estar trabajando en coordinaci\u00f3n, nuestro llamado es a los vecinos a salir si es s\u00f3lo estrictamente necesario. Al igual que este jueves, continuaremos este viernes trabajando desde las 5:00 am con cuatro cuadrillas municipales que estar\u00e1n esparciendo sal en las calles y despejando nieve en el sector alto y bajo de la ciudad. Apoyaremos en esta labor a Vialidad, es decir, en calle Baquedano y el sector Bypass ser\u00e1 el Municipio quien trabajar\u00e1 con sal y despeje, ya que hemos decidido que Vialidad estar\u00e1 enfocado en las emergencias propias de las rutas\u00bb.<\/div>\n<div style=\"text-align: justify;\" align=\"justify\"><\/div>\n<div style=\"text-align: justify;\" align=\"justify\"><b>Despliegue Municipal en localidades rurales<\/b><\/div>\n<div style=\"text-align: justify;\" align=\"justify\"><b>\u00a0<\/b><\/div>\n<div style=\"text-align: justify;\" align=\"justify\">Adem\u00e1s, el alcalde, Carlos Gatica, detall\u00f3 que cuatro equipos del Municipio han concurrido a las localidades rurales de la comuna, a fin de coordinar la entrega de apoyos sociales, para familias y adultos mayores, que han tenido dificultades frente a la emergencia clim\u00e1tica, continu\u00e1ndose esta labor con la colaboraci\u00f3n de Carabineros.<\/div>\n<div style=\"text-align: justify;\" align=\"justify\">\u00abEn coordinaci\u00f3n a trav\u00e9s de nuestra DIDECO y la Oficina Rural de Desarrollo Econ\u00f3mico Local, estamos en contacto con los dirigentes de juntas de vecinos, adultos mayores y comit\u00e9s rurales de los sectores; R\u00edo Norte, Alto Ma\u00f1ihuales, Cerro Rosado, Rodeo Los Palos y el Richard, para que en virtud de la condici\u00f3n clim\u00e1tica, podamos llevarles apoyos consistentes en alimentos y medicamentos en conjunto con Carabineros\u00bb.<\/div>\n<div style=\"text-align: justify;\" align=\"justify\"><\/div>\n<div style=\"text-align: justify;\" align=\"justify\">\u00abCabe destacar, que ya hemos contado con 4 equipos en terreno en las localidades rurales de la comuna y este fin de semana, continuaremos en esta labor\u00bb, agreg\u00f3 Gatica.<\/div>\n<div style=\"text-align: justify;\" align=\"justify\"><\/div>\n<div class=\"v1elementToProof\" style=\"text-align: justify;\" align=\"justify\">Por su parte, Carabineros y SENAPRED, reiteraron el llamado a la comunidad al uso obligatorio de cadenas en veh\u00edculos para transitar en la zona urbana y en las rutas de la regi\u00f3n, conducir a la defensiva y en marcha lenta con objetivo de prevenir accidentes y s\u00f3lo salir de los hogares en caso de que se requiera.<\/div>\n<\/div><\/section><\/div><div  style='height:50px' class='hr hr-invisible   avia-builder-el-6  el_after_av_one_full  el_before_av_social_share '><span class='hr-inner ' ><span class='hr-inner-style'><\/span><\/span><\/div><\/p>\n<div  class='av-social-sharing-box  avia-builder-el-7  el_after_av_hr  el_before_av_hr  '><div class='av-share-box'><h5 class='av-share-link-description av-no-toc '>Compartir esta noticia<\/h5><ul class='av-share-box-list noLightbox'><li class='av-share-link av-social-link-facebook' ><a target=\"_blank\" aria-label=\"Compartir en Facebook\" href='https:\/\/www.facebook.com\/sharer.php?u=https:\/\/radiorevelacionfm.cl\/?p=43371&#038;t=Municipio%20de%20Coyhaique%20despliega%20labores%20preventivas%20en%20calles%20y%20apoyos%20sociales%20en%20localidades%20rurales' aria-hidden='false' data-av_icon='\ue8f3' data-av_iconfont='entypo-fontello' title='' data-avia-related-tooltip='Compartir en Facebook' rel=\"noopener\"><span class='avia_hidden_link_text'>Compartir en Facebook<\/span><\/a><\/li><li class='av-share-link av-social-link-twitter' ><a target=\"_blank\" aria-label=\"Compartir en Twitter\" href='https:\/\/twitter.com\/share?text=Municipio%20de%20Coyhaique%20despliega%20labores%20preventivas%20en%20calles%20y%20apoyos%20sociales%20en%20localidades%20rurales&#038;url=https:\/\/radiorevelacionfm.cl\/?p=43371' aria-hidden='false' data-av_icon='\ue8f1' data-av_iconfont='entypo-fontello' title='' data-avia-related-tooltip='Compartir en Twitter' rel=\"noopener\"><span class='avia_hidden_link_text'>Compartir en Twitter<\/span><\/a><\/li><li class='av-share-link av-social-link-whatsapp' ><a target=\"_blank\" aria-label=\"Compartir en Whatsapp\" href='https:\/\/api.whatsapp.com\/send?text=https:\/\/radiorevelacionfm.cl\/?p=43371' aria-hidden='false' data-av_icon='\uf232' data-av_iconfont='entypo-fontello' title='' data-avia-related-tooltip='Compartir en Whatsapp' rel=\"noopener\"><span class='avia_hidden_link_text'>Compartir en Whatsapp<\/span><\/a><\/li><li class='av-share-link av-social-link-linkedin' ><a target=\"_blank\" aria-label=\"Compartir en LinkedIn\" href='https:\/\/linkedin.com\/shareArticle?mini=true&#038;title=Municipio%20de%20Coyhaique%20despliega%20labores%20preventivas%20en%20calles%20y%20apoyos%20sociales%20en%20localidades%20rurales&#038;url=https:\/\/radiorevelacionfm.cl\/?p=43371' aria-hidden='false' data-av_icon='\ue8fc' data-av_iconfont='entypo-fontello' title='' data-avia-related-tooltip='Compartir en LinkedIn' rel=\"noopener\"><span class='avia_hidden_link_text'>Compartir en LinkedIn<\/span><\/a><\/li><li class='av-share-link av-social-link-mail' ><a  aria-label=\"Compartir por correo\" href='mailto:?subject=Municipio%20de%20Coyhaique%20despliega%20labores%20preventivas%20en%20calles%20y%20apoyos%20sociales%20en%20localidades%20rurales&#038;body=https:\/\/radiorevelacionfm.cl\/?p=43371' aria-hidden='false' data-av_icon='\ue805' data-av_iconfont='entypo-fontello' title='' data-avia-related-tooltip='Compartir por correo'><span class='avia_hidden_link_text'>Compartir por correo<\/span><\/a><\/li><\/ul><\/div><\/div>\n<div  style='height:50px' class='hr hr-invisible   avia-builder-el-8  el_after_av_social_share  el_before_av_comments_list '><span class='hr-inner ' ><span class='hr-inner-style'><\/span><\/span><\/div>\n<div  class='av-buildercomment  av-blog-meta-html-info-disabled av-blog-meta-tag-disabled  '><\/div>\n","protected":false},"excerpt":{"rendered":"","protected":false},"author":1,"featured_media":43372,"comment_status":"open","ping_status":"open","sticky":false,"template":"","format":"standard","meta":{"footnotes":""},"categories":[38],"tags":[],"class_list":["post-43371","post","type-post","status-publish","format-standard","has-post-thumbnail","hentry","category-regional"],"jetpack_featured_media_url":"https:\/\/radiorevelacionfm.cl\/wp-content\/uploads\/2024\/06\/Cuadrillamunicipal-1-1-1.jpg","_links":{"self":[{"href":"https:\/\/radiorevelacionfm.cl\/index.php?rest_route=\/wp\/v2\/posts\/43371","targetHints":{"allow":["GET"]}}],"collection":[{"href":"https:\/\/radiorevelacionfm.cl\/index.php?rest_route=\/wp\/v2\/posts"}],"about":[{"href":"https:\/\/radiorevelacionfm.cl\/index.php?rest_route=\/wp\/v2\/types\/post"}],"author":[{"embeddable":true,"href":"https:\/\/radiorevelacionfm.cl\/index.php?rest_route=\/wp\/v2\/users\/1"}],"replies":[{"embeddable":true,"href":"https:\/\/radiorevelacionfm.cl\/index.php?rest_route=%2Fwp%2Fv2%2Fcomments&post=43371"}],"version-history":[{"count":1,"href":"https:\/\/radiorevelacionfm.cl\/index.php?rest_route=\/wp\/v2\/posts\/43371\/revisions"}],"predecessor-version":[{"id":43373,"href":"https:\/\/radiorevelacionfm.cl\/index.php?rest_route=\/wp\/v2\/posts\/43371\/revisions\/43373"}],"wp:featuredmedia":[{"embeddable":true,"href":"https:\/\/radiorevelacionfm.cl\/index.php?rest_route=\/wp\/v2\/media\/43372"}],"wp:attachment":[{"href":"https:\/\/radiorevelacionfm.cl\/index.php?rest_route=%2Fwp%2Fv2%2Fmedia&parent=43371"}],"wp:term":[{"taxonomy":"category","embeddable":true,"href":"https:\/\/radiorevelacionfm.cl\/index.php?rest_route=%2Fwp%2Fv2%2Fcategories&post=43371"},{"taxonomy":"post_tag","embeddable":true,"href":"https:\/\/radiorevelacionfm.cl\/index.php?rest_route=%2Fwp%2Fv2%2Ftags&post=43371"}],"curies":[{"name":"wp","href":"https:\/\/api.w.org\/{rel}","templated":true}]}}