{"id":43368,"date":"2024-06-21T11:29:04","date_gmt":"2024-06-21T14:29:04","guid":{"rendered":"https:\/\/radiorevelacionfm.cl\/?p=43368"},"modified":"2024-06-21T11:29:04","modified_gmt":"2024-06-21T14:29:04","slug":"hasta-10-grados-podrian-registrarse-los-proximos-dias-en-la-region-de-aysen","status":"publish","type":"post","link":"https:\/\/radiorevelacionfm.cl\/?p=43368","title":{"rendered":"Hasta -10 grados podr\u00edan registrarse los pr\u00f3ximos d\u00edas en la regi\u00f3n de Ays\u00e9n"},"content":{"rendered":"<div class=\"flex_column av_one_full  flex_column_div av-zero-column-padding first  avia-builder-el-0  el_before_av_one_full  avia-builder-el-first  \" style='border-radius:0px; '><div  class='avia-image-container  av-styling-    avia-builder-el-1  avia-builder-el-no-sibling  avia-align-center '  itemprop=\"image\" itemscope=\"itemscope\" itemtype=\"https:\/\/schema.org\/ImageObject\"  ><div class='avia-image-container-inner'><div class='avia-image-overlay-wrap'><img decoding=\"async\" class='wp-image-43369 avia-img-lazy-loading-not-43369 avia_image' src=\"https:\/\/radiorevelacionfm.cl\/wp-content\/uploads\/2024\/06\/carretera-austral1-1_optimized.jpg\" alt='' title='carretera-austral1-(1)_optimized' height=\"605\" width=\"803\"  itemprop=\"thumbnailUrl\" srcset=\"https:\/\/radiorevelacionfm.cl\/wp-content\/uploads\/2024\/06\/carretera-austral1-1_optimized.jpg 803w, https:\/\/radiorevelacionfm.cl\/wp-content\/uploads\/2024\/06\/carretera-austral1-1_optimized-300x226.jpg 300w, https:\/\/radiorevelacionfm.cl\/wp-content\/uploads\/2024\/06\/carretera-austral1-1_optimized-768x579.jpg 768w, https:\/\/radiorevelacionfm.cl\/wp-content\/uploads\/2024\/06\/carretera-austral1-1_optimized-705x531.jpg 705w, https:\/\/radiorevelacionfm.cl\/wp-content\/uploads\/2024\/06\/carretera-austral1-1_optimized-450x339.jpg 450w, https:\/\/radiorevelacionfm.cl\/wp-content\/uploads\/2024\/06\/carretera-austral1-1_optimized-600x452.jpg 600w\" sizes=\"(max-width: 803px) 100vw, 803px\" \/><\/div><\/div><\/div><\/div><div class=\"flex_column av_one_full  flex_column_div av-zero-column-padding first  avia-builder-el-2  el_after_av_one_full  el_before_av_one_full  column-top-margin\" style='border-radius:0px; '><section class=\"av_textblock_section \"  itemscope=\"itemscope\" itemtype=\"https:\/\/schema.org\/BlogPosting\" itemprop=\"blogPost\" ><div class='avia_textblock  '   itemprop=\"text\" ><p style=\"text-align: center;\"><strong><span style=\"font-size: 18pt;\">Hasta -10 grados podr\u00edan registrarse los pr\u00f3ximos d\u00edas en la regi\u00f3n de Ays\u00e9n<\/span><\/strong><\/p>\n<div id=\"gtx-trans\" style=\"position: absolute; left: -50px; top: 4.31534px;\">\n<div class=\"gtx-trans-icon\"><\/div>\n<\/div>\n<\/div><\/section><\/div><div class=\"flex_column av_one_full  flex_column_div av-zero-column-padding first  avia-builder-el-4  el_after_av_one_full  el_before_av_hr  column-top-margin\" style='border-radius:0px; '><section class=\"av_textblock_section \"  itemscope=\"itemscope\" itemtype=\"https:\/\/schema.org\/BlogPosting\" itemprop=\"blogPost\" ><div class='avia_textblock  '   itemprop=\"text\" ><p style=\"text-align: justify;\">Del 21 al 25 de junio, la Regi\u00f3n de Ays\u00e9n experimentar\u00e1 bajas temperaturas y probabilidad de nevadas. Se prev\u00e9n precipitaciones d\u00e9biles en toda la regi\u00f3n, principalmente los d\u00edas viernes y martes. Adicionalmente, el domingo se estiman precipitaciones d\u00e9biles en las localidades del norte de la regi\u00f3n. Las precipitaciones m\u00e1s significativas se esperan el viernes y martes en la zona del litoral norte y Puerto Ib\u00e1\u00f1ez, con acumulaciones diarias m\u00e1ximas entre 15 y 20 mm.<\/p>\n<p style=\"text-align: justify;\">Las temperaturas se mantendr\u00e1n bajas, acorde a la \u00e9poca del a\u00f1o. El lunes ser\u00e1 el d\u00eda m\u00e1s fr\u00edo, con m\u00ednimas entre -7\u00b0C y -10\u00b0C en Villa Ma\u00f1ihuales, Coyhaique, Balmaceda y Villa O\u2019Higgins. Las m\u00e1ximas alcanzar\u00e1n los 7\u00b0C en localidades costeras del norte, mientras que en la mayor\u00eda de las zonas oscilar\u00e1n entre 0\u00b0C y 5\u00b0C. La isoterma de 0\u00b0C se mantendr\u00e1 baja, con una altura promedio diaria entre 90 y 1.000 metros sobre el nivel del mar. En la mayor\u00eda de las localidades, la altura media rondar\u00e1 los 300 metros, elev\u00e1ndose ligeramente hacia el martes. Esta condici\u00f3n podr\u00eda favorecer la persistencia de hielo y nieve en sectores rurales y pasos de monta\u00f1a.<\/p>\n<p style=\"text-align: justify;\">Los vientos ser\u00e1n de d\u00e9biles a moderados en toda la regi\u00f3n, con velocidades promedio diarias entre 1 y 25 km\/h. El litoral experimentar\u00e1 los vientos m\u00e1s fuertes el viernes y martes, con promedios de 17 a 22 km\/h en Melinka, Puerto Ra\u00fal Mar\u00edn Balmaceda, Puerto Aguirre y Puerto Ib\u00e1\u00f1ez. Las r\u00e1fagas m\u00e1ximas podr\u00edan alcanzar 74 km\/h en Melinka el viernes en la madrugada. Predominar\u00e1n vientos del este y sureste, especialmente en las localidades del centro y norte de la regi\u00f3n.<\/p>\n<p style=\"text-align: justify;\">El an\u00e1lisis de im\u00e1genes satelitales GOES <a href=\"#_bookmark0\">(1),<\/a> los pron\u00f3sticos de la Armada <a href=\"#_bookmark1\">(2)<\/a> y el modelo meteorol\u00f3gico GFS <a href=\"#_bookmark5\">(3)<\/a> indican que estas condiciones se deben al paso de varios sistemas de baja presi\u00f3n. Estos sistemas favorecer\u00e1n la formaci\u00f3n de frentes, generando precipitaciones y condiciones postfrontales de baja temperatura asociadas a la advecci\u00f3n de aire polar.<\/p>\n<\/div><\/section><\/div><div  style='height:50px' class='hr hr-invisible   avia-builder-el-6  el_after_av_one_full  el_before_av_social_share '><span class='hr-inner ' ><span class='hr-inner-style'><\/span><\/span><\/div><\/p>\n<div  class='av-social-sharing-box  avia-builder-el-7  el_after_av_hr  el_before_av_hr  '><div class='av-share-box'><h5 class='av-share-link-description av-no-toc '>Compartir esta noticia<\/h5><ul class='av-share-box-list noLightbox'><li class='av-share-link av-social-link-facebook' ><a target=\"_blank\" aria-label=\"Compartir en Facebook\" href='https:\/\/www.facebook.com\/sharer.php?u=https:\/\/radiorevelacionfm.cl\/?p=43368&#038;t=Hasta%20-10%20grados%20podr%C3%ADan%20registrarse%20los%20pr%C3%B3ximos%20d%C3%ADas%20en%20la%20regi%C3%B3n%20de%20Ays%C3%A9n' aria-hidden='false' data-av_icon='\ue8f3' data-av_iconfont='entypo-fontello' title='' data-avia-related-tooltip='Compartir en Facebook' rel=\"noopener\"><span class='avia_hidden_link_text'>Compartir en Facebook<\/span><\/a><\/li><li class='av-share-link av-social-link-twitter' ><a target=\"_blank\" aria-label=\"Compartir en Twitter\" href='https:\/\/twitter.com\/share?text=Hasta%20-10%20grados%20podr%C3%ADan%20registrarse%20los%20pr%C3%B3ximos%20d%C3%ADas%20en%20la%20regi%C3%B3n%20de%20Ays%C3%A9n&#038;url=https:\/\/radiorevelacionfm.cl\/?p=43368' aria-hidden='false' data-av_icon='\ue8f1' data-av_iconfont='entypo-fontello' title='' data-avia-related-tooltip='Compartir en Twitter' rel=\"noopener\"><span class='avia_hidden_link_text'>Compartir en Twitter<\/span><\/a><\/li><li class='av-share-link av-social-link-whatsapp' ><a target=\"_blank\" aria-label=\"Compartir en Whatsapp\" href='https:\/\/api.whatsapp.com\/send?text=https:\/\/radiorevelacionfm.cl\/?p=43368' aria-hidden='false' data-av_icon='\uf232' data-av_iconfont='entypo-fontello' title='' data-avia-related-tooltip='Compartir en Whatsapp' rel=\"noopener\"><span class='avia_hidden_link_text'>Compartir en Whatsapp<\/span><\/a><\/li><li class='av-share-link av-social-link-linkedin' ><a target=\"_blank\" aria-label=\"Compartir en LinkedIn\" href='https:\/\/linkedin.com\/shareArticle?mini=true&#038;title=Hasta%20-10%20grados%20podr%C3%ADan%20registrarse%20los%20pr%C3%B3ximos%20d%C3%ADas%20en%20la%20regi%C3%B3n%20de%20Ays%C3%A9n&#038;url=https:\/\/radiorevelacionfm.cl\/?p=43368' aria-hidden='false' data-av_icon='\ue8fc' data-av_iconfont='entypo-fontello' title='' data-avia-related-tooltip='Compartir en LinkedIn' rel=\"noopener\"><span class='avia_hidden_link_text'>Compartir en LinkedIn<\/span><\/a><\/li><li class='av-share-link av-social-link-mail' ><a  aria-label=\"Compartir por correo\" href='mailto:?subject=Hasta%20-10%20grados%20podr%C3%ADan%20registrarse%20los%20pr%C3%B3ximos%20d%C3%ADas%20en%20la%20regi%C3%B3n%20de%20Ays%C3%A9n&#038;body=https:\/\/radiorevelacionfm.cl\/?p=43368' aria-hidden='false' data-av_icon='\ue805' data-av_iconfont='entypo-fontello' title='' data-avia-related-tooltip='Compartir por correo'><span class='avia_hidden_link_text'>Compartir por correo<\/span><\/a><\/li><\/ul><\/div><\/div>\n<div  style='height:50px' class='hr hr-invisible   avia-builder-el-8  el_after_av_social_share  el_before_av_comments_list '><span class='hr-inner ' ><span class='hr-inner-style'><\/span><\/span><\/div>\n<div  class='av-buildercomment  av-blog-meta-html-info-disabled av-blog-meta-tag-disabled  '><\/div>\n","protected":false},"excerpt":{"rendered":"","protected":false},"author":1,"featured_media":43369,"comment_status":"open","ping_status":"open","sticky":false,"template":"","format":"standard","meta":{"footnotes":""},"categories":[38],"tags":[],"class_list":["post-43368","post","type-post","status-publish","format-standard","has-post-thumbnail","hentry","category-regional"],"jetpack_featured_media_url":"https:\/\/radiorevelacionfm.cl\/wp-content\/uploads\/2024\/06\/carretera-austral1-1_optimized.jpg","_links":{"self":[{"href":"https:\/\/radiorevelacionfm.cl\/index.php?rest_route=\/wp\/v2\/posts\/43368","targetHints":{"allow":["GET"]}}],"collection":[{"href":"https:\/\/radiorevelacionfm.cl\/index.php?rest_route=\/wp\/v2\/posts"}],"about":[{"href":"https:\/\/radiorevelacionfm.cl\/index.php?rest_route=\/wp\/v2\/types\/post"}],"author":[{"embeddable":true,"href":"https:\/\/radiorevelacionfm.cl\/index.php?rest_route=\/wp\/v2\/users\/1"}],"replies":[{"embeddable":true,"href":"https:\/\/radiorevelacionfm.cl\/index.php?rest_route=%2Fwp%2Fv2%2Fcomments&post=43368"}],"version-history":[{"count":1,"href":"https:\/\/radiorevelacionfm.cl\/index.php?rest_route=\/wp\/v2\/posts\/43368\/revisions"}],"predecessor-version":[{"id":43370,"href":"https:\/\/radiorevelacionfm.cl\/index.php?rest_route=\/wp\/v2\/posts\/43368\/revisions\/43370"}],"wp:featuredmedia":[{"embeddable":true,"href":"https:\/\/radiorevelacionfm.cl\/index.php?rest_route=\/wp\/v2\/media\/43369"}],"wp:attachment":[{"href":"https:\/\/radiorevelacionfm.cl\/index.php?rest_route=%2Fwp%2Fv2%2Fmedia&parent=43368"}],"wp:term":[{"taxonomy":"category","embeddable":true,"href":"https:\/\/radiorevelacionfm.cl\/index.php?rest_route=%2Fwp%2Fv2%2Fcategories&post=43368"},{"taxonomy":"post_tag","embeddable":true,"href":"https:\/\/radiorevelacionfm.cl\/index.php?rest_route=%2Fwp%2Fv2%2Ftags&post=43368"}],"curies":[{"name":"wp","href":"https:\/\/api.w.org\/{rel}","templated":true}]}}