{"id":43365,"date":"2024-06-21T12:09:20","date_gmt":"2024-06-21T15:09:20","guid":{"rendered":"https:\/\/radiorevelacionfm.cl\/?p=43365"},"modified":"2024-06-21T12:09:20","modified_gmt":"2024-06-21T15:09:20","slug":"nuevas-generaciones-campesinas-indap-lanza-inedita-consulta-ciudadana-para-conocer-y-escuchar-a-las-juventudes-rurales-de-todo-el-pais","status":"publish","type":"post","link":"https:\/\/radiorevelacionfm.cl\/?p=43365","title":{"rendered":"Nuevas generaciones campesinas: INDAP lanza in\u00e9dita consulta ciudadana para conocer y escuchar a las juventudes rurales de todo el pa\u00eds"},"content":{"rendered":"<div class=\"flex_column av_one_full  flex_column_div av-zero-column-padding first  avia-builder-el-0  el_before_av_one_full  avia-builder-el-first  \" style='border-radius:0px; '><div  class='avia-image-container  av-styling-    avia-builder-el-1  avia-builder-el-no-sibling  avia-align-center '  itemprop=\"image\" itemscope=\"itemscope\" itemtype=\"https:\/\/schema.org\/ImageObject\"  ><div class='avia-image-container-inner'><div class='avia-image-overlay-wrap'><img decoding=\"async\" class='wp-image-43366 avia-img-lazy-loading-not-43366 avia_image' src=\"https:\/\/radiorevelacionfm.cl\/wp-content\/uploads\/2024\/06\/afiche-2-1-2-1_optimized.jpg\" alt='' title='afiche-(2)-(1)-(2)-(1)_optimized' height=\"1035\" width=\"800\"  itemprop=\"thumbnailUrl\" srcset=\"https:\/\/radiorevelacionfm.cl\/wp-content\/uploads\/2024\/06\/afiche-2-1-2-1_optimized.jpg 800w, https:\/\/radiorevelacionfm.cl\/wp-content\/uploads\/2024\/06\/afiche-2-1-2-1_optimized-232x300.jpg 232w, https:\/\/radiorevelacionfm.cl\/wp-content\/uploads\/2024\/06\/afiche-2-1-2-1_optimized-796x1030.jpg 796w, https:\/\/radiorevelacionfm.cl\/wp-content\/uploads\/2024\/06\/afiche-2-1-2-1_optimized-768x994.jpg 768w, https:\/\/radiorevelacionfm.cl\/wp-content\/uploads\/2024\/06\/afiche-2-1-2-1_optimized-545x705.jpg 545w, https:\/\/radiorevelacionfm.cl\/wp-content\/uploads\/2024\/06\/afiche-2-1-2-1_optimized-450x582.jpg 450w, https:\/\/radiorevelacionfm.cl\/wp-content\/uploads\/2024\/06\/afiche-2-1-2-1_optimized-600x776.jpg 600w\" sizes=\"(max-width: 800px) 100vw, 800px\" \/><\/div><\/div><\/div><\/div><div class=\"flex_column av_one_full  flex_column_div av-zero-column-padding first  avia-builder-el-2  el_after_av_one_full  el_before_av_one_full  column-top-margin\" style='border-radius:0px; '><section class=\"av_textblock_section \"  itemscope=\"itemscope\" itemtype=\"https:\/\/schema.org\/BlogPosting\" itemprop=\"blogPost\" ><div class='avia_textblock  '   itemprop=\"text\" ><p style=\"text-align: center;\"><strong><span style=\"font-size: 18pt;\">Nuevas generaciones campesinas: INDAP lanza in\u00e9dita consulta ciudadana para conocer y escuchar a las juventudes rurales de todo el pa\u00eds<\/span><\/strong><\/p>\n<div id=\"gtx-trans\" style=\"position: absolute; left: -50px; top: 4.31534px;\">\n<div class=\"gtx-trans-icon\"><\/div>\n<\/div>\n<\/div><\/section><\/div><div class=\"flex_column av_one_full  flex_column_div av-zero-column-padding first  avia-builder-el-4  el_after_av_one_full  el_before_av_hr  column-top-margin\" style='border-radius:0px; '><section class=\"av_textblock_section \"  itemscope=\"itemscope\" itemtype=\"https:\/\/schema.org\/BlogPosting\" itemprop=\"blogPost\" ><div class='avia_textblock  '   itemprop=\"text\" ><p style=\"text-align: justify;\"><em>La instancia digital, disponible hasta el 24 de junio pr\u00f3ximo, est\u00e1 dirigida a quienes vivan, estudien y\/o trabajen en sectores rurales y busca identificar las necesidades, aspiraciones, opiniones y sugerencias para la elaboraci\u00f3n de la Pol\u00edtica Nacional de Juventudes Rurales. <\/em><\/p>\n<p style=\"text-align: justify;\">Respondiendo al desaf\u00edo de dise\u00f1ar una pol\u00edtica p\u00fablica que mejore la calidad de vida y oportunidades de los j\u00f3venes que quieren quedarse o retornar al campo, el Instituto Nacional de Desarrollo Agropecuario (INDAP) en colaboraci\u00f3n con el Instituto Nacional de la Juventud (INJUV), lanzaron la Primera Consulta Ciudadana Digital sobre Juventudes Rurales.<\/p>\n<p style=\"text-align: justify;\">\u00abTal como expres\u00f3 el Presidente Boric en su Cuenta P\u00fablica, queremos que la vida en el campo sea una opci\u00f3n viable y atractiva para las nuevas generaciones. Esta consulta es una oportunidad \u00fanica para que los j\u00f3venes se hagan escuchar y, juntos, construyamos una pol\u00edtica que les permita habitar y desarrollarse en los territorios rurales, alcanzando el m\u00e1ximo potencial como motores de bienestar y crecimiento para el pa\u00eds\u00bb, indic\u00f3 el director nacional de INDAP, Santiago Rojas.<\/p>\n<p style=\"text-align: justify;\">La consulta, disponible en modalidad virtual a trav\u00e9s de la p\u00e1gina web de <a href=\"https:\/\/www.indap.gob.cl\">INDAP<\/a>, est\u00e1 focalizada en j\u00f3venes de entre 15 y 40 a\u00f1os que vivan, estudien y\/o trabajen en el campo. Incluye 28 preguntas que abordan desde temas demogr\u00e1ficos hasta problem\u00e1ticas actuales y expectativas sobre la Pol\u00edtica Nacional de Juventudes Rurales. El objetivo es recabar informaci\u00f3n para caracterizarlos, identificando sus principales problem\u00e1ticas y proyecciones futuras.<\/p>\n<p style=\"text-align: justify;\">Respecto a la iniciativa, el seremi de Agricultura en la regi\u00f3n de Ays\u00e9n, Eugenio Ruiz Espinoza, indic\u00f3 que \u201clas juventudes rurales son una de las prioridades del Gobierno de Chile, y la Pol\u00edtica Nacional de Juventudes Rurales es el resultado del mandato presidente Gabriel Boric al ministro Valenzuela, que hoy estamos desarrollando junto a INDAP e INJUV. Esta consulta ciudadana digital a la que invitamos a participar es un claro ejemplo de que Chile avanza contigo, con mejoras concretas para la vida de las personas, aiseninas y aiseninos del mundo rural que son el futuro en los campos en la Patagonia\u201d.<\/p>\n<p style=\"text-align: justify;\">Por su parte, el director regional de INJUV, Camilo Trivi\u00f1o Urtubia, sostuvo que \u201cesta consulta que se est\u00e1 realizando es una gran oportunidad para que las juventudes rurales, a trav\u00e9s de su participaci\u00f3n, puedan ser escuchadas y en conjunto construir una pol\u00edtica que permita conocer sus realidades y as\u00ed plantear una soluci\u00f3n que responda a las necesidades de las mismas\u201d.<\/p>\n<p style=\"text-align: justify;\">Estar\u00e1 disponible hasta el 24 de junio de 2024, y se esperan recibir m\u00e1s de 20 mil respuestas v\u00e1lidas. Los resultados contribuir\u00e1n en la formulaci\u00f3n de la Pol\u00edtica Nacional de Juventudes Rurales, garantizando un enfoque participativo y representativo.<\/p>\n<p style=\"text-align: justify;\">Esta iniciativa se enmarca en la agenda promovida por INDAP para ir en apoyo de la juventud rural. Otras medidas adoptadas incluyen la ampliaci\u00f3n del rango etario de los usuarios INDAP considerados dentro de las juventudes rurales desde 35 a 40 a\u00f1os y la implementaci\u00f3n de programas de fomento productivo, como el piloto Mi Primer Negocio Rural, el Programa de Desarrollo de Inversiones J\u00f3venes y el Programa Emprende Joven Rural que les otorga financiamiento crediticio.<\/p>\n<p style=\"text-align: justify;\">Para m\u00e1s informaci\u00f3n y para participar en la consulta: <a href=\"https:\/\/www.indap.gob.cl\/politica-nacional-de-juventudes-rurales\">https:\/\/www.indap.gob.cl\/politica-nacional-de-juventudes-rurales<\/a><\/p>\n<\/div><\/section><\/div><div  style='height:50px' class='hr hr-invisible   avia-builder-el-6  el_after_av_one_full  el_before_av_social_share '><span class='hr-inner ' ><span class='hr-inner-style'><\/span><\/span><\/div><\/p>\n<div  class='av-social-sharing-box  avia-builder-el-7  el_after_av_hr  el_before_av_hr  '><div class='av-share-box'><h5 class='av-share-link-description av-no-toc '>Compartir esta noticia<\/h5><ul class='av-share-box-list noLightbox'><li class='av-share-link av-social-link-facebook' ><a target=\"_blank\" aria-label=\"Compartir en Facebook\" href='https:\/\/www.facebook.com\/sharer.php?u=https:\/\/radiorevelacionfm.cl\/?p=43365&#038;t=Nuevas%20generaciones%20campesinas%3A%20INDAP%20lanza%20in%C3%A9dita%20consulta%20ciudadana%20para%20conocer%20y%20escuchar%20a%20las%20juventudes%20rurales%20de%20todo%20el%20pa%C3%ADs' aria-hidden='false' data-av_icon='\ue8f3' data-av_iconfont='entypo-fontello' title='' data-avia-related-tooltip='Compartir en Facebook' rel=\"noopener\"><span class='avia_hidden_link_text'>Compartir en Facebook<\/span><\/a><\/li><li class='av-share-link av-social-link-twitter' ><a target=\"_blank\" aria-label=\"Compartir en Twitter\" href='https:\/\/twitter.com\/share?text=Nuevas%20generaciones%20campesinas%3A%20INDAP%20lanza%20in%C3%A9dita%20consulta%20ciudadana%20para%20conocer%20y%20escuchar%20a%20las%20juventudes%20rurales%20de%20todo%20el%20pa%C3%ADs&#038;url=https:\/\/radiorevelacionfm.cl\/?p=43365' aria-hidden='false' data-av_icon='\ue8f1' data-av_iconfont='entypo-fontello' title='' data-avia-related-tooltip='Compartir en Twitter' rel=\"noopener\"><span class='avia_hidden_link_text'>Compartir en Twitter<\/span><\/a><\/li><li class='av-share-link av-social-link-whatsapp' ><a target=\"_blank\" aria-label=\"Compartir en Whatsapp\" href='https:\/\/api.whatsapp.com\/send?text=https:\/\/radiorevelacionfm.cl\/?p=43365' aria-hidden='false' data-av_icon='\uf232' data-av_iconfont='entypo-fontello' title='' data-avia-related-tooltip='Compartir en Whatsapp' rel=\"noopener\"><span class='avia_hidden_link_text'>Compartir en Whatsapp<\/span><\/a><\/li><li class='av-share-link av-social-link-linkedin' ><a target=\"_blank\" aria-label=\"Compartir en LinkedIn\" href='https:\/\/linkedin.com\/shareArticle?mini=true&#038;title=Nuevas%20generaciones%20campesinas%3A%20INDAP%20lanza%20in%C3%A9dita%20consulta%20ciudadana%20para%20conocer%20y%20escuchar%20a%20las%20juventudes%20rurales%20de%20todo%20el%20pa%C3%ADs&#038;url=https:\/\/radiorevelacionfm.cl\/?p=43365' aria-hidden='false' data-av_icon='\ue8fc' data-av_iconfont='entypo-fontello' title='' data-avia-related-tooltip='Compartir en LinkedIn' rel=\"noopener\"><span class='avia_hidden_link_text'>Compartir en LinkedIn<\/span><\/a><\/li><li class='av-share-link av-social-link-mail' ><a  aria-label=\"Compartir por correo\" href='mailto:?subject=Nuevas%20generaciones%20campesinas%3A%20INDAP%20lanza%20in%C3%A9dita%20consulta%20ciudadana%20para%20conocer%20y%20escuchar%20a%20las%20juventudes%20rurales%20de%20todo%20el%20pa%C3%ADs&#038;body=https:\/\/radiorevelacionfm.cl\/?p=43365' aria-hidden='false' data-av_icon='\ue805' data-av_iconfont='entypo-fontello' title='' data-avia-related-tooltip='Compartir por correo'><span class='avia_hidden_link_text'>Compartir por correo<\/span><\/a><\/li><\/ul><\/div><\/div>\n<div  style='height:50px' class='hr hr-invisible   avia-builder-el-8  el_after_av_social_share  el_before_av_comments_list '><span class='hr-inner ' ><span class='hr-inner-style'><\/span><\/span><\/div>\n<div  class='av-buildercomment  av-blog-meta-html-info-disabled av-blog-meta-tag-disabled  '><\/div>\n","protected":false},"excerpt":{"rendered":"","protected":false},"author":1,"featured_media":43366,"comment_status":"open","ping_status":"open","sticky":false,"template":"","format":"standard","meta":{"footnotes":""},"categories":[61],"tags":[],"class_list":["post-43365","post","type-post","status-publish","format-standard","has-post-thumbnail","hentry","category-nacional"],"jetpack_featured_media_url":"https:\/\/radiorevelacionfm.cl\/wp-content\/uploads\/2024\/06\/afiche-2-1-2-1_optimized.jpg","_links":{"self":[{"href":"https:\/\/radiorevelacionfm.cl\/index.php?rest_route=\/wp\/v2\/posts\/43365","targetHints":{"allow":["GET"]}}],"collection":[{"href":"https:\/\/radiorevelacionfm.cl\/index.php?rest_route=\/wp\/v2\/posts"}],"about":[{"href":"https:\/\/radiorevelacionfm.cl\/index.php?rest_route=\/wp\/v2\/types\/post"}],"author":[{"embeddable":true,"href":"https:\/\/radiorevelacionfm.cl\/index.php?rest_route=\/wp\/v2\/users\/1"}],"replies":[{"embeddable":true,"href":"https:\/\/radiorevelacionfm.cl\/index.php?rest_route=%2Fwp%2Fv2%2Fcomments&post=43365"}],"version-history":[{"count":1,"href":"https:\/\/radiorevelacionfm.cl\/index.php?rest_route=\/wp\/v2\/posts\/43365\/revisions"}],"predecessor-version":[{"id":43367,"href":"https:\/\/radiorevelacionfm.cl\/index.php?rest_route=\/wp\/v2\/posts\/43365\/revisions\/43367"}],"wp:featuredmedia":[{"embeddable":true,"href":"https:\/\/radiorevelacionfm.cl\/index.php?rest_route=\/wp\/v2\/media\/43366"}],"wp:attachment":[{"href":"https:\/\/radiorevelacionfm.cl\/index.php?rest_route=%2Fwp%2Fv2%2Fmedia&parent=43365"}],"wp:term":[{"taxonomy":"category","embeddable":true,"href":"https:\/\/radiorevelacionfm.cl\/index.php?rest_route=%2Fwp%2Fv2%2Fcategories&post=43365"},{"taxonomy":"post_tag","embeddable":true,"href":"https:\/\/radiorevelacionfm.cl\/index.php?rest_route=%2Fwp%2Fv2%2Ftags&post=43365"}],"curies":[{"name":"wp","href":"https:\/\/api.w.org\/{rel}","templated":true}]}}