{"id":43359,"date":"2024-06-20T17:27:06","date_gmt":"2024-06-20T20:27:06","guid":{"rendered":"https:\/\/radiorevelacionfm.cl\/?p=43359"},"modified":"2024-06-20T17:27:06","modified_gmt":"2024-06-20T20:27:06","slug":"municipio-aysenino-facilita-tramite-a-personas-con-discapacidad","status":"publish","type":"post","link":"https:\/\/radiorevelacionfm.cl\/?p=43359","title":{"rendered":"Municipio Aysenino facilita tr\u00e1mite a personas con discapacidad"},"content":{"rendered":"<div class=\"flex_column av_one_full  flex_column_div av-zero-column-padding first  avia-builder-el-0  el_before_av_one_full  avia-builder-el-first  \" style='border-radius:0px; '><div  class='avia-image-container  av-styling-    avia-builder-el-1  avia-builder-el-no-sibling  avia-align-center '  itemprop=\"image\" itemscope=\"itemscope\" itemtype=\"https:\/\/schema.org\/ImageObject\"  ><div class='avia-image-container-inner'><div class='avia-image-overlay-wrap'><img decoding=\"async\" class='wp-image-43360 avia-img-lazy-loading-not-43360 avia_image' src=\"https:\/\/radiorevelacionfm.cl\/wp-content\/uploads\/2024\/06\/20240619_162843-1-1.jpg\" alt='' title='20240619_162843 (1) (1)' height=\"600\" width=\"800\"  itemprop=\"thumbnailUrl\" srcset=\"https:\/\/radiorevelacionfm.cl\/wp-content\/uploads\/2024\/06\/20240619_162843-1-1.jpg 800w, https:\/\/radiorevelacionfm.cl\/wp-content\/uploads\/2024\/06\/20240619_162843-1-1-300x225.jpg 300w, https:\/\/radiorevelacionfm.cl\/wp-content\/uploads\/2024\/06\/20240619_162843-1-1-768x576.jpg 768w, https:\/\/radiorevelacionfm.cl\/wp-content\/uploads\/2024\/06\/20240619_162843-1-1-705x529.jpg 705w, https:\/\/radiorevelacionfm.cl\/wp-content\/uploads\/2024\/06\/20240619_162843-1-1-450x338.jpg 450w, https:\/\/radiorevelacionfm.cl\/wp-content\/uploads\/2024\/06\/20240619_162843-1-1-600x450.jpg 600w\" sizes=\"(max-width: 800px) 100vw, 800px\" \/><\/div><\/div><\/div><\/div><div class=\"flex_column av_one_full  flex_column_div av-zero-column-padding first  avia-builder-el-2  el_after_av_one_full  el_before_av_one_full  column-top-margin\" style='border-radius:0px; '><section class=\"av_textblock_section \"  itemscope=\"itemscope\" itemtype=\"https:\/\/schema.org\/BlogPosting\" itemprop=\"blogPost\" ><div class='avia_textblock  '   itemprop=\"text\" ><p style=\"text-align: center;\"><strong><span style=\"font-size: 18pt;\">Municipio Aysenino facilita tr\u00e1mite a personas con discapacidad<\/span><\/strong><\/p>\n<div id=\"gtx-trans\" style=\"position: absolute; left: -50px; top: 4.31534px;\">\n<div class=\"gtx-trans-icon\"><\/div>\n<\/div>\n<\/div><\/section><\/div><div class=\"flex_column av_one_full  flex_column_div av-zero-column-padding first  avia-builder-el-4  el_after_av_one_full  el_before_av_hr  column-top-margin\" style='border-radius:0px; '><section class=\"av_textblock_section \"  itemscope=\"itemscope\" itemtype=\"https:\/\/schema.org\/BlogPosting\" itemprop=\"blogPost\" ><div class='avia_textblock  '   itemprop=\"text\" ><p style=\"text-align: justify;\"><em>Gracias a las gestiones de la Oficina de la Discapacidad, varios funcionarios de DIDECO est\u00e1n capacitados para realizar gestiones para obtener la credencial de discapacidad.<\/em><\/p>\n<p style=\"text-align: justify;\">A partir de esta semana las personas con alguna \u201cdiversidad funcional\u201d espec\u00edfica y que no tenga su credencial de discapacidad, podr\u00e1 adquirir la suya en la Direcci\u00f3n de Desarrollo Comunitario en Puerto Ays\u00e9n, evitando as\u00ed los viajes largos y las esperas en otras instituciones.<\/p>\n<p style=\"text-align: justify;\">Vanessa Vera, psicopedagoga de la Oficina de la Discapacidad, menciona que, \u201canteriormente las personas ten\u00edan que hacer una larga espera para poder atenderse con los especialistas pertinentes en este proceso. Lo importante es que tengan en claro la comunidad de que se puedan acercar a la oficina once de DIDECO y podr\u00e1n ser atendidos por m\u00ed o por el terapeuta ocupacional Francisco Alister para entregarles m\u00e1s detalles\u201d.<\/p>\n<p style=\"text-align: justify;\">\u201cY lo importante siempre es poder ir con su certificado m\u00e9dico en donde indique su diagn\u00f3stico\u201d, remarc\u00f3 la funcionaria.<\/p>\n<p style=\"text-align: justify;\">La iniciativa surgi\u00f3 debido a la alta demanda por parte de los usuarios de la oficina municipal, quienes antes deb\u00edan hacer largas filas y seguir una serie de protocolos para obtener la mencionada credencial. Por lo tanto, los funcionarios de la oficina en conjunto a otros colegas de rubros asociados, realizaron la capacitaci\u00f3n para ofrecerle una soluci\u00f3n a su p\u00fablico.<\/p>\n<p style=\"text-align: justify;\">Los profesionales que est\u00e1n capacitados para dicho proceso son: Francisco Alister (Terapeuta Ocupacional de la Oficina de Discapacidad), Maria Jos\u00e9 Jofr\u00e9 (Oficina Local de la Ni\u00f1ez), Sergio Piraino (Unidad Asistencial) y Mirna Turra (Coordinadora de la Oficina del Adulto Mayor).<\/p>\n<p style=\"text-align: justify;\">Cabe recalcar que la oficina y los funcionarios est\u00e1n atentos para resolver cualquier duda sobre este y otros tr\u00e1mites asociados a sus usuarios.<\/p>\n<\/div><\/section><\/div><div  style='height:50px' class='hr hr-invisible   avia-builder-el-6  el_after_av_one_full  el_before_av_social_share '><span class='hr-inner ' ><span class='hr-inner-style'><\/span><\/span><\/div><\/p>\n<div  class='av-social-sharing-box  avia-builder-el-7  el_after_av_hr  el_before_av_hr  '><div class='av-share-box'><h5 class='av-share-link-description av-no-toc '>Compartir esta noticia<\/h5><ul class='av-share-box-list noLightbox'><li class='av-share-link av-social-link-facebook' ><a target=\"_blank\" aria-label=\"Compartir en Facebook\" href='https:\/\/www.facebook.com\/sharer.php?u=https:\/\/radiorevelacionfm.cl\/?p=43359&#038;t=Municipio%20Aysenino%20facilita%20tr%C3%A1mite%20a%20personas%20con%20discapacidad' aria-hidden='false' data-av_icon='\ue8f3' data-av_iconfont='entypo-fontello' title='' data-avia-related-tooltip='Compartir en Facebook' rel=\"noopener\"><span class='avia_hidden_link_text'>Compartir en Facebook<\/span><\/a><\/li><li class='av-share-link av-social-link-twitter' ><a target=\"_blank\" aria-label=\"Compartir en Twitter\" href='https:\/\/twitter.com\/share?text=Municipio%20Aysenino%20facilita%20tr%C3%A1mite%20a%20personas%20con%20discapacidad&#038;url=https:\/\/radiorevelacionfm.cl\/?p=43359' aria-hidden='false' data-av_icon='\ue8f1' data-av_iconfont='entypo-fontello' title='' data-avia-related-tooltip='Compartir en Twitter' rel=\"noopener\"><span class='avia_hidden_link_text'>Compartir en Twitter<\/span><\/a><\/li><li class='av-share-link av-social-link-whatsapp' ><a target=\"_blank\" aria-label=\"Compartir en Whatsapp\" href='https:\/\/api.whatsapp.com\/send?text=https:\/\/radiorevelacionfm.cl\/?p=43359' aria-hidden='false' data-av_icon='\uf232' data-av_iconfont='entypo-fontello' title='' data-avia-related-tooltip='Compartir en Whatsapp' rel=\"noopener\"><span class='avia_hidden_link_text'>Compartir en Whatsapp<\/span><\/a><\/li><li class='av-share-link av-social-link-linkedin' ><a target=\"_blank\" aria-label=\"Compartir en LinkedIn\" href='https:\/\/linkedin.com\/shareArticle?mini=true&#038;title=Municipio%20Aysenino%20facilita%20tr%C3%A1mite%20a%20personas%20con%20discapacidad&#038;url=https:\/\/radiorevelacionfm.cl\/?p=43359' aria-hidden='false' data-av_icon='\ue8fc' data-av_iconfont='entypo-fontello' title='' data-avia-related-tooltip='Compartir en LinkedIn' rel=\"noopener\"><span class='avia_hidden_link_text'>Compartir en LinkedIn<\/span><\/a><\/li><li class='av-share-link av-social-link-mail' ><a  aria-label=\"Compartir por correo\" href='mailto:?subject=Municipio%20Aysenino%20facilita%20tr%C3%A1mite%20a%20personas%20con%20discapacidad&#038;body=https:\/\/radiorevelacionfm.cl\/?p=43359' aria-hidden='false' data-av_icon='\ue805' data-av_iconfont='entypo-fontello' title='' data-avia-related-tooltip='Compartir por correo'><span class='avia_hidden_link_text'>Compartir por correo<\/span><\/a><\/li><\/ul><\/div><\/div>\n<div  style='height:50px' class='hr hr-invisible   avia-builder-el-8  el_after_av_social_share  el_before_av_comments_list '><span class='hr-inner ' ><span class='hr-inner-style'><\/span><\/span><\/div>\n<div  class='av-buildercomment  av-blog-meta-html-info-disabled av-blog-meta-tag-disabled  '><\/div>\n","protected":false},"excerpt":{"rendered":"","protected":false},"author":1,"featured_media":43360,"comment_status":"open","ping_status":"open","sticky":false,"template":"","format":"standard","meta":{"footnotes":""},"categories":[38],"tags":[],"class_list":["post-43359","post","type-post","status-publish","format-standard","has-post-thumbnail","hentry","category-regional"],"jetpack_featured_media_url":"https:\/\/radiorevelacionfm.cl\/wp-content\/uploads\/2024\/06\/20240619_162843-1-1.jpg","_links":{"self":[{"href":"https:\/\/radiorevelacionfm.cl\/index.php?rest_route=\/wp\/v2\/posts\/43359","targetHints":{"allow":["GET"]}}],"collection":[{"href":"https:\/\/radiorevelacionfm.cl\/index.php?rest_route=\/wp\/v2\/posts"}],"about":[{"href":"https:\/\/radiorevelacionfm.cl\/index.php?rest_route=\/wp\/v2\/types\/post"}],"author":[{"embeddable":true,"href":"https:\/\/radiorevelacionfm.cl\/index.php?rest_route=\/wp\/v2\/users\/1"}],"replies":[{"embeddable":true,"href":"https:\/\/radiorevelacionfm.cl\/index.php?rest_route=%2Fwp%2Fv2%2Fcomments&post=43359"}],"version-history":[{"count":1,"href":"https:\/\/radiorevelacionfm.cl\/index.php?rest_route=\/wp\/v2\/posts\/43359\/revisions"}],"predecessor-version":[{"id":43361,"href":"https:\/\/radiorevelacionfm.cl\/index.php?rest_route=\/wp\/v2\/posts\/43359\/revisions\/43361"}],"wp:featuredmedia":[{"embeddable":true,"href":"https:\/\/radiorevelacionfm.cl\/index.php?rest_route=\/wp\/v2\/media\/43360"}],"wp:attachment":[{"href":"https:\/\/radiorevelacionfm.cl\/index.php?rest_route=%2Fwp%2Fv2%2Fmedia&parent=43359"}],"wp:term":[{"taxonomy":"category","embeddable":true,"href":"https:\/\/radiorevelacionfm.cl\/index.php?rest_route=%2Fwp%2Fv2%2Fcategories&post=43359"},{"taxonomy":"post_tag","embeddable":true,"href":"https:\/\/radiorevelacionfm.cl\/index.php?rest_route=%2Fwp%2Fv2%2Ftags&post=43359"}],"curies":[{"name":"wp","href":"https:\/\/api.w.org\/{rel}","templated":true}]}}