{"id":43355,"date":"2024-06-19T21:17:14","date_gmt":"2024-06-20T00:17:14","guid":{"rendered":"https:\/\/radiorevelacionfm.cl\/?p=43355"},"modified":"2024-06-19T21:17:14","modified_gmt":"2024-06-20T00:17:14","slug":"alcalde-gatica-por-centro-artesanal-es-una-obra-anhelada-que-movilizara-la-economia-local-y-el-sector-turismo","status":"publish","type":"post","link":"https:\/\/radiorevelacionfm.cl\/?p=43355","title":{"rendered":"Alcalde Gatica por Centro Artesanal: \u201cEs una obra anhelada que movilizar\u00e1 la econom\u00eda local y el sector turismo\u201d"},"content":{"rendered":"<div class=\"flex_column av_one_full  flex_column_div av-zero-column-padding first  avia-builder-el-0  el_before_av_one_full  avia-builder-el-first  \" style='border-radius:0px; '><div  class='avia-image-container  av-styling-    avia-builder-el-1  avia-builder-el-no-sibling  avia-align-center '  itemprop=\"image\" itemscope=\"itemscope\" itemtype=\"https:\/\/schema.org\/ImageObject\"  ><div class='avia-image-container-inner'><div class='avia-image-overlay-wrap'><img decoding=\"async\" class='wp-image-43356 avia-img-lazy-loading-not-43356 avia_image' src=\"https:\/\/radiorevelacionfm.cl\/wp-content\/uploads\/2024\/06\/alcalde-centroartesanal-2_optimized.jpeg\" alt='' title='alcalde-centroartesanal-(2)_optimized' height=\"600\" width=\"1203\"  itemprop=\"thumbnailUrl\" srcset=\"https:\/\/radiorevelacionfm.cl\/wp-content\/uploads\/2024\/06\/alcalde-centroartesanal-2_optimized.jpeg 1203w, https:\/\/radiorevelacionfm.cl\/wp-content\/uploads\/2024\/06\/alcalde-centroartesanal-2_optimized-300x150.jpeg 300w, https:\/\/radiorevelacionfm.cl\/wp-content\/uploads\/2024\/06\/alcalde-centroartesanal-2_optimized-1030x514.jpeg 1030w, https:\/\/radiorevelacionfm.cl\/wp-content\/uploads\/2024\/06\/alcalde-centroartesanal-2_optimized-768x383.jpeg 768w, https:\/\/radiorevelacionfm.cl\/wp-content\/uploads\/2024\/06\/alcalde-centroartesanal-2_optimized-705x352.jpeg 705w, https:\/\/radiorevelacionfm.cl\/wp-content\/uploads\/2024\/06\/alcalde-centroartesanal-2_optimized-450x224.jpeg 450w, https:\/\/radiorevelacionfm.cl\/wp-content\/uploads\/2024\/06\/alcalde-centroartesanal-2_optimized-600x299.jpeg 600w\" sizes=\"(max-width: 1203px) 100vw, 1203px\" \/><\/div><\/div><\/div><\/div><div class=\"flex_column av_one_full  flex_column_div av-zero-column-padding first  avia-builder-el-2  el_after_av_one_full  el_before_av_one_full  column-top-margin\" style='border-radius:0px; '><section class=\"av_textblock_section \"  itemscope=\"itemscope\" itemtype=\"https:\/\/schema.org\/BlogPosting\" itemprop=\"blogPost\" ><div class='avia_textblock  '   itemprop=\"text\" ><p style=\"text-align: center;\"><span style=\"font-size: 18pt;\"><b>Alcalde Gatica por Centro Artesanal: \u201cEs una obra anhelada que movilizar\u00e1 la econom\u00eda local y el sector turismo\u201d<\/b><\/span><\/p>\n<div id=\"gtx-trans\" style=\"position: absolute; left: -50px; top: 4.31534px;\">\n<div class=\"gtx-trans-icon\"><\/div>\n<\/div>\n<\/div><\/section><\/div><div class=\"flex_column av_one_full  flex_column_div av-zero-column-padding first  avia-builder-el-4  el_after_av_one_full  el_before_av_hr  column-top-margin\" style='border-radius:0px; '><section class=\"av_textblock_section \"  itemscope=\"itemscope\" itemtype=\"https:\/\/schema.org\/BlogPosting\" itemprop=\"blogPost\" ><div class='avia_textblock  '   itemprop=\"text\" ><p style=\"text-align: justify;\">Esta semana el Consejo Regional de Ays\u00e9n, aprob\u00f3 en pleno los recursos que permitir\u00e1n inciar las obras del Centro Artesanal de Coyhaique, moderno espacio que considera dos niveles en m\u00e1s de 1.400 m2, y que albergar\u00e1 a 70 familias de artesanos, contar\u00e1 tambi\u00e9n con estacionamientos y otros espacios de encuentro. La aprobaci\u00f3n, fue valorada por el alcalde de Coyhaique, Carlos Gatica, enfatizando en que es una obra de impacto en la generaci\u00f3n de empleos, la identidad local y en el sector turismo.<\/p>\n<p style=\"text-align: justify;\">Destacando que este proyecto ten\u00eda m\u00e1s de una d\u00e9cada de gesti\u00f3n y que dada su importancia se enmarcar\u00e1 en los proyectos bicentenarios para la ciudad de Coyhaique, el alcalde, Carlos Gatica, manifest\u00f3 tras la aprobaci\u00f3n de los recursos por parte del Gobierno Regional que \u201cestamos muy contentos y agradecidos de la aprobaci\u00f3n un\u00e1nime que ha dado el Consejo Regional de Ays\u00e9n a la inversi\u00f3n de m\u00e1s de $10 mil millones de pesos que permitir\u00e1n ejecutar la obra del Centro Artesanal, que lleva m\u00e1s de una d\u00e9cada de trabajo y que nosotros tambi\u00e9n hemos priorizado para que se logre este avance, esta es una infraestructura de alto nivel que no s\u00f3lo dignificar\u00e1 el trabajo de nuestros artesanos sino que tambi\u00e9n albergar\u00e1 a artesanos de otras comunas de la regi\u00f3n\u201d.<\/p>\n<p style=\"text-align: justify;\">\u201cAdem\u00e1s, su dise\u00f1o ha tenido como eje principal la pertinencia local, geogr\u00e1fica y cultural de nuestra ciudad, por lo que ser\u00e1 un edificio que esperamos sea un punto de encuentro para la comunidad, y cuyas obras de construcci\u00f3n nos permitir\u00e1n generar nuevos empleos directos e indirectos, estimamos que este nuevo Centro Artesanal, ser\u00e1 una obra que marcar\u00e1 tambi\u00e9n el bicentenario de Coyhaique y ser\u00e1 clave el velar por su buen funcionamiento, ya que movilizar\u00e1 la econom\u00eda local y potenciar\u00e1 el sector turismo. Felicitamos a todos nuestros artesanos, ratificando nuestro compromiso como Municipio de seguir trabajando para que seamos un destino de inter\u00e9s nacional e internacional, sin duda, estas son iniciativas que apuntan a lograr eso\u201d, enfatiz\u00f3 el alcalde, Carlos Gatica.<\/p>\n<p style=\"text-align: justify;\">Finalmente, Carlos Gatica, resalt\u00f3 que cuando se pone en el centro de una iniciativa a las personas y el impacto de las obras, es posible lograr los grandes acuerdos, por lo que una muestra de ello es la aprobaci\u00f3n de este importante proyecto.<\/p>\n<\/div><\/section><\/div><div  style='height:50px' class='hr hr-invisible   avia-builder-el-6  el_after_av_one_full  el_before_av_social_share '><span class='hr-inner ' ><span class='hr-inner-style'><\/span><\/span><\/div><\/p>\n<div  class='av-social-sharing-box  avia-builder-el-7  el_after_av_hr  el_before_av_hr  '><div class='av-share-box'><h5 class='av-share-link-description av-no-toc '>Compartir esta noticia<\/h5><ul class='av-share-box-list noLightbox'><li class='av-share-link av-social-link-facebook' ><a target=\"_blank\" aria-label=\"Compartir en Facebook\" href='https:\/\/www.facebook.com\/sharer.php?u=https:\/\/radiorevelacionfm.cl\/?p=43355&#038;t=Alcalde%20Gatica%20por%20Centro%20Artesanal%3A%20%E2%80%9CEs%20una%20obra%20anhelada%20que%20movilizar%C3%A1%20la%20econom%C3%ADa%20local%20y%20el%20sector%20turismo%E2%80%9D' aria-hidden='false' data-av_icon='\ue8f3' data-av_iconfont='entypo-fontello' title='' data-avia-related-tooltip='Compartir en Facebook' rel=\"noopener\"><span class='avia_hidden_link_text'>Compartir en Facebook<\/span><\/a><\/li><li class='av-share-link av-social-link-twitter' ><a target=\"_blank\" aria-label=\"Compartir en Twitter\" href='https:\/\/twitter.com\/share?text=Alcalde%20Gatica%20por%20Centro%20Artesanal%3A%20%E2%80%9CEs%20una%20obra%20anhelada%20que%20movilizar%C3%A1%20la%20econom%C3%ADa%20local%20y%20el%20sector%20turismo%E2%80%9D&#038;url=https:\/\/radiorevelacionfm.cl\/?p=43355' aria-hidden='false' data-av_icon='\ue8f1' data-av_iconfont='entypo-fontello' title='' data-avia-related-tooltip='Compartir en Twitter' rel=\"noopener\"><span class='avia_hidden_link_text'>Compartir en Twitter<\/span><\/a><\/li><li class='av-share-link av-social-link-whatsapp' ><a target=\"_blank\" aria-label=\"Compartir en Whatsapp\" href='https:\/\/api.whatsapp.com\/send?text=https:\/\/radiorevelacionfm.cl\/?p=43355' aria-hidden='false' data-av_icon='\uf232' data-av_iconfont='entypo-fontello' title='' data-avia-related-tooltip='Compartir en Whatsapp' rel=\"noopener\"><span class='avia_hidden_link_text'>Compartir en Whatsapp<\/span><\/a><\/li><li class='av-share-link av-social-link-linkedin' ><a target=\"_blank\" aria-label=\"Compartir en LinkedIn\" href='https:\/\/linkedin.com\/shareArticle?mini=true&#038;title=Alcalde%20Gatica%20por%20Centro%20Artesanal%3A%20%E2%80%9CEs%20una%20obra%20anhelada%20que%20movilizar%C3%A1%20la%20econom%C3%ADa%20local%20y%20el%20sector%20turismo%E2%80%9D&#038;url=https:\/\/radiorevelacionfm.cl\/?p=43355' aria-hidden='false' data-av_icon='\ue8fc' data-av_iconfont='entypo-fontello' title='' data-avia-related-tooltip='Compartir en LinkedIn' rel=\"noopener\"><span class='avia_hidden_link_text'>Compartir en LinkedIn<\/span><\/a><\/li><li class='av-share-link av-social-link-mail' ><a  aria-label=\"Compartir por correo\" href='mailto:?subject=Alcalde%20Gatica%20por%20Centro%20Artesanal%3A%20%E2%80%9CEs%20una%20obra%20anhelada%20que%20movilizar%C3%A1%20la%20econom%C3%ADa%20local%20y%20el%20sector%20turismo%E2%80%9D&#038;body=https:\/\/radiorevelacionfm.cl\/?p=43355' aria-hidden='false' data-av_icon='\ue805' data-av_iconfont='entypo-fontello' title='' data-avia-related-tooltip='Compartir por correo'><span class='avia_hidden_link_text'>Compartir por correo<\/span><\/a><\/li><\/ul><\/div><\/div>\n<div  style='height:50px' class='hr hr-invisible   avia-builder-el-8  el_after_av_social_share  el_before_av_comments_list '><span class='hr-inner ' ><span class='hr-inner-style'><\/span><\/span><\/div>\n<div  class='av-buildercomment  av-blog-meta-html-info-disabled av-blog-meta-tag-disabled  '><\/div>\n","protected":false},"excerpt":{"rendered":"","protected":false},"author":1,"featured_media":43356,"comment_status":"open","ping_status":"open","sticky":false,"template":"","format":"standard","meta":{"footnotes":""},"categories":[38],"tags":[],"class_list":["post-43355","post","type-post","status-publish","format-standard","has-post-thumbnail","hentry","category-regional"],"jetpack_featured_media_url":"https:\/\/radiorevelacionfm.cl\/wp-content\/uploads\/2024\/06\/alcalde-centroartesanal-2_optimized.jpeg","_links":{"self":[{"href":"https:\/\/radiorevelacionfm.cl\/index.php?rest_route=\/wp\/v2\/posts\/43355","targetHints":{"allow":["GET"]}}],"collection":[{"href":"https:\/\/radiorevelacionfm.cl\/index.php?rest_route=\/wp\/v2\/posts"}],"about":[{"href":"https:\/\/radiorevelacionfm.cl\/index.php?rest_route=\/wp\/v2\/types\/post"}],"author":[{"embeddable":true,"href":"https:\/\/radiorevelacionfm.cl\/index.php?rest_route=\/wp\/v2\/users\/1"}],"replies":[{"embeddable":true,"href":"https:\/\/radiorevelacionfm.cl\/index.php?rest_route=%2Fwp%2Fv2%2Fcomments&post=43355"}],"version-history":[{"count":1,"href":"https:\/\/radiorevelacionfm.cl\/index.php?rest_route=\/wp\/v2\/posts\/43355\/revisions"}],"predecessor-version":[{"id":43357,"href":"https:\/\/radiorevelacionfm.cl\/index.php?rest_route=\/wp\/v2\/posts\/43355\/revisions\/43357"}],"wp:featuredmedia":[{"embeddable":true,"href":"https:\/\/radiorevelacionfm.cl\/index.php?rest_route=\/wp\/v2\/media\/43356"}],"wp:attachment":[{"href":"https:\/\/radiorevelacionfm.cl\/index.php?rest_route=%2Fwp%2Fv2%2Fmedia&parent=43355"}],"wp:term":[{"taxonomy":"category","embeddable":true,"href":"https:\/\/radiorevelacionfm.cl\/index.php?rest_route=%2Fwp%2Fv2%2Fcategories&post=43355"},{"taxonomy":"post_tag","embeddable":true,"href":"https:\/\/radiorevelacionfm.cl\/index.php?rest_route=%2Fwp%2Fv2%2Ftags&post=43355"}],"curies":[{"name":"wp","href":"https:\/\/api.w.org\/{rel}","templated":true}]}}