{"id":43352,"date":"2024-06-19T22:34:21","date_gmt":"2024-06-20T01:34:21","guid":{"rendered":"https:\/\/radiorevelacionfm.cl\/?p=43352"},"modified":"2024-06-19T22:34:21","modified_gmt":"2024-06-20T01:34:21","slug":"la-region-de-aysen-sera-parte-de-las-19-instituciones-publicas-que-recibiran-el-fondo-para-la-igualdad-que-busca-reducir-brechas-de-genero","status":"publish","type":"post","link":"https:\/\/radiorevelacionfm.cl\/?p=43352","title":{"rendered":"La regi\u00f3n de Ays\u00e9n ser\u00e1 parte de las 19 instituciones p\u00fablicas que recibir\u00e1n el Fondo para la Igualdad, que busca reducir brechas de g\u00e9nero"},"content":{"rendered":"<div class=\"flex_column av_one_full  flex_column_div av-zero-column-padding first  avia-builder-el-0  el_before_av_one_full  avia-builder-el-first  \" style='border-radius:0px; '><div  class='avia-image-container  av-styling-    avia-builder-el-1  avia-builder-el-no-sibling  avia-align-center '  itemprop=\"image\" itemscope=\"itemscope\" itemtype=\"https:\/\/schema.org\/ImageObject\"  ><div class='avia-image-container-inner'><div class='avia-image-overlay-wrap'><img decoding=\"async\" class='wp-image-43353 avia-img-lazy-loading-not-43353 avia_image' src=\"https:\/\/radiorevelacionfm.cl\/wp-content\/uploads\/2024\/06\/igualdad-3-1_optimized-1.jpeg\" alt='' title='igualdad-3-(1)_optimized (1)' height=\"600\" width=\"900\"  itemprop=\"thumbnailUrl\" srcset=\"https:\/\/radiorevelacionfm.cl\/wp-content\/uploads\/2024\/06\/igualdad-3-1_optimized-1.jpeg 900w, https:\/\/radiorevelacionfm.cl\/wp-content\/uploads\/2024\/06\/igualdad-3-1_optimized-1-300x200.jpeg 300w, https:\/\/radiorevelacionfm.cl\/wp-content\/uploads\/2024\/06\/igualdad-3-1_optimized-1-768x512.jpeg 768w, https:\/\/radiorevelacionfm.cl\/wp-content\/uploads\/2024\/06\/igualdad-3-1_optimized-1-705x470.jpeg 705w, https:\/\/radiorevelacionfm.cl\/wp-content\/uploads\/2024\/06\/igualdad-3-1_optimized-1-450x300.jpeg 450w, https:\/\/radiorevelacionfm.cl\/wp-content\/uploads\/2024\/06\/igualdad-3-1_optimized-1-600x400.jpeg 600w\" sizes=\"(max-width: 900px) 100vw, 900px\" \/><\/div><\/div><\/div><\/div><div class=\"flex_column av_one_full  flex_column_div av-zero-column-padding first  avia-builder-el-2  el_after_av_one_full  el_before_av_one_full  column-top-margin\" style='border-radius:0px; '><section class=\"av_textblock_section \"  itemscope=\"itemscope\" itemtype=\"https:\/\/schema.org\/BlogPosting\" itemprop=\"blogPost\" ><div class='avia_textblock  '   itemprop=\"text\" ><p style=\"text-align: center;\"><span style=\"font-size: 18pt;\"><b>La regi\u00f3n de Ays\u00e9n ser\u00e1 parte de las 19\u00a0<\/b><b>instituciones p\u00fablicas que recibir\u00e1n el Fondo para la Igualdad, que busca reducir brechas de g\u00e9nero<\/b><\/span><\/p>\n<div id=\"gtx-trans\" style=\"position: absolute; left: -50px; top: 4.31534px;\">\n<div class=\"gtx-trans-icon\"><\/div>\n<\/div>\n<\/div><\/section><\/div><div class=\"flex_column av_one_full  flex_column_div av-zero-column-padding first  avia-builder-el-4  el_after_av_one_full  el_before_av_hr  column-top-margin\" style='border-radius:0px; '><section class=\"av_textblock_section \"  itemscope=\"itemscope\" itemtype=\"https:\/\/schema.org\/BlogPosting\" itemprop=\"blogPost\" ><div class='avia_textblock  '   itemprop=\"text\" ><p style=\"text-align: justify;\">Este 2024, y por segundo a\u00f1o consecutivo, el Fondo para la Igualdad \u2013antes Fondo de Transversalizaci\u00f3n- financiar\u00e1 24 proyectos que buscan contribuir al bienestar de las mujeres en \u00e1mbitos como la autonom\u00eda econ\u00f3mica, prevenci\u00f3n y atenci\u00f3n de la violencia de g\u00e9nero, apoyo a los cuidados, entre otros.<\/p>\n<p style=\"text-align: justify;\">Los recursos proporcionados por este fondo, adjudicado a 19 ministerios y servicios p\u00fablicos, fortalecer\u00e1n programas existentes o generar\u00e1n nuevas intervenciones p\u00fablicas, cuya meta es satisfacer las diversas necesidades de mujeres y ni\u00f1as, atendiendo a la diversidad territorial de nuestro pa\u00eds.<\/p>\n<p style=\"text-align: justify;\">En espec\u00edfico, estas iniciativas abarcan desde la formaci\u00f3n de funcionarias y funcionarios del Estado para erradicar todo tipo de discriminaci\u00f3n en las instituciones p\u00fablicas, hasta beneficios a mujeres cuidadoras, y mujeres de sectores rurales, pasando por el fortalecimiento en la orientaci\u00f3n jur\u00eddica en materia de pensiones alimentos, la capacitaci\u00f3n en el uso de tecnolog\u00edas de riego y la atenci\u00f3n a v\u00edctimas de violencia de g\u00e9nero en el extranjero.<\/p>\n<p style=\"text-align: justify;\">Dentro de la iniciativas que ser\u00e1n financiadas durante este 2024 destacan: Escuela de Lideresas para Mujeres Rurales J\u00f3venes, la 2da Expo Patrimonio Cultural de Mujeres Rurales, Promoci\u00f3n de la \u00a0igualdad de g\u00e9nero en el quehacer universitario, Programa Buenas Pr\u00e1cticas Laborales con Equidad de G\u00e9nero (BPLEG), Dise\u00f1o de un sistema de monitoreo de la oferta program\u00e1tica de SernamEG para el abordaje de la violencia de g\u00e9nero, elaboraci\u00f3n de una gu\u00eda te\u00f3rico-metodol\u00f3gica sobre intervenci\u00f3n psicosocial reparatoria para mujeres sobrevivientes de violencias de g\u00e9nero desde el enfoque interseccional, entre otras.<\/p>\n<p style=\"text-align: justify;\">Por su parte, la Seremi de la Mujer y la Equidad de G\u00e9nero, Andrea M\u00e9ndez Valenzuela, destac\u00f3 iniciativas financiadas anteriormente con este Fondo, como: \u00abla habilitaci\u00f3n de \u00a0espacios infantiles en las \u00a0oficinas del Registro Civil de la Junta, Tortel, Cochrane, Balmaceda y La Tapera, fondo adjudicado tanto el a\u00f1o 2023 como 2024, lo que viene a reforzar las acciones de la agenda de g\u00e9nero trazada por el Gobierno del Presidente Gabriel Boric, y que adem\u00e1s muestra el compromiso de los distintos organismos del Estado de avanzar en pol\u00edticas p\u00fablicas que respondan adecuadamente a las necesidades y derechos de las mujeres\u00bb.<\/p>\n<p style=\"text-align: justify;\">As\u00ed tambi\u00e9n, en la regi\u00f3n de Ays\u00e9n se mantendr\u00e1 el financiamiento de la Escuela de Lideresas proveniente de INDAP, la cual est\u00e1 enfocada en potenciar los liderazgos de las mujeres participantes de la Mesa de la Mujer Rural, realizada en su primera versi\u00f3n en las comunas de Coyhaique y Cochrane.<\/p>\n<p style=\"text-align: justify;\">Cabe destacar que para el logro de estos objetivos hacia un Chile Para Todas, el Fondo para la Igualdad no solo entrega recursos, sino que adem\u00e1s proporciona seguimiento y asistencia t\u00e9cnica en la implementaci\u00f3n y monitoreo de las iniciativas, velando por la incorporaci\u00f3n de la perspectiva de g\u00e9nero en la ejecuci\u00f3n de todos los proyectos financiados.<\/p>\n<p style=\"text-align: justify;\">\u00abA trav\u00e9s de este fondo buscamos fortalecer derechos y reducir las brechas desde todas instituciones p\u00fablicas -y no solamente desde el Ministerio de la Mujer-, impulsando la transversalizaci\u00f3n en los organismos p\u00fablicos, es decir, integrando en el dise\u00f1o y aplicaci\u00f3n de las pol\u00edticas p\u00fablicas la mirada y la preocupaci\u00f3n respecto de las mujeres y sus necesidades\u00bb, se\u00f1al\u00f3 la ministra de la Mujer y la Equidad de G\u00e9nero, Antonia Orellana.<\/p>\n<\/div><\/section><\/div><div  style='height:50px' class='hr hr-invisible   avia-builder-el-6  el_after_av_one_full  el_before_av_social_share '><span class='hr-inner ' ><span class='hr-inner-style'><\/span><\/span><\/div><\/p>\n<div  class='av-social-sharing-box  avia-builder-el-7  el_after_av_hr  el_before_av_hr  '><div class='av-share-box'><h5 class='av-share-link-description av-no-toc '>Compartir esta noticia<\/h5><ul class='av-share-box-list noLightbox'><li class='av-share-link av-social-link-facebook' ><a target=\"_blank\" aria-label=\"Compartir en Facebook\" href='https:\/\/www.facebook.com\/sharer.php?u=https:\/\/radiorevelacionfm.cl\/?p=43352&#038;t=La%20regi%C3%B3n%20de%20Ays%C3%A9n%20ser%C3%A1%20parte%20de%20las%2019%20instituciones%20p%C3%BAblicas%20que%20recibir%C3%A1n%20el%20Fondo%20para%20la%20Igualdad%2C%20que%20busca%20reducir%20brechas%20de%20g%C3%A9nero' aria-hidden='false' data-av_icon='\ue8f3' data-av_iconfont='entypo-fontello' title='' data-avia-related-tooltip='Compartir en Facebook' rel=\"noopener\"><span class='avia_hidden_link_text'>Compartir en Facebook<\/span><\/a><\/li><li class='av-share-link av-social-link-twitter' ><a target=\"_blank\" aria-label=\"Compartir en Twitter\" href='https:\/\/twitter.com\/share?text=La%20regi%C3%B3n%20de%20Ays%C3%A9n%20ser%C3%A1%20parte%20de%20las%2019%20instituciones%20p%C3%BAblicas%20que%20recibir%C3%A1n%20el%20Fondo%20para%20la%20Igualdad%2C%20que%20busca%20reducir%20brechas%20de%20g%C3%A9nero&#038;url=https:\/\/radiorevelacionfm.cl\/?p=43352' aria-hidden='false' data-av_icon='\ue8f1' data-av_iconfont='entypo-fontello' title='' data-avia-related-tooltip='Compartir en Twitter' rel=\"noopener\"><span class='avia_hidden_link_text'>Compartir en Twitter<\/span><\/a><\/li><li class='av-share-link av-social-link-whatsapp' ><a target=\"_blank\" aria-label=\"Compartir en Whatsapp\" href='https:\/\/api.whatsapp.com\/send?text=https:\/\/radiorevelacionfm.cl\/?p=43352' aria-hidden='false' data-av_icon='\uf232' data-av_iconfont='entypo-fontello' title='' data-avia-related-tooltip='Compartir en Whatsapp' rel=\"noopener\"><span class='avia_hidden_link_text'>Compartir en Whatsapp<\/span><\/a><\/li><li class='av-share-link av-social-link-linkedin' ><a target=\"_blank\" aria-label=\"Compartir en LinkedIn\" href='https:\/\/linkedin.com\/shareArticle?mini=true&#038;title=La%20regi%C3%B3n%20de%20Ays%C3%A9n%20ser%C3%A1%20parte%20de%20las%2019%20instituciones%20p%C3%BAblicas%20que%20recibir%C3%A1n%20el%20Fondo%20para%20la%20Igualdad%2C%20que%20busca%20reducir%20brechas%20de%20g%C3%A9nero&#038;url=https:\/\/radiorevelacionfm.cl\/?p=43352' aria-hidden='false' data-av_icon='\ue8fc' data-av_iconfont='entypo-fontello' title='' data-avia-related-tooltip='Compartir en LinkedIn' rel=\"noopener\"><span class='avia_hidden_link_text'>Compartir en LinkedIn<\/span><\/a><\/li><li class='av-share-link av-social-link-mail' ><a  aria-label=\"Compartir por correo\" href='mailto:?subject=La%20regi%C3%B3n%20de%20Ays%C3%A9n%20ser%C3%A1%20parte%20de%20las%2019%20instituciones%20p%C3%BAblicas%20que%20recibir%C3%A1n%20el%20Fondo%20para%20la%20Igualdad%2C%20que%20busca%20reducir%20brechas%20de%20g%C3%A9nero&#038;body=https:\/\/radiorevelacionfm.cl\/?p=43352' aria-hidden='false' data-av_icon='\ue805' data-av_iconfont='entypo-fontello' title='' data-avia-related-tooltip='Compartir por correo'><span class='avia_hidden_link_text'>Compartir por correo<\/span><\/a><\/li><\/ul><\/div><\/div>\n<div  style='height:50px' class='hr hr-invisible   avia-builder-el-8  el_after_av_social_share  el_before_av_comments_list '><span class='hr-inner ' ><span class='hr-inner-style'><\/span><\/span><\/div>\n<div  class='av-buildercomment  av-blog-meta-html-info-disabled av-blog-meta-tag-disabled  '><\/div>\n","protected":false},"excerpt":{"rendered":"","protected":false},"author":1,"featured_media":43353,"comment_status":"open","ping_status":"open","sticky":false,"template":"","format":"standard","meta":{"footnotes":""},"categories":[38],"tags":[],"class_list":["post-43352","post","type-post","status-publish","format-standard","has-post-thumbnail","hentry","category-regional"],"jetpack_featured_media_url":"https:\/\/radiorevelacionfm.cl\/wp-content\/uploads\/2024\/06\/igualdad-3-1_optimized-1.jpeg","_links":{"self":[{"href":"https:\/\/radiorevelacionfm.cl\/index.php?rest_route=\/wp\/v2\/posts\/43352","targetHints":{"allow":["GET"]}}],"collection":[{"href":"https:\/\/radiorevelacionfm.cl\/index.php?rest_route=\/wp\/v2\/posts"}],"about":[{"href":"https:\/\/radiorevelacionfm.cl\/index.php?rest_route=\/wp\/v2\/types\/post"}],"author":[{"embeddable":true,"href":"https:\/\/radiorevelacionfm.cl\/index.php?rest_route=\/wp\/v2\/users\/1"}],"replies":[{"embeddable":true,"href":"https:\/\/radiorevelacionfm.cl\/index.php?rest_route=%2Fwp%2Fv2%2Fcomments&post=43352"}],"version-history":[{"count":1,"href":"https:\/\/radiorevelacionfm.cl\/index.php?rest_route=\/wp\/v2\/posts\/43352\/revisions"}],"predecessor-version":[{"id":43354,"href":"https:\/\/radiorevelacionfm.cl\/index.php?rest_route=\/wp\/v2\/posts\/43352\/revisions\/43354"}],"wp:featuredmedia":[{"embeddable":true,"href":"https:\/\/radiorevelacionfm.cl\/index.php?rest_route=\/wp\/v2\/media\/43353"}],"wp:attachment":[{"href":"https:\/\/radiorevelacionfm.cl\/index.php?rest_route=%2Fwp%2Fv2%2Fmedia&parent=43352"}],"wp:term":[{"taxonomy":"category","embeddable":true,"href":"https:\/\/radiorevelacionfm.cl\/index.php?rest_route=%2Fwp%2Fv2%2Fcategories&post=43352"},{"taxonomy":"post_tag","embeddable":true,"href":"https:\/\/radiorevelacionfm.cl\/index.php?rest_route=%2Fwp%2Fv2%2Ftags&post=43352"}],"curies":[{"name":"wp","href":"https:\/\/api.w.org\/{rel}","templated":true}]}}