{"id":43349,"date":"2024-06-19T17:53:27","date_gmt":"2024-06-19T20:53:27","guid":{"rendered":"https:\/\/radiorevelacionfm.cl\/?p=43349"},"modified":"2024-06-19T17:53:27","modified_gmt":"2024-06-19T20:53:27","slug":"seremi-de-gobierno-releva-nueva-campana-para-combatir-la-desinformacion","status":"publish","type":"post","link":"https:\/\/radiorevelacionfm.cl\/?p=43349","title":{"rendered":"Seremi de Gobierno releva nueva campa\u00f1a para combatir la desinformaci\u00f3n"},"content":{"rendered":"<div class=\"flex_column av_one_full  flex_column_div av-zero-column-padding first  avia-builder-el-0  el_before_av_one_full  avia-builder-el-first  \" style='border-radius:0px; '><div  class='avia-image-container  av-styling-    avia-builder-el-1  avia-builder-el-no-sibling  avia-align-center '  itemprop=\"image\" itemscope=\"itemscope\" itemtype=\"https:\/\/schema.org\/ImageObject\"  ><div class='avia-image-container-inner'><div class='avia-image-overlay-wrap'><img decoding=\"async\" class='wp-image-43350 avia-img-lazy-loading-not-43350 avia_image' src=\"https:\/\/radiorevelacionfm.cl\/wp-content\/uploads\/2024\/06\/campana-contra-desinformacion-1-1_optimized-1.jpg\" alt='' title='campa\u00f1a-contra-desinformaci\u00f3n-(1)-(1)_optimized (1)' height=\"883\" width=\"1554\"  itemprop=\"thumbnailUrl\" srcset=\"https:\/\/radiorevelacionfm.cl\/wp-content\/uploads\/2024\/06\/campana-contra-desinformacion-1-1_optimized-1.jpg 1554w, https:\/\/radiorevelacionfm.cl\/wp-content\/uploads\/2024\/06\/campana-contra-desinformacion-1-1_optimized-1-300x170.jpg 300w, https:\/\/radiorevelacionfm.cl\/wp-content\/uploads\/2024\/06\/campana-contra-desinformacion-1-1_optimized-1-1030x585.jpg 1030w, https:\/\/radiorevelacionfm.cl\/wp-content\/uploads\/2024\/06\/campana-contra-desinformacion-1-1_optimized-1-768x436.jpg 768w, https:\/\/radiorevelacionfm.cl\/wp-content\/uploads\/2024\/06\/campana-contra-desinformacion-1-1_optimized-1-1536x873.jpg 1536w, https:\/\/radiorevelacionfm.cl\/wp-content\/uploads\/2024\/06\/campana-contra-desinformacion-1-1_optimized-1-1500x852.jpg 1500w, https:\/\/radiorevelacionfm.cl\/wp-content\/uploads\/2024\/06\/campana-contra-desinformacion-1-1_optimized-1-705x401.jpg 705w, https:\/\/radiorevelacionfm.cl\/wp-content\/uploads\/2024\/06\/campana-contra-desinformacion-1-1_optimized-1-450x256.jpg 450w, https:\/\/radiorevelacionfm.cl\/wp-content\/uploads\/2024\/06\/campana-contra-desinformacion-1-1_optimized-1-600x341.jpg 600w\" sizes=\"(max-width: 1554px) 100vw, 1554px\" \/><\/div><\/div><\/div><\/div><div class=\"flex_column av_one_full  flex_column_div av-zero-column-padding first  avia-builder-el-2  el_after_av_one_full  el_before_av_one_full  column-top-margin\" style='border-radius:0px; '><section class=\"av_textblock_section \"  itemscope=\"itemscope\" itemtype=\"https:\/\/schema.org\/BlogPosting\" itemprop=\"blogPost\" ><div class='avia_textblock  '   itemprop=\"text\" ><p style=\"text-align: center;\"><span style=\"font-size: 18pt;\"><strong>Seremi de Gobierno releva nueva campa\u00f1a para combatir la desinformaci\u00f3n<\/strong><\/span><\/p>\n<div id=\"gtx-trans\" style=\"position: absolute; left: -50px; top: 4.31534px;\">\n<div class=\"gtx-trans-icon\"><\/div>\n<\/div>\n<\/div><\/section><\/div><div class=\"flex_column av_one_full  flex_column_div av-zero-column-padding first  avia-builder-el-4  el_after_av_one_full  el_before_av_hr  column-top-margin\" style='border-radius:0px; '><section class=\"av_textblock_section \"  itemscope=\"itemscope\" itemtype=\"https:\/\/schema.org\/BlogPosting\" itemprop=\"blogPost\" ><div class='avia_textblock  '   itemprop=\"text\" ><p style=\"text-align: justify;\"><em>El Ejecutivo, a trav\u00e9s de la Segegob, present\u00f3 una propuesta donde se entrega a la ciudadan\u00eda consejos clave para enfrentar la proliferaci\u00f3n de informaciones falsas.<\/em><\/p>\n<p style=\"text-align: justify;\">La Seremi de Gobierno de Ays\u00e9n, Tatiana Pl\u00e1 \u00c1lvarez, valor\u00f3 este mi\u00e9rcoles el lanzamiento de una nueva iniciativa del Gobierno para combatir la desinformaci\u00f3n y las llamadas fake news (noticias falsas), cuya finalidad es entregar recomendaciones a la ciudadan\u00eda para que pueda contar con herramientas de verificaci\u00f3n de los distintos contenidos que se viralizan a trav\u00e9s de las distintas redes sociales.<\/p>\n<p style=\"text-align: justify;\">La campa\u00f1a tiene por nombre <strong>\u201cAguanta, chequea, comparte\u201d<\/strong> y seg\u00fan la vocera de Gobierno de Ays\u00e9n, su objetivo es \u201cfortalecer y contribuir al empoderamiento ciudadano\u201d. Considera un video de un minuto, un set de piezas gr\u00e1ficas que se compartir\u00e1n por redes sociales y, tambi\u00e9n, ser\u00e1 difundida por los medios de comunicaci\u00f3n, a trav\u00e9s de frases radiales en la red Archi, adem\u00e1s del del spot que se emitir\u00e1 en pantalla abierta por la red Arcatel.<\/p>\n<p style=\"text-align: justify;\">\u201cHoy vivimos y nos movemos en un mundo digital, por lo que como Gobierno consideramos que es importante que los ciudadanos de distintas edades tengan cada vez m\u00e1s herramientas para poder ser menos permeables a la desinformaci\u00f3n y, en ese sentido, chequear antes de compartir cualquier contenido es clave, por lo que consideramos de gran relevancia lanzar esta campa\u00f1a comunicacional a la ciudadan\u00eda\u201d, asever\u00f3 la seremi de Gobierno, Tatiana Pl\u00e1.<\/p>\n<p style=\"text-align: justify;\">En tal sentido, la campa\u00f1a informativa recoge una de las recomendaciones de la Comisi\u00f3n Asesora contra la Desinformaci\u00f3n, que en su segundo informe hizo especial \u00e9nfasis en la necesidad de desplegar planes de acci\u00f3n orientados a la alfabetizaci\u00f3n digital, medi\u00e1tica e informacional de las personas.<\/p>\n<p style=\"text-align: justify;\">Del mismo modo, durante el Gobierno del Presidente Gabriel Boric se ha avanzado en la discusi\u00f3n sobre c\u00f3mo abordar una agenda contra la desinformaci\u00f3n. En este marco, adem\u00e1s del trabajo de la Comisi\u00f3n Asesora, que emiti\u00f3 dos informes, nuestro pa\u00eds forma parte de un grupo de trabajo o \u201chub\u201d de la OCDE que ha discutido este tema. De hecho, el Hub Dis\/Misinformation present\u00f3 en mayo, en nuestro pa\u00eds, el reporte en espa\u00f1ol titulado, \u201cHechos frente a falsedades: fortaleciendo la democracia a trav\u00e9s de la integridad de la informaci\u00f3n\u201d.<\/p>\n<p style=\"text-align: justify;\">Por \u00faltimo, cabe indicar que la desinformaci\u00f3n fue uno de los t\u00f3picos centrales en las m\u00e1s de 300 ponencias que se llevaron a cabo en el marco de la 31\u00b0 Conferencia del D\u00eda Mundial de la Libertad de Prensa 2024, organizado por la Unesco y el Gobierno de Chile.<\/p>\n<\/div><\/section><\/div><div  style='height:50px' class='hr hr-invisible   avia-builder-el-6  el_after_av_one_full  el_before_av_social_share '><span class='hr-inner ' ><span class='hr-inner-style'><\/span><\/span><\/div><\/p>\n<div  class='av-social-sharing-box  avia-builder-el-7  el_after_av_hr  el_before_av_hr  '><div class='av-share-box'><h5 class='av-share-link-description av-no-toc '>Compartir esta noticia<\/h5><ul class='av-share-box-list noLightbox'><li class='av-share-link av-social-link-facebook' ><a target=\"_blank\" aria-label=\"Compartir en Facebook\" href='https:\/\/www.facebook.com\/sharer.php?u=https:\/\/radiorevelacionfm.cl\/?p=43349&#038;t=Seremi%20de%20Gobierno%20releva%20nueva%20campa%C3%B1a%20para%20combatir%20la%20desinformaci%C3%B3n' aria-hidden='false' data-av_icon='\ue8f3' data-av_iconfont='entypo-fontello' title='' data-avia-related-tooltip='Compartir en Facebook' rel=\"noopener\"><span class='avia_hidden_link_text'>Compartir en Facebook<\/span><\/a><\/li><li class='av-share-link av-social-link-twitter' ><a target=\"_blank\" aria-label=\"Compartir en Twitter\" href='https:\/\/twitter.com\/share?text=Seremi%20de%20Gobierno%20releva%20nueva%20campa%C3%B1a%20para%20combatir%20la%20desinformaci%C3%B3n&#038;url=https:\/\/radiorevelacionfm.cl\/?p=43349' aria-hidden='false' data-av_icon='\ue8f1' data-av_iconfont='entypo-fontello' title='' data-avia-related-tooltip='Compartir en Twitter' rel=\"noopener\"><span class='avia_hidden_link_text'>Compartir en Twitter<\/span><\/a><\/li><li class='av-share-link av-social-link-whatsapp' ><a target=\"_blank\" aria-label=\"Compartir en Whatsapp\" href='https:\/\/api.whatsapp.com\/send?text=https:\/\/radiorevelacionfm.cl\/?p=43349' aria-hidden='false' data-av_icon='\uf232' data-av_iconfont='entypo-fontello' title='' data-avia-related-tooltip='Compartir en Whatsapp' rel=\"noopener\"><span class='avia_hidden_link_text'>Compartir en Whatsapp<\/span><\/a><\/li><li class='av-share-link av-social-link-linkedin' ><a target=\"_blank\" aria-label=\"Compartir en LinkedIn\" href='https:\/\/linkedin.com\/shareArticle?mini=true&#038;title=Seremi%20de%20Gobierno%20releva%20nueva%20campa%C3%B1a%20para%20combatir%20la%20desinformaci%C3%B3n&#038;url=https:\/\/radiorevelacionfm.cl\/?p=43349' aria-hidden='false' data-av_icon='\ue8fc' data-av_iconfont='entypo-fontello' title='' data-avia-related-tooltip='Compartir en LinkedIn' rel=\"noopener\"><span class='avia_hidden_link_text'>Compartir en LinkedIn<\/span><\/a><\/li><li class='av-share-link av-social-link-mail' ><a  aria-label=\"Compartir por correo\" href='mailto:?subject=Seremi%20de%20Gobierno%20releva%20nueva%20campa%C3%B1a%20para%20combatir%20la%20desinformaci%C3%B3n&#038;body=https:\/\/radiorevelacionfm.cl\/?p=43349' aria-hidden='false' data-av_icon='\ue805' data-av_iconfont='entypo-fontello' title='' data-avia-related-tooltip='Compartir por correo'><span class='avia_hidden_link_text'>Compartir por correo<\/span><\/a><\/li><\/ul><\/div><\/div>\n<div  style='height:50px' class='hr hr-invisible   avia-builder-el-8  el_after_av_social_share  el_before_av_comments_list '><span class='hr-inner ' ><span class='hr-inner-style'><\/span><\/span><\/div>\n<div  class='av-buildercomment  av-blog-meta-html-info-disabled av-blog-meta-tag-disabled  '><\/div>\n","protected":false},"excerpt":{"rendered":"","protected":false},"author":1,"featured_media":43350,"comment_status":"open","ping_status":"open","sticky":false,"template":"","format":"standard","meta":{"footnotes":""},"categories":[38],"tags":[],"class_list":["post-43349","post","type-post","status-publish","format-standard","has-post-thumbnail","hentry","category-regional"],"jetpack_featured_media_url":"https:\/\/radiorevelacionfm.cl\/wp-content\/uploads\/2024\/06\/campana-contra-desinformacion-1-1_optimized-1.jpg","_links":{"self":[{"href":"https:\/\/radiorevelacionfm.cl\/index.php?rest_route=\/wp\/v2\/posts\/43349","targetHints":{"allow":["GET"]}}],"collection":[{"href":"https:\/\/radiorevelacionfm.cl\/index.php?rest_route=\/wp\/v2\/posts"}],"about":[{"href":"https:\/\/radiorevelacionfm.cl\/index.php?rest_route=\/wp\/v2\/types\/post"}],"author":[{"embeddable":true,"href":"https:\/\/radiorevelacionfm.cl\/index.php?rest_route=\/wp\/v2\/users\/1"}],"replies":[{"embeddable":true,"href":"https:\/\/radiorevelacionfm.cl\/index.php?rest_route=%2Fwp%2Fv2%2Fcomments&post=43349"}],"version-history":[{"count":1,"href":"https:\/\/radiorevelacionfm.cl\/index.php?rest_route=\/wp\/v2\/posts\/43349\/revisions"}],"predecessor-version":[{"id":43351,"href":"https:\/\/radiorevelacionfm.cl\/index.php?rest_route=\/wp\/v2\/posts\/43349\/revisions\/43351"}],"wp:featuredmedia":[{"embeddable":true,"href":"https:\/\/radiorevelacionfm.cl\/index.php?rest_route=\/wp\/v2\/media\/43350"}],"wp:attachment":[{"href":"https:\/\/radiorevelacionfm.cl\/index.php?rest_route=%2Fwp%2Fv2%2Fmedia&parent=43349"}],"wp:term":[{"taxonomy":"category","embeddable":true,"href":"https:\/\/radiorevelacionfm.cl\/index.php?rest_route=%2Fwp%2Fv2%2Fcategories&post=43349"},{"taxonomy":"post_tag","embeddable":true,"href":"https:\/\/radiorevelacionfm.cl\/index.php?rest_route=%2Fwp%2Fv2%2Ftags&post=43349"}],"curies":[{"name":"wp","href":"https:\/\/api.w.org\/{rel}","templated":true}]}}