{"id":43344,"date":"2024-06-18T20:03:19","date_gmt":"2024-06-18T23:03:19","guid":{"rendered":"https:\/\/radiorevelacionfm.cl\/?p=43344"},"modified":"2024-06-18T20:03:19","modified_gmt":"2024-06-18T23:03:19","slug":"investigan-rina-en-sector-alto-de-coyhaique-los-presuntos-agresores-serian-parte-de-la-banda-los-tule","status":"publish","type":"post","link":"https:\/\/radiorevelacionfm.cl\/?p=43344","title":{"rendered":"Investigan ri\u00f1a en sector alto de Coyhaique, los presuntos agresores ser\u00edan parte de la banda Los Tule"},"content":{"rendered":"<div class=\"flex_column av_one_full  flex_column_div av-zero-column-padding first  avia-builder-el-0  el_before_av_one_full  avia-builder-el-first  \" style='border-radius:0px; '><div  class='avia-image-container  av-styling-    avia-builder-el-1  avia-builder-el-no-sibling  avia-align-center '  itemprop=\"image\" itemscope=\"itemscope\" itemtype=\"https:\/\/schema.org\/ImageObject\"  ><div class='avia-image-container-inner'><div class='avia-image-overlay-wrap'><img decoding=\"async\" class='wp-image-17554 avia-img-lazy-loading-not-17554 avia_image' src=\"https:\/\/radiorevelacionfm.cl\/wp-content\/uploads\/2022\/06\/Carabineros-Generica1.1-1-1.jpg\" alt='' title='Carabineros Generica1.1 (1) (1)' height=\"600\" width=\"786\"  itemprop=\"thumbnailUrl\" srcset=\"https:\/\/radiorevelacionfm.cl\/wp-content\/uploads\/2022\/06\/Carabineros-Generica1.1-1-1.jpg 786w, https:\/\/radiorevelacionfm.cl\/wp-content\/uploads\/2022\/06\/Carabineros-Generica1.1-1-1-300x229.jpg 300w, https:\/\/radiorevelacionfm.cl\/wp-content\/uploads\/2022\/06\/Carabineros-Generica1.1-1-1-768x586.jpg 768w, https:\/\/radiorevelacionfm.cl\/wp-content\/uploads\/2022\/06\/Carabineros-Generica1.1-1-1-705x538.jpg 705w, https:\/\/radiorevelacionfm.cl\/wp-content\/uploads\/2022\/06\/Carabineros-Generica1.1-1-1-600x458.jpg 600w\" sizes=\"(max-width: 786px) 100vw, 786px\" \/><\/div><\/div><\/div><\/div><div class=\"flex_column av_one_full  flex_column_div av-zero-column-padding first  avia-builder-el-2  el_after_av_one_full  el_before_av_one_full  column-top-margin\" style='border-radius:0px; '><section class=\"av_textblock_section \"  itemscope=\"itemscope\" itemtype=\"https:\/\/schema.org\/BlogPosting\" itemprop=\"blogPost\" ><div class='avia_textblock  '   itemprop=\"text\" ><p style=\"text-align: center;\"><strong><span style=\"font-size: 18pt;\">Investigan ri\u00f1a en sector alto de Coyhaique, los presuntos agresores ser\u00edan parte de la banda Los Tule<\/span><\/strong><\/p>\n<div id=\"gtx-trans\" style=\"position: absolute; left: -50px; top: 4.31534px;\">\n<div class=\"gtx-trans-icon\"><\/div>\n<\/div>\n<\/div><\/section><\/div><div class=\"flex_column av_one_full  flex_column_div av-zero-column-padding first  avia-builder-el-4  el_after_av_one_full  el_before_av_hr  column-top-margin\" style='border-radius:0px; '><section class=\"av_textblock_section \"  itemscope=\"itemscope\" itemtype=\"https:\/\/schema.org\/BlogPosting\" itemprop=\"blogPost\" ><div class='avia_textblock  '   itemprop=\"text\" ><p style=\"text-align: justify;\">Un llamado al 133 por un procedimiento de ri\u00f1a en calle Trapananda con Los Fiordos, motiv\u00f3 la concurrencia\u00a0de Carabineros al lugar, encontrando un veh\u00edculo abandonado\u00a0con da\u00f1os en su estructura.<\/p>\n<p style=\"text-align: justify;\">El personal se despleg\u00f3 en las inmediaciones del sector, logrando encontrar a tres personas quienes habr\u00edan sido v\u00edctimas de esta agresi\u00f3n. Uno de estos presentaba lesiones visibles en la frente producto de arma blanca, elemento que fue encontrado por Carabineros y sometido a peritajes, como parte de las primeras diligencias.<\/p>\n<p style=\"text-align: justify;\">Como parte de lo anterior, Carabineros prest\u00f3 auxilio a la v\u00edctima y lo traslad\u00f3 al hospital regional\u00a0de Coyhaique, donde la\u00a0v\u00edctima se niega tanto a recibir atenci\u00f3n m\u00e9dica como a denunciar el delito, no obstante, Carabineros realiza la denuncia mediante oficio ante la Fiscal\u00eda.<\/p>\n<p style=\"text-align: justify;\">Como parte de las diligencias aut\u00f3nomas, Carabineros de la SIP realiz\u00f3 el levantamiento de im\u00e1genes de c\u00e1mara.<\/p>\n<p style=\"text-align: justify;\">Seg\u00fan las primeras diligencias, los presuntos agresores corresponder\u00edan\u00a0a una\u00a0parte de sujetos integrantes de la banda autodenominada Los Tule.<\/p>\n<p style=\"text-align: justify;\">Hace unos d\u00edas, parte de esta banda fue detenida por Carabineros de Coyhaique por robo con violencia y secuestro.<\/p>\n<p style=\"text-align: justify;\">Los antecedentes del procedimiento fueron remitidos a la Fiscal\u00eda, siendo las diligencias derivadas a la PDI con la finalidad de dar con los autores de este hecho.<\/p>\n<\/div><\/section><\/div><div  style='height:50px' class='hr hr-invisible   avia-builder-el-6  el_after_av_one_full  el_before_av_social_share '><span class='hr-inner ' ><span class='hr-inner-style'><\/span><\/span><\/div><\/p>\n<div  class='av-social-sharing-box  avia-builder-el-7  el_after_av_hr  el_before_av_hr  '><div class='av-share-box'><h5 class='av-share-link-description av-no-toc '>Compartir esta noticia<\/h5><ul class='av-share-box-list noLightbox'><li class='av-share-link av-social-link-facebook' ><a target=\"_blank\" aria-label=\"Compartir en Facebook\" href='https:\/\/www.facebook.com\/sharer.php?u=https:\/\/radiorevelacionfm.cl\/?p=43344&#038;t=Investigan%20ri%C3%B1a%20en%20sector%20alto%20de%20Coyhaique%2C%20los%20presuntos%20agresores%20ser%C3%ADan%20parte%20de%20la%20banda%20Los%20Tule' aria-hidden='false' data-av_icon='\ue8f3' data-av_iconfont='entypo-fontello' title='' data-avia-related-tooltip='Compartir en Facebook' rel=\"noopener\"><span class='avia_hidden_link_text'>Compartir en Facebook<\/span><\/a><\/li><li class='av-share-link av-social-link-twitter' ><a target=\"_blank\" aria-label=\"Compartir en Twitter\" href='https:\/\/twitter.com\/share?text=Investigan%20ri%C3%B1a%20en%20sector%20alto%20de%20Coyhaique%2C%20los%20presuntos%20agresores%20ser%C3%ADan%20parte%20de%20la%20banda%20Los%20Tule&#038;url=https:\/\/radiorevelacionfm.cl\/?p=43344' aria-hidden='false' data-av_icon='\ue8f1' data-av_iconfont='entypo-fontello' title='' data-avia-related-tooltip='Compartir en Twitter' rel=\"noopener\"><span class='avia_hidden_link_text'>Compartir en Twitter<\/span><\/a><\/li><li class='av-share-link av-social-link-whatsapp' ><a target=\"_blank\" aria-label=\"Compartir en Whatsapp\" href='https:\/\/api.whatsapp.com\/send?text=https:\/\/radiorevelacionfm.cl\/?p=43344' aria-hidden='false' data-av_icon='\uf232' data-av_iconfont='entypo-fontello' title='' data-avia-related-tooltip='Compartir en Whatsapp' rel=\"noopener\"><span class='avia_hidden_link_text'>Compartir en Whatsapp<\/span><\/a><\/li><li class='av-share-link av-social-link-linkedin' ><a target=\"_blank\" aria-label=\"Compartir en LinkedIn\" href='https:\/\/linkedin.com\/shareArticle?mini=true&#038;title=Investigan%20ri%C3%B1a%20en%20sector%20alto%20de%20Coyhaique%2C%20los%20presuntos%20agresores%20ser%C3%ADan%20parte%20de%20la%20banda%20Los%20Tule&#038;url=https:\/\/radiorevelacionfm.cl\/?p=43344' aria-hidden='false' data-av_icon='\ue8fc' data-av_iconfont='entypo-fontello' title='' data-avia-related-tooltip='Compartir en LinkedIn' rel=\"noopener\"><span class='avia_hidden_link_text'>Compartir en LinkedIn<\/span><\/a><\/li><li class='av-share-link av-social-link-mail' ><a  aria-label=\"Compartir por correo\" href='mailto:?subject=Investigan%20ri%C3%B1a%20en%20sector%20alto%20de%20Coyhaique%2C%20los%20presuntos%20agresores%20ser%C3%ADan%20parte%20de%20la%20banda%20Los%20Tule&#038;body=https:\/\/radiorevelacionfm.cl\/?p=43344' aria-hidden='false' data-av_icon='\ue805' data-av_iconfont='entypo-fontello' title='' data-avia-related-tooltip='Compartir por correo'><span class='avia_hidden_link_text'>Compartir por correo<\/span><\/a><\/li><\/ul><\/div><\/div>\n<div  style='height:50px' class='hr hr-invisible   avia-builder-el-8  el_after_av_social_share  el_before_av_comments_list '><span class='hr-inner ' ><span class='hr-inner-style'><\/span><\/span><\/div>\n<div  class='av-buildercomment  av-blog-meta-html-info-disabled av-blog-meta-tag-disabled  '><\/div>\n","protected":false},"excerpt":{"rendered":"","protected":false},"author":1,"featured_media":17554,"comment_status":"open","ping_status":"open","sticky":false,"template":"","format":"standard","meta":{"footnotes":""},"categories":[36],"tags":[],"class_list":["post-43344","post","type-post","status-publish","format-standard","has-post-thumbnail","hentry","category-policial"],"jetpack_featured_media_url":"https:\/\/radiorevelacionfm.cl\/wp-content\/uploads\/2022\/06\/Carabineros-Generica1.1-1-1.jpg","_links":{"self":[{"href":"https:\/\/radiorevelacionfm.cl\/index.php?rest_route=\/wp\/v2\/posts\/43344","targetHints":{"allow":["GET"]}}],"collection":[{"href":"https:\/\/radiorevelacionfm.cl\/index.php?rest_route=\/wp\/v2\/posts"}],"about":[{"href":"https:\/\/radiorevelacionfm.cl\/index.php?rest_route=\/wp\/v2\/types\/post"}],"author":[{"embeddable":true,"href":"https:\/\/radiorevelacionfm.cl\/index.php?rest_route=\/wp\/v2\/users\/1"}],"replies":[{"embeddable":true,"href":"https:\/\/radiorevelacionfm.cl\/index.php?rest_route=%2Fwp%2Fv2%2Fcomments&post=43344"}],"version-history":[{"count":1,"href":"https:\/\/radiorevelacionfm.cl\/index.php?rest_route=\/wp\/v2\/posts\/43344\/revisions"}],"predecessor-version":[{"id":43345,"href":"https:\/\/radiorevelacionfm.cl\/index.php?rest_route=\/wp\/v2\/posts\/43344\/revisions\/43345"}],"wp:featuredmedia":[{"embeddable":true,"href":"https:\/\/radiorevelacionfm.cl\/index.php?rest_route=\/wp\/v2\/media\/17554"}],"wp:attachment":[{"href":"https:\/\/radiorevelacionfm.cl\/index.php?rest_route=%2Fwp%2Fv2%2Fmedia&parent=43344"}],"wp:term":[{"taxonomy":"category","embeddable":true,"href":"https:\/\/radiorevelacionfm.cl\/index.php?rest_route=%2Fwp%2Fv2%2Fcategories&post=43344"},{"taxonomy":"post_tag","embeddable":true,"href":"https:\/\/radiorevelacionfm.cl\/index.php?rest_route=%2Fwp%2Fv2%2Ftags&post=43344"}],"curies":[{"name":"wp","href":"https:\/\/api.w.org\/{rel}","templated":true}]}}