{"id":43341,"date":"2024-06-19T11:15:02","date_gmt":"2024-06-19T14:15:02","guid":{"rendered":"https:\/\/radiorevelacionfm.cl\/?p=43341"},"modified":"2024-06-19T11:15:02","modified_gmt":"2024-06-19T14:15:02","slug":"nuevas-acciones-de-cuidado-al-medio-ambiente-fortaleceran-alianza-municipio-de-aysen-y-reciclajes-martino","status":"publish","type":"post","link":"https:\/\/radiorevelacionfm.cl\/?p=43341","title":{"rendered":"Nuevas acciones de cuidado al Medio Ambiente fortalecer\u00e1n alianza municipio de Ays\u00e9n y Reciclajes Martino"},"content":{"rendered":"<div class=\"flex_column av_one_full  flex_column_div av-zero-column-padding first  avia-builder-el-0  el_before_av_one_full  avia-builder-el-first  \" style='border-radius:0px; '><div  class='avia-image-container  av-styling-    avia-builder-el-1  avia-builder-el-no-sibling  avia-align-center '  itemprop=\"image\" itemscope=\"itemscope\" itemtype=\"https:\/\/schema.org\/ImageObject\"  ><div class='avia-image-container-inner'><div class='avia-image-overlay-wrap'><img decoding=\"async\" class='wp-image-43342 avia-img-lazy-loading-not-43342 avia_image' src=\"https:\/\/radiorevelacionfm.cl\/wp-content\/uploads\/2024\/06\/martino6-1_optimized-1_optimized-1.jpg\" alt='' title='martino6-(1)_optimized-(1)_optimized (1)' height=\"600\" width=\"1332\"  itemprop=\"thumbnailUrl\" srcset=\"https:\/\/radiorevelacionfm.cl\/wp-content\/uploads\/2024\/06\/martino6-1_optimized-1_optimized-1.jpg 1332w, https:\/\/radiorevelacionfm.cl\/wp-content\/uploads\/2024\/06\/martino6-1_optimized-1_optimized-1-300x135.jpg 300w, https:\/\/radiorevelacionfm.cl\/wp-content\/uploads\/2024\/06\/martino6-1_optimized-1_optimized-1-1030x464.jpg 1030w, https:\/\/radiorevelacionfm.cl\/wp-content\/uploads\/2024\/06\/martino6-1_optimized-1_optimized-1-768x346.jpg 768w, https:\/\/radiorevelacionfm.cl\/wp-content\/uploads\/2024\/06\/martino6-1_optimized-1_optimized-1-705x318.jpg 705w, https:\/\/radiorevelacionfm.cl\/wp-content\/uploads\/2024\/06\/martino6-1_optimized-1_optimized-1-450x203.jpg 450w, https:\/\/radiorevelacionfm.cl\/wp-content\/uploads\/2024\/06\/martino6-1_optimized-1_optimized-1-600x270.jpg 600w\" sizes=\"(max-width: 1332px) 100vw, 1332px\" \/><\/div><\/div><\/div><\/div><div class=\"flex_column av_one_full  flex_column_div av-zero-column-padding first  avia-builder-el-2  el_after_av_one_full  el_before_av_one_full  column-top-margin\" style='border-radius:0px; '><section class=\"av_textblock_section \"  itemscope=\"itemscope\" itemtype=\"https:\/\/schema.org\/BlogPosting\" itemprop=\"blogPost\" ><div class='avia_textblock  '   itemprop=\"text\" ><p style=\"text-align: center;\"><strong><span style=\"font-size: 18pt;\">Nuevas acciones de cuidado al Medio Ambiente fortalecer\u00e1n alianza municipio de Ays\u00e9n y Reciclajes Martino<\/span><\/strong><\/p>\n<div id=\"gtx-trans\" style=\"position: absolute; left: -50px; top: 4.31534px;\">\n<div class=\"gtx-trans-icon\"><\/div>\n<\/div>\n<\/div><\/section><\/div><div class=\"flex_column av_one_full  flex_column_div av-zero-column-padding first  avia-builder-el-4  el_after_av_one_full  el_before_av_hr  column-top-margin\" style='border-radius:0px; '><section class=\"av_textblock_section \"  itemscope=\"itemscope\" itemtype=\"https:\/\/schema.org\/BlogPosting\" itemprop=\"blogPost\" ><div class='avia_textblock  '   itemprop=\"text\" ><p style=\"text-align: justify;\"><em>Trabajo donde la comunidad y organizaciones dedicadas a proteger el medio ambiente, son fundamentales para crear conciencia desde los m\u00e1s peque\u00f1os.<\/em><\/p>\n<p style=\"text-align: justify;\">Hasta la planta de \u201cReciclajes Martino\u201d, lleg\u00f3 el alcalde de la comuna de Ays\u00e9n Julio Uribe, acompa\u00f1ado del director de Daoma Jorge Hurtado y la encargada de la oficina de medio ambiente Carolina Pacheco, donde se reunieron con el due\u00f1o de esta empresa Cristian Martino.<\/p>\n<p style=\"text-align: justify;\">En el lugar, efectuaron un recorrido por las instalaciones con el fin de conocer los materiales que se re\u00fanen, el proceso de compactaci\u00f3n y el env\u00edo a distintas zonas del pa\u00eds, donde son reutilizados o reciclados para crear nuevos art\u00edculos.<\/p>\n<p style=\"text-align: justify;\">El alcalde Julio Uribe, manifest\u00f3 que, a trav\u00e9s de estas instancias, se busca fortalecer el v\u00ednculo con esta empresa con miras a seguir potenciando el cuidado al medio ambiente.<\/p>\n<p style=\"text-align: justify;\">\u201cEstamos potenciando el poder reciclar, poder dar otro uso a nuestros residuos y creo que vamos por el camino correcto como comuna. Reciclajes Martino, es una hermosa iniciativa, vemos que reciclan el cart\u00f3n, las botellas de bebida, las botellas pl\u00e1sticas, las botellas de vidrio y tambi\u00e9n se reutiliza mucho lo que llega ac\u00e1. Por lo tanto, para nosotros como Municipio, esta alianza que hemos hecho con Martino, es muy buena, esperamos seguir avanzando en esta materia, para poder descontaminar nuestra comuna y tambi\u00e9n ser responsables de los derechos domiciliarios que estamos provocando, ya que, muchos de ellos se pueden reutilizar o reciclar\u201d.<\/p>\n<p style=\"text-align: justify;\">En tanto, Cristian Martino, resalt\u00f3 la posibilidad de reunirse con la autoridad comunal y parte de su equipo, con el fin de programar nuevas acciones de protecci\u00f3n al medio ambiente.<\/p>\n<p style=\"text-align: justify;\">\u201cEstamos en nuestra planta de reciclaje junto al alcalde, al director de Daoma y a la encargada de medio ambiente del Municipio, programando, viendo las actividades a seguir para poder fomentar a\u00fan m\u00e1s el reciclaje, la correcta disposici\u00f3n de los residuos reciclables en nuestra comuna de Ays\u00e9n. Nosotros como Reciclajes Martino, como gestores de residuos s\u00f3lidos inorg\u00e1nicos domiciliarios e industriales, llevamos a\u00f1os trabajando, pero esto lo hacemos con una red, una red de educadores por la sustentabilidad, llamada Reinventa Ays\u00e9n. Lo primero que hacemos es, educar, despu\u00e9s recolectamos, recepcionamos, tratamos y disponemos certificando correctamente los residuos s\u00f3lidos inorg\u00e1nicos reciclables\u201d.<\/p>\n<p style=\"text-align: justify;\">En la alianza p\u00fablico \u2013 privada, Ilustre Municipalidad de Ays\u00e9n \u2013 Reciclajes Martino, se espera continuar el trabajo con los colegios, sumar a las organizaciones vecinales y ambientales de la comuna.<\/p>\n<\/div><\/section><\/div><div  style='height:50px' class='hr hr-invisible   avia-builder-el-6  el_after_av_one_full  el_before_av_social_share '><span class='hr-inner ' ><span class='hr-inner-style'><\/span><\/span><\/div><\/p>\n<div  class='av-social-sharing-box  avia-builder-el-7  el_after_av_hr  el_before_av_hr  '><div class='av-share-box'><h5 class='av-share-link-description av-no-toc '>Compartir esta noticia<\/h5><ul class='av-share-box-list noLightbox'><li class='av-share-link av-social-link-facebook' ><a target=\"_blank\" aria-label=\"Compartir en Facebook\" href='https:\/\/www.facebook.com\/sharer.php?u=https:\/\/radiorevelacionfm.cl\/?p=43341&#038;t=Nuevas%20acciones%20de%20cuidado%20al%20Medio%20Ambiente%20fortalecer%C3%A1n%20alianza%20municipio%20de%20Ays%C3%A9n%20y%20Reciclajes%20Martino' aria-hidden='false' data-av_icon='\ue8f3' data-av_iconfont='entypo-fontello' title='' data-avia-related-tooltip='Compartir en Facebook' rel=\"noopener\"><span class='avia_hidden_link_text'>Compartir en Facebook<\/span><\/a><\/li><li class='av-share-link av-social-link-twitter' ><a target=\"_blank\" aria-label=\"Compartir en Twitter\" href='https:\/\/twitter.com\/share?text=Nuevas%20acciones%20de%20cuidado%20al%20Medio%20Ambiente%20fortalecer%C3%A1n%20alianza%20municipio%20de%20Ays%C3%A9n%20y%20Reciclajes%20Martino&#038;url=https:\/\/radiorevelacionfm.cl\/?p=43341' aria-hidden='false' data-av_icon='\ue8f1' data-av_iconfont='entypo-fontello' title='' data-avia-related-tooltip='Compartir en Twitter' rel=\"noopener\"><span class='avia_hidden_link_text'>Compartir en Twitter<\/span><\/a><\/li><li class='av-share-link av-social-link-whatsapp' ><a target=\"_blank\" aria-label=\"Compartir en Whatsapp\" href='https:\/\/api.whatsapp.com\/send?text=https:\/\/radiorevelacionfm.cl\/?p=43341' aria-hidden='false' data-av_icon='\uf232' data-av_iconfont='entypo-fontello' title='' data-avia-related-tooltip='Compartir en Whatsapp' rel=\"noopener\"><span class='avia_hidden_link_text'>Compartir en Whatsapp<\/span><\/a><\/li><li class='av-share-link av-social-link-linkedin' ><a target=\"_blank\" aria-label=\"Compartir en LinkedIn\" href='https:\/\/linkedin.com\/shareArticle?mini=true&#038;title=Nuevas%20acciones%20de%20cuidado%20al%20Medio%20Ambiente%20fortalecer%C3%A1n%20alianza%20municipio%20de%20Ays%C3%A9n%20y%20Reciclajes%20Martino&#038;url=https:\/\/radiorevelacionfm.cl\/?p=43341' aria-hidden='false' data-av_icon='\ue8fc' data-av_iconfont='entypo-fontello' title='' data-avia-related-tooltip='Compartir en LinkedIn' rel=\"noopener\"><span class='avia_hidden_link_text'>Compartir en LinkedIn<\/span><\/a><\/li><li class='av-share-link av-social-link-mail' ><a  aria-label=\"Compartir por correo\" href='mailto:?subject=Nuevas%20acciones%20de%20cuidado%20al%20Medio%20Ambiente%20fortalecer%C3%A1n%20alianza%20municipio%20de%20Ays%C3%A9n%20y%20Reciclajes%20Martino&#038;body=https:\/\/radiorevelacionfm.cl\/?p=43341' aria-hidden='false' data-av_icon='\ue805' data-av_iconfont='entypo-fontello' title='' data-avia-related-tooltip='Compartir por correo'><span class='avia_hidden_link_text'>Compartir por correo<\/span><\/a><\/li><\/ul><\/div><\/div>\n<div  style='height:50px' class='hr hr-invisible   avia-builder-el-8  el_after_av_social_share  el_before_av_comments_list '><span class='hr-inner ' ><span class='hr-inner-style'><\/span><\/span><\/div>\n<div  class='av-buildercomment  av-blog-meta-html-info-disabled av-blog-meta-tag-disabled  '><\/div>\n","protected":false},"excerpt":{"rendered":"","protected":false},"author":1,"featured_media":43342,"comment_status":"open","ping_status":"open","sticky":false,"template":"","format":"standard","meta":{"footnotes":""},"categories":[38],"tags":[],"class_list":["post-43341","post","type-post","status-publish","format-standard","has-post-thumbnail","hentry","category-regional"],"jetpack_featured_media_url":"https:\/\/radiorevelacionfm.cl\/wp-content\/uploads\/2024\/06\/martino6-1_optimized-1_optimized-1.jpg","_links":{"self":[{"href":"https:\/\/radiorevelacionfm.cl\/index.php?rest_route=\/wp\/v2\/posts\/43341","targetHints":{"allow":["GET"]}}],"collection":[{"href":"https:\/\/radiorevelacionfm.cl\/index.php?rest_route=\/wp\/v2\/posts"}],"about":[{"href":"https:\/\/radiorevelacionfm.cl\/index.php?rest_route=\/wp\/v2\/types\/post"}],"author":[{"embeddable":true,"href":"https:\/\/radiorevelacionfm.cl\/index.php?rest_route=\/wp\/v2\/users\/1"}],"replies":[{"embeddable":true,"href":"https:\/\/radiorevelacionfm.cl\/index.php?rest_route=%2Fwp%2Fv2%2Fcomments&post=43341"}],"version-history":[{"count":1,"href":"https:\/\/radiorevelacionfm.cl\/index.php?rest_route=\/wp\/v2\/posts\/43341\/revisions"}],"predecessor-version":[{"id":43343,"href":"https:\/\/radiorevelacionfm.cl\/index.php?rest_route=\/wp\/v2\/posts\/43341\/revisions\/43343"}],"wp:featuredmedia":[{"embeddable":true,"href":"https:\/\/radiorevelacionfm.cl\/index.php?rest_route=\/wp\/v2\/media\/43342"}],"wp:attachment":[{"href":"https:\/\/radiorevelacionfm.cl\/index.php?rest_route=%2Fwp%2Fv2%2Fmedia&parent=43341"}],"wp:term":[{"taxonomy":"category","embeddable":true,"href":"https:\/\/radiorevelacionfm.cl\/index.php?rest_route=%2Fwp%2Fv2%2Fcategories&post=43341"},{"taxonomy":"post_tag","embeddable":true,"href":"https:\/\/radiorevelacionfm.cl\/index.php?rest_route=%2Fwp%2Fv2%2Ftags&post=43341"}],"curies":[{"name":"wp","href":"https:\/\/api.w.org\/{rel}","templated":true}]}}