{"id":43339,"date":"2024-06-19T12:02:15","date_gmt":"2024-06-19T15:02:15","guid":{"rendered":"https:\/\/radiorevelacionfm.cl\/?p=43339"},"modified":"2024-06-19T12:02:15","modified_gmt":"2024-06-19T15:02:15","slug":"calisto-y-aumento-de-las-cuentas-de-la-luz-estamos-enfrentados-a-un-absoluto-abandono-por-parte-del-gobierno","status":"publish","type":"post","link":"https:\/\/radiorevelacionfm.cl\/?p=43339","title":{"rendered":"Calisto y aumento de las cuentas de la luz: \u201cEstamos enfrentados a un absoluto abandono por parte del Gobierno\u201d"},"content":{"rendered":"<div class=\"flex_column av_one_full  flex_column_div av-zero-column-padding first  avia-builder-el-0  el_before_av_one_full  avia-builder-el-first  \" style='border-radius:0px; '><div  class='avia-image-container  av-styling-    avia-builder-el-1  avia-builder-el-no-sibling  avia-align-center '  itemprop=\"image\" itemscope=\"itemscope\" itemtype=\"https:\/\/schema.org\/ImageObject\"  ><div class='avia-image-container-inner'><div class='avia-image-overlay-wrap'><img decoding=\"async\" class='wp-image-18646 avia-img-lazy-loading-not-18646 avia_image' src=\"https:\/\/radiorevelacionfm.cl\/wp-content\/uploads\/2022\/06\/CALISTO-2022-1-1.jpg\" alt='' title='CALISTO 2022 (1) (1)' height=\"600\" width=\"1022\"  itemprop=\"thumbnailUrl\" srcset=\"https:\/\/radiorevelacionfm.cl\/wp-content\/uploads\/2022\/06\/CALISTO-2022-1-1.jpg 1022w, https:\/\/radiorevelacionfm.cl\/wp-content\/uploads\/2022\/06\/CALISTO-2022-1-1-300x176.jpg 300w, https:\/\/radiorevelacionfm.cl\/wp-content\/uploads\/2022\/06\/CALISTO-2022-1-1-768x451.jpg 768w, https:\/\/radiorevelacionfm.cl\/wp-content\/uploads\/2022\/06\/CALISTO-2022-1-1-705x414.jpg 705w, https:\/\/radiorevelacionfm.cl\/wp-content\/uploads\/2022\/06\/CALISTO-2022-1-1-600x352.jpg 600w\" sizes=\"(max-width: 1022px) 100vw, 1022px\" \/><\/div><\/div><\/div><\/div><div class=\"flex_column av_one_full  flex_column_div av-zero-column-padding first  avia-builder-el-2  el_after_av_one_full  el_before_av_one_full  column-top-margin\" style='border-radius:0px; '><section class=\"av_textblock_section \"  itemscope=\"itemscope\" itemtype=\"https:\/\/schema.org\/BlogPosting\" itemprop=\"blogPost\" ><div class='avia_textblock  '   itemprop=\"text\" ><p style=\"text-align: center;\"><strong><span style=\"font-size: 18pt;\">Calisto y aumento de las cuentas de la luz: \u201cEstamos enfrentados a un absoluto abandono por parte del Gobierno\u201d<\/span><\/strong><\/p>\n<div id=\"gtx-trans\" style=\"position: absolute; left: -50px; top: 4.31534px;\">\n<div class=\"gtx-trans-icon\"><\/div>\n<\/div>\n<\/div><\/section><\/div><div class=\"flex_column av_one_full  flex_column_div av-zero-column-padding first  avia-builder-el-4  el_after_av_one_full  el_before_av_hr  column-top-margin\" style='border-radius:0px; '><section class=\"av_textblock_section \"  itemscope=\"itemscope\" itemtype=\"https:\/\/schema.org\/BlogPosting\" itemprop=\"blogPost\" ><div class='avia_textblock  '   itemprop=\"text\" ><p style=\"font-weight: 400; text-align: justify;\">El diputado Miguel \u00c1ngel Calisto, quien es miembro de la denominada Bancada El\u00e9ctrica, critic\u00f3 la postura del Gobierno ante el inminente aumento de las cuentas de la luz generado por el descongelamiento de las tarifas el\u00e9ctricas, e inst\u00f3 al ejecutivo a que presente una propuesta para renegociar los contratos con las empresas del rubro.<\/p>\n<p style=\"font-weight: 400; text-align: justify;\">Seg\u00fan el legislador, \u201choy estamos enfrentados a un absoluto abandono por parte del Gobierno, una despreocupaci\u00f3n del Gobierno, que no mide las consecuencias de sus propias propuestas, las que no han generado beneficios para las familias de nuestro pa\u00eds. Tenemos comunas en Chile que durante le mes de Julio tendr\u00e1n un alza en el precio de la energ\u00eda el\u00e9ctrica de hasta un 59%\u201d.<\/p>\n<p style=\"font-weight: 400; text-align: justify;\">\u201cEsto pegar\u00e1 fuerte en Copiap\u00f3 o en Temuco. Este es el problema del Ministerio, que no ha entregado una soluci\u00f3n concreta a este Congreso, recordemos que este tema es iniciativa exclusiva del ejecutivo. Yo lamento la falta de decisi\u00f3n y la inconsciencia por parte del Gobierno, que dice representar a los m\u00e1s pobres, y termina tomando medidas que implican el aumento de hasta un 59% en las boletas de la electricidad\u201d, afirm\u00f3.<\/p>\n<p style=\"font-weight: 400; text-align: justify;\">Finalmente, Calisto se\u00f1al\u00f3 que \u201clamentablemente, en las ciudades del sur vamos a tener que seguir utilizando la le\u00f1a como m\u00e9todo para calefaccionarnos, lo que genera altos niveles de contaminaci\u00f3n. Nosotros, junto a la bancada El\u00e9ctrica que es transversal, le hemos planteado al Gobierno una soluci\u00f3n, que es la renegociaci\u00f3n de los contratos con las empresas el\u00e9ctricas. Esto generar\u00eda un impacto con la rebaja del costo energ\u00e9tico\u201d.<\/p>\n<\/div><\/section><\/div><div  style='height:50px' class='hr hr-invisible   avia-builder-el-6  el_after_av_one_full  el_before_av_social_share '><span class='hr-inner ' ><span class='hr-inner-style'><\/span><\/span><\/div><\/p>\n<div  class='av-social-sharing-box  avia-builder-el-7  el_after_av_hr  el_before_av_hr  '><div class='av-share-box'><h5 class='av-share-link-description av-no-toc '>Compartir esta noticia<\/h5><ul class='av-share-box-list noLightbox'><li class='av-share-link av-social-link-facebook' ><a target=\"_blank\" aria-label=\"Compartir en Facebook\" href='https:\/\/www.facebook.com\/sharer.php?u=https:\/\/radiorevelacionfm.cl\/?p=43339&#038;t=Calisto%20y%20aumento%20de%20las%20cuentas%20de%20la%20luz%3A%20%E2%80%9CEstamos%20enfrentados%20a%20un%20absoluto%20abandono%20por%20parte%20del%20Gobierno%E2%80%9D' aria-hidden='false' data-av_icon='\ue8f3' data-av_iconfont='entypo-fontello' title='' data-avia-related-tooltip='Compartir en Facebook' rel=\"noopener\"><span class='avia_hidden_link_text'>Compartir en Facebook<\/span><\/a><\/li><li class='av-share-link av-social-link-twitter' ><a target=\"_blank\" aria-label=\"Compartir en Twitter\" href='https:\/\/twitter.com\/share?text=Calisto%20y%20aumento%20de%20las%20cuentas%20de%20la%20luz%3A%20%E2%80%9CEstamos%20enfrentados%20a%20un%20absoluto%20abandono%20por%20parte%20del%20Gobierno%E2%80%9D&#038;url=https:\/\/radiorevelacionfm.cl\/?p=43339' aria-hidden='false' data-av_icon='\ue8f1' data-av_iconfont='entypo-fontello' title='' data-avia-related-tooltip='Compartir en Twitter' rel=\"noopener\"><span class='avia_hidden_link_text'>Compartir en Twitter<\/span><\/a><\/li><li class='av-share-link av-social-link-whatsapp' ><a target=\"_blank\" aria-label=\"Compartir en Whatsapp\" href='https:\/\/api.whatsapp.com\/send?text=https:\/\/radiorevelacionfm.cl\/?p=43339' aria-hidden='false' data-av_icon='\uf232' data-av_iconfont='entypo-fontello' title='' data-avia-related-tooltip='Compartir en Whatsapp' rel=\"noopener\"><span class='avia_hidden_link_text'>Compartir en Whatsapp<\/span><\/a><\/li><li class='av-share-link av-social-link-linkedin' ><a target=\"_blank\" aria-label=\"Compartir en LinkedIn\" href='https:\/\/linkedin.com\/shareArticle?mini=true&#038;title=Calisto%20y%20aumento%20de%20las%20cuentas%20de%20la%20luz%3A%20%E2%80%9CEstamos%20enfrentados%20a%20un%20absoluto%20abandono%20por%20parte%20del%20Gobierno%E2%80%9D&#038;url=https:\/\/radiorevelacionfm.cl\/?p=43339' aria-hidden='false' data-av_icon='\ue8fc' data-av_iconfont='entypo-fontello' title='' data-avia-related-tooltip='Compartir en LinkedIn' rel=\"noopener\"><span class='avia_hidden_link_text'>Compartir en LinkedIn<\/span><\/a><\/li><li class='av-share-link av-social-link-mail' ><a  aria-label=\"Compartir por correo\" href='mailto:?subject=Calisto%20y%20aumento%20de%20las%20cuentas%20de%20la%20luz%3A%20%E2%80%9CEstamos%20enfrentados%20a%20un%20absoluto%20abandono%20por%20parte%20del%20Gobierno%E2%80%9D&#038;body=https:\/\/radiorevelacionfm.cl\/?p=43339' aria-hidden='false' data-av_icon='\ue805' data-av_iconfont='entypo-fontello' title='' data-avia-related-tooltip='Compartir por correo'><span class='avia_hidden_link_text'>Compartir por correo<\/span><\/a><\/li><\/ul><\/div><\/div>\n<div  style='height:50px' class='hr hr-invisible   avia-builder-el-8  el_after_av_social_share  el_before_av_comments_list '><span class='hr-inner ' ><span class='hr-inner-style'><\/span><\/span><\/div>\n<div  class='av-buildercomment  av-blog-meta-html-info-disabled av-blog-meta-tag-disabled  '><\/div>\n","protected":false},"excerpt":{"rendered":"","protected":false},"author":1,"featured_media":18646,"comment_status":"open","ping_status":"open","sticky":false,"template":"","format":"standard","meta":{"footnotes":""},"categories":[35],"tags":[],"class_list":["post-43339","post","type-post","status-publish","format-standard","has-post-thumbnail","hentry","category-politica"],"jetpack_featured_media_url":"https:\/\/radiorevelacionfm.cl\/wp-content\/uploads\/2022\/06\/CALISTO-2022-1-1.jpg","_links":{"self":[{"href":"https:\/\/radiorevelacionfm.cl\/index.php?rest_route=\/wp\/v2\/posts\/43339","targetHints":{"allow":["GET"]}}],"collection":[{"href":"https:\/\/radiorevelacionfm.cl\/index.php?rest_route=\/wp\/v2\/posts"}],"about":[{"href":"https:\/\/radiorevelacionfm.cl\/index.php?rest_route=\/wp\/v2\/types\/post"}],"author":[{"embeddable":true,"href":"https:\/\/radiorevelacionfm.cl\/index.php?rest_route=\/wp\/v2\/users\/1"}],"replies":[{"embeddable":true,"href":"https:\/\/radiorevelacionfm.cl\/index.php?rest_route=%2Fwp%2Fv2%2Fcomments&post=43339"}],"version-history":[{"count":1,"href":"https:\/\/radiorevelacionfm.cl\/index.php?rest_route=\/wp\/v2\/posts\/43339\/revisions"}],"predecessor-version":[{"id":43340,"href":"https:\/\/radiorevelacionfm.cl\/index.php?rest_route=\/wp\/v2\/posts\/43339\/revisions\/43340"}],"wp:featuredmedia":[{"embeddable":true,"href":"https:\/\/radiorevelacionfm.cl\/index.php?rest_route=\/wp\/v2\/media\/18646"}],"wp:attachment":[{"href":"https:\/\/radiorevelacionfm.cl\/index.php?rest_route=%2Fwp%2Fv2%2Fmedia&parent=43339"}],"wp:term":[{"taxonomy":"category","embeddable":true,"href":"https:\/\/radiorevelacionfm.cl\/index.php?rest_route=%2Fwp%2Fv2%2Fcategories&post=43339"},{"taxonomy":"post_tag","embeddable":true,"href":"https:\/\/radiorevelacionfm.cl\/index.php?rest_route=%2Fwp%2Fv2%2Ftags&post=43339"}],"curies":[{"name":"wp","href":"https:\/\/api.w.org\/{rel}","templated":true}]}}