{"id":43336,"date":"2024-06-19T13:19:34","date_gmt":"2024-06-19T16:19:34","guid":{"rendered":"https:\/\/radiorevelacionfm.cl\/?p=43336"},"modified":"2024-06-19T13:19:34","modified_gmt":"2024-06-19T16:19:34","slug":"alumnos-del-liceo-bicentenario-altos-del-mackay-participaron-en-charla-sobre-ley-de-responsabilidad-penal-adolescente","status":"publish","type":"post","link":"https:\/\/radiorevelacionfm.cl\/?p=43336","title":{"rendered":"Alumnos del Liceo Bicentenario Altos del Mackay participaron en charla sobre Ley de Responsabilidad Penal Adolescente"},"content":{"rendered":"<div class=\"flex_column av_one_full  flex_column_div av-zero-column-padding first  avia-builder-el-0  el_before_av_one_full  avia-builder-el-first  \" style='border-radius:0px; '><div  class='avia-image-container  av-styling-    avia-builder-el-1  avia-builder-el-no-sibling  avia-align-center '  itemprop=\"image\" itemscope=\"itemscope\" itemtype=\"https:\/\/schema.org\/ImageObject\"  ><div class='avia-image-container-inner'><div class='avia-image-overlay-wrap'><img decoding=\"async\" class='wp-image-43337 avia-img-lazy-loading-not-43337 avia_image' src=\"https:\/\/radiorevelacionfm.cl\/wp-content\/uploads\/2024\/06\/charla-rpa-1-1-1.jpg\" alt='' title='charla rpa 1 (1) (1)' height=\"600\" width=\"800\"  itemprop=\"thumbnailUrl\" srcset=\"https:\/\/radiorevelacionfm.cl\/wp-content\/uploads\/2024\/06\/charla-rpa-1-1-1.jpg 800w, https:\/\/radiorevelacionfm.cl\/wp-content\/uploads\/2024\/06\/charla-rpa-1-1-1-300x225.jpg 300w, https:\/\/radiorevelacionfm.cl\/wp-content\/uploads\/2024\/06\/charla-rpa-1-1-1-768x576.jpg 768w, https:\/\/radiorevelacionfm.cl\/wp-content\/uploads\/2024\/06\/charla-rpa-1-1-1-705x529.jpg 705w, https:\/\/radiorevelacionfm.cl\/wp-content\/uploads\/2024\/06\/charla-rpa-1-1-1-450x338.jpg 450w, https:\/\/radiorevelacionfm.cl\/wp-content\/uploads\/2024\/06\/charla-rpa-1-1-1-600x450.jpg 600w\" sizes=\"(max-width: 800px) 100vw, 800px\" \/><\/div><\/div><\/div><\/div><div class=\"flex_column av_one_full  flex_column_div av-zero-column-padding first  avia-builder-el-2  el_after_av_one_full  el_before_av_one_full  column-top-margin\" style='border-radius:0px; '><section class=\"av_textblock_section \"  itemscope=\"itemscope\" itemtype=\"https:\/\/schema.org\/BlogPosting\" itemprop=\"blogPost\" ><div class='avia_textblock  '   itemprop=\"text\" ><p style=\"text-align: center;\"><span style=\"font-size: 18pt;\"><strong>Alumnos del Liceo Bicentenario Altos del Mackay participaron en charla sobre Ley de Responsabilidad Penal Adolescente<\/strong><\/span><\/p>\n<div id=\"gtx-trans\" style=\"position: absolute; left: -50px; top: 4.31534px;\">\n<div class=\"gtx-trans-icon\"><\/div>\n<\/div>\n<\/div><\/section><\/div><div class=\"flex_column av_one_full  flex_column_div av-zero-column-padding first  avia-builder-el-4  el_after_av_one_full  el_before_av_hr  column-top-margin\" style='border-radius:0px; '><section class=\"av_textblock_section \"  itemscope=\"itemscope\" itemtype=\"https:\/\/schema.org\/BlogPosting\" itemprop=\"blogPost\" ><div class='avia_textblock  '   itemprop=\"text\" ><p style=\"text-align: justify;\">Cerca de 60 alumnos pertenecientes a octavo b\u00e1sico y segundo a\u00f1o medio del Liceo Bicentenario Altos del Mackay participaron de una charla sobre la Ley de Responsabilidad Penal Adolescente realizada por el asesor jur\u00eddico de la Secretar\u00eda Regional Ministerial de Justicia y Derechos Humanos Carlos Mella Atton, instancia que ten\u00eda como finalidad entregar informaci\u00f3n respecto a esta importante normativa legal.<\/p>\n<p style=\"text-align: justify;\">En la oportunidad, los estudiantes escucharon atentamente la exposici\u00f3n del profesional, qui\u00e9n abord\u00f3 tem\u00e1ticas enmarcadas en la ley como, los j\u00f3venes como sujetos de derechos y obligaciones, avances en materia de protecci\u00f3n y responsabilidad en ni\u00f1os, ni\u00f1as y adolescentes, cambios estructurales, creaci\u00f3n del servicio de Mejor Ni\u00f1ez, y servicio de Reinserci\u00f3n Social Juvenil y la responsabilidad como eje fundamental en el desarrollo y contribuci\u00f3n a la paz social.<\/p>\n<p style=\"text-align: justify;\">Respecto a la actividad, la orientadora del establecimiento, Dina Casanova se\u00f1al\u00f3 \u201cprimero quiero agradecer en nombre del Liceo Bicentenario Altos del Mackay a la Secretaria Regional Ministerial de Justicia y Derechos Humanos por su inter\u00e9s y colaboraci\u00f3n en estas iniciativas que aportan a la educaci\u00f3n integral de nuestros y nuestras estudiantes, en nuestro liceo consideramos esencial tratar temas como la Ley de Responsabilidad Penal Adolescente con nuestros estudiantes, no solo para informarlos sobre las consecuencias legales de sus actos, sino que tambi\u00e9n para educarlos en la importancia del respeto hacia las normas y los derechos de los dem\u00e1s, creemos tambi\u00e9n que al conocer la legislaci\u00f3n los adolescentes pueden identificar mejor las conductas que podr\u00edan llevarlos a situaciones conflictivas, permiti\u00e9ndoles de esta manera actuar de una forma m\u00e1s preventiva y reflexiva\u201d.<\/p>\n<p style=\"text-align: justify;\">Mientras que el seremi de Justicia y Derechos Humanos, Samuel Navarro Castro explic\u00f3 que \u201cesta es una iniciativa que surge para hacer difusi\u00f3n y promoci\u00f3n de la Ley de Responsabilidad Penal Adolescente, en qu\u00e9 consiste, sus alcances e implicancias y est\u00e1n dirigidas especialmente a j\u00f3venes de los liceos y colegios de la regi\u00f3n, creemos que es muy importante que nuestros adolescentes y j\u00f3venes conozcan en detalle esta ley, para que se puedan prevenir acciones que puedan rayar en lo delictivo, y en este sentido creemos que nuestra labor de difusi\u00f3n es muy importante para la comunidad\u201d.<\/p>\n<p style=\"text-align: justify;\">Finalmente, la autoridad regional hizo extensiva la invitaci\u00f3n a los establecimientos educacionales que quieran acceder a estas charlas, a comunicarse con la Seremi de Justicia y Derechos Humanos al tel\u00e9fono 226743257 o dirigirse a las oficinas ubicadas en Avenida Baquedano # 334 en Coyhaique.<\/p>\n<\/div><\/section><\/div><div  style='height:50px' class='hr hr-invisible   avia-builder-el-6  el_after_av_one_full  el_before_av_social_share '><span class='hr-inner ' ><span class='hr-inner-style'><\/span><\/span><\/div><\/p>\n<div  class='av-social-sharing-box  avia-builder-el-7  el_after_av_hr  el_before_av_hr  '><div class='av-share-box'><h5 class='av-share-link-description av-no-toc '>Compartir esta noticia<\/h5><ul class='av-share-box-list noLightbox'><li class='av-share-link av-social-link-facebook' ><a target=\"_blank\" aria-label=\"Compartir en Facebook\" href='https:\/\/www.facebook.com\/sharer.php?u=https:\/\/radiorevelacionfm.cl\/?p=43336&#038;t=Alumnos%20del%20Liceo%20Bicentenario%20Altos%20del%20Mackay%20participaron%20en%20charla%20sobre%20Ley%20de%20Responsabilidad%20Penal%20Adolescente' aria-hidden='false' data-av_icon='\ue8f3' data-av_iconfont='entypo-fontello' title='' data-avia-related-tooltip='Compartir en Facebook' rel=\"noopener\"><span class='avia_hidden_link_text'>Compartir en Facebook<\/span><\/a><\/li><li class='av-share-link av-social-link-twitter' ><a target=\"_blank\" aria-label=\"Compartir en Twitter\" href='https:\/\/twitter.com\/share?text=Alumnos%20del%20Liceo%20Bicentenario%20Altos%20del%20Mackay%20participaron%20en%20charla%20sobre%20Ley%20de%20Responsabilidad%20Penal%20Adolescente&#038;url=https:\/\/radiorevelacionfm.cl\/?p=43336' aria-hidden='false' data-av_icon='\ue8f1' data-av_iconfont='entypo-fontello' title='' data-avia-related-tooltip='Compartir en Twitter' rel=\"noopener\"><span class='avia_hidden_link_text'>Compartir en Twitter<\/span><\/a><\/li><li class='av-share-link av-social-link-whatsapp' ><a target=\"_blank\" aria-label=\"Compartir en Whatsapp\" href='https:\/\/api.whatsapp.com\/send?text=https:\/\/radiorevelacionfm.cl\/?p=43336' aria-hidden='false' data-av_icon='\uf232' data-av_iconfont='entypo-fontello' title='' data-avia-related-tooltip='Compartir en Whatsapp' rel=\"noopener\"><span class='avia_hidden_link_text'>Compartir en Whatsapp<\/span><\/a><\/li><li class='av-share-link av-social-link-linkedin' ><a target=\"_blank\" aria-label=\"Compartir en LinkedIn\" href='https:\/\/linkedin.com\/shareArticle?mini=true&#038;title=Alumnos%20del%20Liceo%20Bicentenario%20Altos%20del%20Mackay%20participaron%20en%20charla%20sobre%20Ley%20de%20Responsabilidad%20Penal%20Adolescente&#038;url=https:\/\/radiorevelacionfm.cl\/?p=43336' aria-hidden='false' data-av_icon='\ue8fc' data-av_iconfont='entypo-fontello' title='' data-avia-related-tooltip='Compartir en LinkedIn' rel=\"noopener\"><span class='avia_hidden_link_text'>Compartir en LinkedIn<\/span><\/a><\/li><li class='av-share-link av-social-link-mail' ><a  aria-label=\"Compartir por correo\" href='mailto:?subject=Alumnos%20del%20Liceo%20Bicentenario%20Altos%20del%20Mackay%20participaron%20en%20charla%20sobre%20Ley%20de%20Responsabilidad%20Penal%20Adolescente&#038;body=https:\/\/radiorevelacionfm.cl\/?p=43336' aria-hidden='false' data-av_icon='\ue805' data-av_iconfont='entypo-fontello' title='' data-avia-related-tooltip='Compartir por correo'><span class='avia_hidden_link_text'>Compartir por correo<\/span><\/a><\/li><\/ul><\/div><\/div>\n<div  style='height:50px' class='hr hr-invisible   avia-builder-el-8  el_after_av_social_share  el_before_av_comments_list '><span class='hr-inner ' ><span class='hr-inner-style'><\/span><\/span><\/div>\n<div  class='av-buildercomment  av-blog-meta-html-info-disabled av-blog-meta-tag-disabled  '><\/div>\n","protected":false},"excerpt":{"rendered":"","protected":false},"author":1,"featured_media":43337,"comment_status":"open","ping_status":"open","sticky":false,"template":"","format":"standard","meta":{"footnotes":""},"categories":[55],"tags":[],"class_list":["post-43336","post","type-post","status-publish","format-standard","has-post-thumbnail","hentry","category-justicia"],"jetpack_featured_media_url":"https:\/\/radiorevelacionfm.cl\/wp-content\/uploads\/2024\/06\/charla-rpa-1-1-1.jpg","_links":{"self":[{"href":"https:\/\/radiorevelacionfm.cl\/index.php?rest_route=\/wp\/v2\/posts\/43336","targetHints":{"allow":["GET"]}}],"collection":[{"href":"https:\/\/radiorevelacionfm.cl\/index.php?rest_route=\/wp\/v2\/posts"}],"about":[{"href":"https:\/\/radiorevelacionfm.cl\/index.php?rest_route=\/wp\/v2\/types\/post"}],"author":[{"embeddable":true,"href":"https:\/\/radiorevelacionfm.cl\/index.php?rest_route=\/wp\/v2\/users\/1"}],"replies":[{"embeddable":true,"href":"https:\/\/radiorevelacionfm.cl\/index.php?rest_route=%2Fwp%2Fv2%2Fcomments&post=43336"}],"version-history":[{"count":1,"href":"https:\/\/radiorevelacionfm.cl\/index.php?rest_route=\/wp\/v2\/posts\/43336\/revisions"}],"predecessor-version":[{"id":43338,"href":"https:\/\/radiorevelacionfm.cl\/index.php?rest_route=\/wp\/v2\/posts\/43336\/revisions\/43338"}],"wp:featuredmedia":[{"embeddable":true,"href":"https:\/\/radiorevelacionfm.cl\/index.php?rest_route=\/wp\/v2\/media\/43337"}],"wp:attachment":[{"href":"https:\/\/radiorevelacionfm.cl\/index.php?rest_route=%2Fwp%2Fv2%2Fmedia&parent=43336"}],"wp:term":[{"taxonomy":"category","embeddable":true,"href":"https:\/\/radiorevelacionfm.cl\/index.php?rest_route=%2Fwp%2Fv2%2Fcategories&post=43336"},{"taxonomy":"post_tag","embeddable":true,"href":"https:\/\/radiorevelacionfm.cl\/index.php?rest_route=%2Fwp%2Fv2%2Ftags&post=43336"}],"curies":[{"name":"wp","href":"https:\/\/api.w.org\/{rel}","templated":true}]}}