{"id":43333,"date":"2024-06-18T22:55:13","date_gmt":"2024-06-19T01:55:13","guid":{"rendered":"https:\/\/radiorevelacionfm.cl\/?p=43333"},"modified":"2024-06-18T22:55:13","modified_gmt":"2024-06-19T01:55:13","slug":"feria-campesina-y-expo-indigena-una-ocasion-para-aprender-sobre-nuestras-raices-y-apoyar-al-comercio-local","status":"publish","type":"post","link":"https:\/\/radiorevelacionfm.cl\/?p=43333","title":{"rendered":"Feria Campesina y Expo Ind\u00edgena: una ocasi\u00f3n para aprender sobre nuestras ra\u00edces y apoyar al comercio local"},"content":{"rendered":"<div class=\"flex_column av_one_full  flex_column_div av-zero-column-padding first  avia-builder-el-0  el_before_av_one_full  avia-builder-el-first  \" style='border-radius:0px; '><div  class='avia-image-container  av-styling-    avia-builder-el-1  avia-builder-el-no-sibling  avia-align-center '  itemprop=\"image\" itemscope=\"itemscope\" itemtype=\"https:\/\/schema.org\/ImageObject\"  ><div class='avia-image-container-inner'><div class='avia-image-overlay-wrap'><img decoding=\"async\" class='wp-image-43334 avia-img-lazy-loading-not-43334 avia_image' src=\"https:\/\/radiorevelacionfm.cl\/wp-content\/uploads\/2024\/06\/foto-de-feria-pasada-1_optimized-1.jpg\" alt='' title='foto-de-feria-pasada-(1)_optimized (1)' height=\"600\" width=\"1066\"  itemprop=\"thumbnailUrl\" srcset=\"https:\/\/radiorevelacionfm.cl\/wp-content\/uploads\/2024\/06\/foto-de-feria-pasada-1_optimized-1.jpg 1066w, https:\/\/radiorevelacionfm.cl\/wp-content\/uploads\/2024\/06\/foto-de-feria-pasada-1_optimized-1-300x169.jpg 300w, https:\/\/radiorevelacionfm.cl\/wp-content\/uploads\/2024\/06\/foto-de-feria-pasada-1_optimized-1-1030x580.jpg 1030w, https:\/\/radiorevelacionfm.cl\/wp-content\/uploads\/2024\/06\/foto-de-feria-pasada-1_optimized-1-768x432.jpg 768w, https:\/\/radiorevelacionfm.cl\/wp-content\/uploads\/2024\/06\/foto-de-feria-pasada-1_optimized-1-705x397.jpg 705w, https:\/\/radiorevelacionfm.cl\/wp-content\/uploads\/2024\/06\/foto-de-feria-pasada-1_optimized-1-450x253.jpg 450w, https:\/\/radiorevelacionfm.cl\/wp-content\/uploads\/2024\/06\/foto-de-feria-pasada-1_optimized-1-600x338.jpg 600w\" sizes=\"(max-width: 1066px) 100vw, 1066px\" \/><\/div><\/div><\/div><\/div><div class=\"flex_column av_one_full  flex_column_div av-zero-column-padding first  avia-builder-el-2  el_after_av_one_full  el_before_av_one_full  column-top-margin\" style='border-radius:0px; '><section class=\"av_textblock_section \"  itemscope=\"itemscope\" itemtype=\"https:\/\/schema.org\/BlogPosting\" itemprop=\"blogPost\" ><div class='avia_textblock  '   itemprop=\"text\" ><p style=\"text-align: center;\"><span style=\"font-size: 18pt;\"><strong>Feria Campesina y Expo Ind\u00edgena: una ocasi\u00f3n para aprender sobre nuestras ra\u00edces y apoyar al comercio local<\/strong><\/span><\/p>\n<p><em>\u00a0<\/em><\/p>\n<div id=\"gtx-trans\" style=\"position: absolute; left: -50px; top: 4.31534px;\">\n<div class=\"gtx-trans-icon\"><\/div>\n<\/div>\n<\/div><\/section><\/div><div class=\"flex_column av_one_full  flex_column_div av-zero-column-padding first  avia-builder-el-4  el_after_av_one_full  el_before_av_hr  column-top-margin\" style='border-radius:0px; '><section class=\"av_textblock_section \"  itemscope=\"itemscope\" itemtype=\"https:\/\/schema.org\/BlogPosting\" itemprop=\"blogPost\" ><div class='avia_textblock  '   itemprop=\"text\" ><p style=\"text-align: justify;\"><em>El evento ejecutado por la Municipalidad de Ays\u00e9n, a trav\u00e9s de su programa de Fomento Productivo, realizar\u00e1 la cuarta edici\u00f3n de su feria este a\u00f1o en el Gimnasio IND el 20 y 21 de junio.<\/em><\/p>\n<p style=\"text-align: justify;\">La actividad en esta oportunidad tendr\u00e1 la tem\u00e1tica de la cultura ind\u00edgena de Chile, para relevar la importancia hist\u00f3rica y de t\u00e9cnicas ancestrales en una fecha tan significativa como es el D\u00eda de los Pueblos Originarios.<\/p>\n<p style=\"text-align: justify;\">Por esto fue que se eligi\u00f3 el 20 y 21 como fechas en la cual se celebrar\u00e1 esta feria y expo, adem\u00e1s de complementar un fin de semana que para muchos puede ser un \u201clargo\u201d, debido a que, seguramente, muchos trabajadores se tomar\u00e1n como \u201cs\u00e1ndwich\u201d el d\u00eda viernes. El evento comenzar\u00e1 aproximadamente a las 10:00 horas y terminar\u00e1 alrededor de las 20:00 horas.<\/p>\n<p style=\"text-align: justify;\">Pablo Coliboro, coordinador del programa de Desarrollo Econ\u00f3mico Local, explica que la feria y expo \u201cest\u00e1 inspirada en nuestros pueblos originarios, para colocar en valor el patrimonio vivo, la historia de quienes llegaron primero y quienes hicieron parte del desarrollo y, obviamente, hoy d\u00eda son parte del desarrollo tambi\u00e9n y de lo que pasa en la comuna de Ays\u00e9n\u201d.<\/p>\n<p style=\"text-align: justify;\">\u201cTenemos dos d\u00edas con muchas actividades, partiendo por una feria campesina y artesanal, pero tambi\u00e9n vamos a tener <em>mypes<\/em>, vamos a tener productos locales, confeccionados y elaborados. Por lo tanto, ac\u00e1 no hay reventa y eso tambi\u00e9n es importante mencionarlo. Igualmente, vamos a tener comida atingente a la tem\u00e1tica, vamos a tener espacios tambi\u00e9n de talleres\u201d, comenta Coliboro.<\/p>\n<p style=\"text-align: justify;\">La actividad tendr\u00e1 variados cursos, como de lengua huilliche y mapuche, hierbas medicinales, cosm\u00e9tica ancestral, cester\u00eda, telar, entre otros. Adem\u00e1s, hay talleres especiales para los ni\u00f1os, como cocina ancestral o de lengua. En ambos d\u00edas se realizar\u00e1 un bingo con algunos premios.<\/p>\n<p style=\"text-align: justify;\">Alicia Rivera, due\u00f1a de \u201cEl rinconcito m\u00e1s suculento\u201d y constante participante de las ferias municipales, se refiri\u00f3 a lo beneficioso que han sido las experiencias anteriores y la organizaci\u00f3n de las \u201cexpo\u201d. \u201cYo estoy muy agradecida por la posibilidad que nos da el municipio a nosotros de mostrar nuestro trabajo\u201d.<\/p>\n<p style=\"text-align: justify;\">\u201cEstamos contentas con esta actividad y nos sentimos cada vez m\u00e1s unidas. Agradecer a las funcionarias que est\u00e1n a cargo de esta actividad y a la productora; estos encuentros han sido buenos para nosotros, o sea, no solamente en lo monetario, sino que el compartir con m\u00e1s mujeres y con m\u00e1s emprendedores es muy beneficioso para nosotros\u201d, termin\u00f3 la expositora.<\/p>\n<p style=\"text-align: justify;\">Nuevamente hay altas expectativas de la feria y expo, en este encuentro hay invitados especiales que amenizar\u00e1n las jornadas, tanto la banda nacional \u201cColelo Identidad Mapuche\u201d, como el rapero regional \u201cYntro\u201d, ser\u00e1n los que traer\u00e1n el ritmo al Gimnasio IND y demostrar\u00e1n la importancia de los pueblos originarios.<\/p>\n<\/div><\/section><\/div><div  style='height:50px' class='hr hr-invisible   avia-builder-el-6  el_after_av_one_full  el_before_av_social_share '><span class='hr-inner ' ><span class='hr-inner-style'><\/span><\/span><\/div><\/p>\n<div  class='av-social-sharing-box  avia-builder-el-7  el_after_av_hr  el_before_av_hr  '><div class='av-share-box'><h5 class='av-share-link-description av-no-toc '>Compartir esta noticia<\/h5><ul class='av-share-box-list noLightbox'><li class='av-share-link av-social-link-facebook' ><a target=\"_blank\" aria-label=\"Compartir en Facebook\" href='https:\/\/www.facebook.com\/sharer.php?u=https:\/\/radiorevelacionfm.cl\/?p=43333&#038;t=Feria%20Campesina%20y%20Expo%20Ind%C3%ADgena%3A%20una%20ocasi%C3%B3n%20para%20aprender%20sobre%20nuestras%20ra%C3%ADces%20y%20apoyar%20al%20comercio%20local' aria-hidden='false' data-av_icon='\ue8f3' data-av_iconfont='entypo-fontello' title='' data-avia-related-tooltip='Compartir en Facebook' rel=\"noopener\"><span class='avia_hidden_link_text'>Compartir en Facebook<\/span><\/a><\/li><li class='av-share-link av-social-link-twitter' ><a target=\"_blank\" aria-label=\"Compartir en Twitter\" href='https:\/\/twitter.com\/share?text=Feria%20Campesina%20y%20Expo%20Ind%C3%ADgena%3A%20una%20ocasi%C3%B3n%20para%20aprender%20sobre%20nuestras%20ra%C3%ADces%20y%20apoyar%20al%20comercio%20local&#038;url=https:\/\/radiorevelacionfm.cl\/?p=43333' aria-hidden='false' data-av_icon='\ue8f1' data-av_iconfont='entypo-fontello' title='' data-avia-related-tooltip='Compartir en Twitter' rel=\"noopener\"><span class='avia_hidden_link_text'>Compartir en Twitter<\/span><\/a><\/li><li class='av-share-link av-social-link-whatsapp' ><a target=\"_blank\" aria-label=\"Compartir en Whatsapp\" href='https:\/\/api.whatsapp.com\/send?text=https:\/\/radiorevelacionfm.cl\/?p=43333' aria-hidden='false' data-av_icon='\uf232' data-av_iconfont='entypo-fontello' title='' data-avia-related-tooltip='Compartir en Whatsapp' rel=\"noopener\"><span class='avia_hidden_link_text'>Compartir en Whatsapp<\/span><\/a><\/li><li class='av-share-link av-social-link-linkedin' ><a target=\"_blank\" aria-label=\"Compartir en LinkedIn\" href='https:\/\/linkedin.com\/shareArticle?mini=true&#038;title=Feria%20Campesina%20y%20Expo%20Ind%C3%ADgena%3A%20una%20ocasi%C3%B3n%20para%20aprender%20sobre%20nuestras%20ra%C3%ADces%20y%20apoyar%20al%20comercio%20local&#038;url=https:\/\/radiorevelacionfm.cl\/?p=43333' aria-hidden='false' data-av_icon='\ue8fc' data-av_iconfont='entypo-fontello' title='' data-avia-related-tooltip='Compartir en LinkedIn' rel=\"noopener\"><span class='avia_hidden_link_text'>Compartir en LinkedIn<\/span><\/a><\/li><li class='av-share-link av-social-link-mail' ><a  aria-label=\"Compartir por correo\" href='mailto:?subject=Feria%20Campesina%20y%20Expo%20Ind%C3%ADgena%3A%20una%20ocasi%C3%B3n%20para%20aprender%20sobre%20nuestras%20ra%C3%ADces%20y%20apoyar%20al%20comercio%20local&#038;body=https:\/\/radiorevelacionfm.cl\/?p=43333' aria-hidden='false' data-av_icon='\ue805' data-av_iconfont='entypo-fontello' title='' data-avia-related-tooltip='Compartir por correo'><span class='avia_hidden_link_text'>Compartir por correo<\/span><\/a><\/li><\/ul><\/div><\/div>\n<div  style='height:50px' class='hr hr-invisible   avia-builder-el-8  el_after_av_social_share  el_before_av_comments_list '><span class='hr-inner ' ><span class='hr-inner-style'><\/span><\/span><\/div>\n<div  class='av-buildercomment  av-blog-meta-html-info-disabled av-blog-meta-tag-disabled  '><\/div>\n","protected":false},"excerpt":{"rendered":"","protected":false},"author":1,"featured_media":43334,"comment_status":"open","ping_status":"open","sticky":false,"template":"","format":"standard","meta":{"footnotes":""},"categories":[38],"tags":[],"class_list":["post-43333","post","type-post","status-publish","format-standard","has-post-thumbnail","hentry","category-regional"],"jetpack_featured_media_url":"https:\/\/radiorevelacionfm.cl\/wp-content\/uploads\/2024\/06\/foto-de-feria-pasada-1_optimized-1.jpg","_links":{"self":[{"href":"https:\/\/radiorevelacionfm.cl\/index.php?rest_route=\/wp\/v2\/posts\/43333","targetHints":{"allow":["GET"]}}],"collection":[{"href":"https:\/\/radiorevelacionfm.cl\/index.php?rest_route=\/wp\/v2\/posts"}],"about":[{"href":"https:\/\/radiorevelacionfm.cl\/index.php?rest_route=\/wp\/v2\/types\/post"}],"author":[{"embeddable":true,"href":"https:\/\/radiorevelacionfm.cl\/index.php?rest_route=\/wp\/v2\/users\/1"}],"replies":[{"embeddable":true,"href":"https:\/\/radiorevelacionfm.cl\/index.php?rest_route=%2Fwp%2Fv2%2Fcomments&post=43333"}],"version-history":[{"count":1,"href":"https:\/\/radiorevelacionfm.cl\/index.php?rest_route=\/wp\/v2\/posts\/43333\/revisions"}],"predecessor-version":[{"id":43335,"href":"https:\/\/radiorevelacionfm.cl\/index.php?rest_route=\/wp\/v2\/posts\/43333\/revisions\/43335"}],"wp:featuredmedia":[{"embeddable":true,"href":"https:\/\/radiorevelacionfm.cl\/index.php?rest_route=\/wp\/v2\/media\/43334"}],"wp:attachment":[{"href":"https:\/\/radiorevelacionfm.cl\/index.php?rest_route=%2Fwp%2Fv2%2Fmedia&parent=43333"}],"wp:term":[{"taxonomy":"category","embeddable":true,"href":"https:\/\/radiorevelacionfm.cl\/index.php?rest_route=%2Fwp%2Fv2%2Fcategories&post=43333"},{"taxonomy":"post_tag","embeddable":true,"href":"https:\/\/radiorevelacionfm.cl\/index.php?rest_route=%2Fwp%2Fv2%2Ftags&post=43333"}],"curies":[{"name":"wp","href":"https:\/\/api.w.org\/{rel}","templated":true}]}}