{"id":43330,"date":"2024-06-18T22:02:41","date_gmt":"2024-06-19T01:02:41","guid":{"rendered":"https:\/\/radiorevelacionfm.cl\/?p=43330"},"modified":"2024-06-18T22:02:41","modified_gmt":"2024-06-19T01:02:41","slug":"demo-day-en-ecoterraneo-el-talento-emprendedor-de-aysen-da-un-paso-adelante","status":"publish","type":"post","link":"https:\/\/radiorevelacionfm.cl\/?p=43330","title":{"rendered":"Demo Day en Ecoterr\u00e1neo: El talento emprendedor de Ays\u00e9n da un paso adelante"},"content":{"rendered":"<div class=\"flex_column av_one_full  flex_column_div av-zero-column-padding first  avia-builder-el-0  el_before_av_one_full  avia-builder-el-first  \" style='border-radius:0px; '><div  class='avia-image-container  av-styling-    avia-builder-el-1  avia-builder-el-no-sibling  avia-align-center '  itemprop=\"image\" itemscope=\"itemscope\" itemtype=\"https:\/\/schema.org\/ImageObject\"  ><div class='avia-image-container-inner'><div class='avia-image-overlay-wrap'><img decoding=\"async\" class='wp-image-43331 avia-img-lazy-loading-not-43331 avia_image' src=\"https:\/\/radiorevelacionfm.cl\/wp-content\/uploads\/2024\/06\/demo-day-2-1_optimized-1_optimized-1.jpg\" alt='' title='demo-day-2-(1)_optimized-(1)_optimized (1)' height=\"600\" width=\"1331\"  itemprop=\"thumbnailUrl\" srcset=\"https:\/\/radiorevelacionfm.cl\/wp-content\/uploads\/2024\/06\/demo-day-2-1_optimized-1_optimized-1.jpg 1331w, https:\/\/radiorevelacionfm.cl\/wp-content\/uploads\/2024\/06\/demo-day-2-1_optimized-1_optimized-1-300x135.jpg 300w, https:\/\/radiorevelacionfm.cl\/wp-content\/uploads\/2024\/06\/demo-day-2-1_optimized-1_optimized-1-1030x464.jpg 1030w, https:\/\/radiorevelacionfm.cl\/wp-content\/uploads\/2024\/06\/demo-day-2-1_optimized-1_optimized-1-768x346.jpg 768w, https:\/\/radiorevelacionfm.cl\/wp-content\/uploads\/2024\/06\/demo-day-2-1_optimized-1_optimized-1-705x318.jpg 705w, https:\/\/radiorevelacionfm.cl\/wp-content\/uploads\/2024\/06\/demo-day-2-1_optimized-1_optimized-1-450x203.jpg 450w, https:\/\/radiorevelacionfm.cl\/wp-content\/uploads\/2024\/06\/demo-day-2-1_optimized-1_optimized-1-600x270.jpg 600w\" sizes=\"(max-width: 1331px) 100vw, 1331px\" \/><\/div><\/div><\/div><\/div><div class=\"flex_column av_one_full  flex_column_div av-zero-column-padding first  avia-builder-el-2  el_after_av_one_full  el_before_av_one_full  column-top-margin\" style='border-radius:0px; '><section class=\"av_textblock_section \"  itemscope=\"itemscope\" itemtype=\"https:\/\/schema.org\/BlogPosting\" itemprop=\"blogPost\" ><div class='avia_textblock  '   itemprop=\"text\" ><p style=\"text-align: center;\"><strong><span style=\"font-size: 18pt;\">Demo Day en Ecoterr\u00e1neo: El talento emprendedor de Ays\u00e9n da un paso adelante<\/span><\/strong><\/p>\n<div id=\"gtx-trans\" style=\"position: absolute; left: -50px; top: 4.31534px;\">\n<div class=\"gtx-trans-icon\"><\/div>\n<\/div>\n<\/div><\/section><\/div><div class=\"flex_column av_one_full  flex_column_div av-zero-column-padding first  avia-builder-el-4  el_after_av_one_full  el_before_av_hr  column-top-margin\" style='border-radius:0px; '><section class=\"av_textblock_section \"  itemscope=\"itemscope\" itemtype=\"https:\/\/schema.org\/BlogPosting\" itemprop=\"blogPost\" ><div class='avia_textblock  '   itemprop=\"text\" ><p style=\"text-align: justify;\"><em>Emprendedores locales presentan sus proyectos ante un jurado experto en una instancia decisiva para su futuro empresarial.<\/em><\/p>\n<p style=\"text-align: justify;\">Una nueva e importante etapa de Demo Day, enfrentaron emprendedoras y emprendedoras de distintos puntos de la regi\u00f3n, en la Incubadora Regional de Negocios, financiada por Corfo y Geogama.<\/p>\n<p style=\"text-align: justify;\">Este evento se desarroll\u00f3 en los salones de Ecoterr\u00e1neo Patagonia Cowork, quienes por segundo a\u00f1o consecutivo ejecutan esta iniciativa, convocando a un significativo n\u00famero de personas con negocios establecidos y otros con ideas innovadoras.<\/p>\n<p style=\"text-align: justify;\">A pesar del nerviosismo, el \u00e1nimo de sus monitores, profesores y compa\u00f1eros, junto con actividades l\u00fadicas de distensi\u00f3n y participaci\u00f3n, permiti\u00f3 que cada participante llegara tranquilo a exponer ante el jurado.<\/p>\n<p style=\"text-align: justify;\">Marcela Vidal, Gerenta de Ecoterr\u00e1neo, destac\u00f3 el alto nivel de participaci\u00f3n e inter\u00e9s de los emprendedores en seguir avanzando en la incubadora de negocios y explic\u00f3 la esencia del Demo Day que \u201ces una instancia donde los emprendedores que han estado dos meses en clases presentan los avances de sus proyectos, mostrando cu\u00e1n innovadores son ante un jurado que los eval\u00faa para avanzar a las siguientes etapas del programa. Tenemos emprendedores de Puerto Cisnes, Coyhaique, Puerto Ays\u00e9n, Villa Ma\u00f1ihuales, Puerto Chacabuco, entre otras localidades, que se re\u00fanen ac\u00e1 en Ays\u00e9n, en Ecoterr\u00e1neo, para presentar sus proyectos\u00bb, coment\u00f3 Vidal.<\/p>\n<p style=\"text-align: justify;\">Mar\u00eda Jos\u00e9 Becker de Puerto Cisnes, quien conoci\u00f3 el trabajo de Ecoterr\u00e1neo mientras reporteaba para la radio local, comparti\u00f3 su experiencia indicando que \u00abes s\u00faper importante. Yo fui como radio a sacar fotos y comenc\u00e9 a ver que uno puede crear su propio emprendimiento. Aqu\u00ed te ense\u00f1an desde la base, entendiendo las necesidades del cliente para generar una soluci\u00f3n\u00bb.<\/p>\n<p style=\"text-align: justify;\">Por su parte, Antonieta Lendway de Coyhaique valor\u00f3 la oportunidad de mejorar sus habilidades emprendedoras, calificando como \u00abespectacular, porque la posibilidad de aprender c\u00f3mo mejorar tu producto y venderlo mejor no se da siempre. Aqu\u00ed te ense\u00f1an a promocionar y a identificar tu producto estrella\u00bb.<\/p>\n<p style=\"text-align: justify;\">Felipe Moreno de Puerto Ays\u00e9n hizo un balance positivo de su participaci\u00f3n, detallando que \u201cpara nosotros, Ecoterr\u00e1neo ha sido una experiencia muy entretenida. Hemos contado con relatores de buena calidad que nos han aportado conceptos nuevos para desarrollar nuestro producto\u00bb.<\/p>\n<p style=\"text-align: justify;\">Tras las exposiciones ante el jurado, los emprendedores, junto con el equipo de Geogama y Ecoterr\u00e1neo, compartieron un momento de camarader\u00eda, socializando y compartiendo detalles de sus negocios e iniciativas que se materializar\u00e1n en distintos puntos de la regi\u00f3n de Ays\u00e9n.<\/p>\n<p style=\"text-align: justify;\">La jornada del Demo Day demuestra el compromiso de Corfo Ays\u00e9n y Geogama con el desarrollo de emprendimientos locales, apoyando la innovaci\u00f3n y el talento en la Regi\u00f3n.<\/p>\n<\/div><\/section><\/div><div  style='height:50px' class='hr hr-invisible   avia-builder-el-6  el_after_av_one_full  el_before_av_social_share '><span class='hr-inner ' ><span class='hr-inner-style'><\/span><\/span><\/div><\/p>\n<div  class='av-social-sharing-box  avia-builder-el-7  el_after_av_hr  el_before_av_hr  '><div class='av-share-box'><h5 class='av-share-link-description av-no-toc '>Compartir esta noticia<\/h5><ul class='av-share-box-list noLightbox'><li class='av-share-link av-social-link-facebook' ><a target=\"_blank\" aria-label=\"Compartir en Facebook\" href='https:\/\/www.facebook.com\/sharer.php?u=https:\/\/radiorevelacionfm.cl\/?p=43330&#038;t=Demo%20Day%20en%20Ecoterr%C3%A1neo%3A%20El%20talento%20emprendedor%20de%20Ays%C3%A9n%20da%20un%20paso%20adelante' aria-hidden='false' data-av_icon='\ue8f3' data-av_iconfont='entypo-fontello' title='' data-avia-related-tooltip='Compartir en Facebook' rel=\"noopener\"><span class='avia_hidden_link_text'>Compartir en Facebook<\/span><\/a><\/li><li class='av-share-link av-social-link-twitter' ><a target=\"_blank\" aria-label=\"Compartir en Twitter\" href='https:\/\/twitter.com\/share?text=Demo%20Day%20en%20Ecoterr%C3%A1neo%3A%20El%20talento%20emprendedor%20de%20Ays%C3%A9n%20da%20un%20paso%20adelante&#038;url=https:\/\/radiorevelacionfm.cl\/?p=43330' aria-hidden='false' data-av_icon='\ue8f1' data-av_iconfont='entypo-fontello' title='' data-avia-related-tooltip='Compartir en Twitter' rel=\"noopener\"><span class='avia_hidden_link_text'>Compartir en Twitter<\/span><\/a><\/li><li class='av-share-link av-social-link-whatsapp' ><a target=\"_blank\" aria-label=\"Compartir en Whatsapp\" href='https:\/\/api.whatsapp.com\/send?text=https:\/\/radiorevelacionfm.cl\/?p=43330' aria-hidden='false' data-av_icon='\uf232' data-av_iconfont='entypo-fontello' title='' data-avia-related-tooltip='Compartir en Whatsapp' rel=\"noopener\"><span class='avia_hidden_link_text'>Compartir en Whatsapp<\/span><\/a><\/li><li class='av-share-link av-social-link-linkedin' ><a target=\"_blank\" aria-label=\"Compartir en LinkedIn\" href='https:\/\/linkedin.com\/shareArticle?mini=true&#038;title=Demo%20Day%20en%20Ecoterr%C3%A1neo%3A%20El%20talento%20emprendedor%20de%20Ays%C3%A9n%20da%20un%20paso%20adelante&#038;url=https:\/\/radiorevelacionfm.cl\/?p=43330' aria-hidden='false' data-av_icon='\ue8fc' data-av_iconfont='entypo-fontello' title='' data-avia-related-tooltip='Compartir en LinkedIn' rel=\"noopener\"><span class='avia_hidden_link_text'>Compartir en LinkedIn<\/span><\/a><\/li><li class='av-share-link av-social-link-mail' ><a  aria-label=\"Compartir por correo\" href='mailto:?subject=Demo%20Day%20en%20Ecoterr%C3%A1neo%3A%20El%20talento%20emprendedor%20de%20Ays%C3%A9n%20da%20un%20paso%20adelante&#038;body=https:\/\/radiorevelacionfm.cl\/?p=43330' aria-hidden='false' data-av_icon='\ue805' data-av_iconfont='entypo-fontello' title='' data-avia-related-tooltip='Compartir por correo'><span class='avia_hidden_link_text'>Compartir por correo<\/span><\/a><\/li><\/ul><\/div><\/div>\n<div  style='height:50px' class='hr hr-invisible   avia-builder-el-8  el_after_av_social_share  el_before_av_comments_list '><span class='hr-inner ' ><span class='hr-inner-style'><\/span><\/span><\/div>\n<div  class='av-buildercomment  av-blog-meta-html-info-disabled av-blog-meta-tag-disabled  '><\/div>\n","protected":false},"excerpt":{"rendered":"","protected":false},"author":1,"featured_media":43331,"comment_status":"open","ping_status":"open","sticky":false,"template":"","format":"standard","meta":{"footnotes":""},"categories":[38],"tags":[],"class_list":["post-43330","post","type-post","status-publish","format-standard","has-post-thumbnail","hentry","category-regional"],"jetpack_featured_media_url":"https:\/\/radiorevelacionfm.cl\/wp-content\/uploads\/2024\/06\/demo-day-2-1_optimized-1_optimized-1.jpg","_links":{"self":[{"href":"https:\/\/radiorevelacionfm.cl\/index.php?rest_route=\/wp\/v2\/posts\/43330","targetHints":{"allow":["GET"]}}],"collection":[{"href":"https:\/\/radiorevelacionfm.cl\/index.php?rest_route=\/wp\/v2\/posts"}],"about":[{"href":"https:\/\/radiorevelacionfm.cl\/index.php?rest_route=\/wp\/v2\/types\/post"}],"author":[{"embeddable":true,"href":"https:\/\/radiorevelacionfm.cl\/index.php?rest_route=\/wp\/v2\/users\/1"}],"replies":[{"embeddable":true,"href":"https:\/\/radiorevelacionfm.cl\/index.php?rest_route=%2Fwp%2Fv2%2Fcomments&post=43330"}],"version-history":[{"count":1,"href":"https:\/\/radiorevelacionfm.cl\/index.php?rest_route=\/wp\/v2\/posts\/43330\/revisions"}],"predecessor-version":[{"id":43332,"href":"https:\/\/radiorevelacionfm.cl\/index.php?rest_route=\/wp\/v2\/posts\/43330\/revisions\/43332"}],"wp:featuredmedia":[{"embeddable":true,"href":"https:\/\/radiorevelacionfm.cl\/index.php?rest_route=\/wp\/v2\/media\/43331"}],"wp:attachment":[{"href":"https:\/\/radiorevelacionfm.cl\/index.php?rest_route=%2Fwp%2Fv2%2Fmedia&parent=43330"}],"wp:term":[{"taxonomy":"category","embeddable":true,"href":"https:\/\/radiorevelacionfm.cl\/index.php?rest_route=%2Fwp%2Fv2%2Fcategories&post=43330"},{"taxonomy":"post_tag","embeddable":true,"href":"https:\/\/radiorevelacionfm.cl\/index.php?rest_route=%2Fwp%2Fv2%2Ftags&post=43330"}],"curies":[{"name":"wp","href":"https:\/\/api.w.org\/{rel}","templated":true}]}}