{"id":43325,"date":"2024-06-18T19:00:02","date_gmt":"2024-06-18T22:00:02","guid":{"rendered":"https:\/\/radiorevelacionfm.cl\/?p=43325"},"modified":"2024-06-18T19:00:02","modified_gmt":"2024-06-18T22:00:02","slug":"abren-convocatoria-en-aysen-al-fondo-concursable-de-promocion-de-entornos-saludables-2024","status":"publish","type":"post","link":"https:\/\/radiorevelacionfm.cl\/?p=43325","title":{"rendered":"Abren convocatoria en Ays\u00e9n al Fondo Concursable de promoci\u00f3n de entornos saludables 2024"},"content":{"rendered":"<div class=\"flex_column av_one_full  flex_column_div av-zero-column-padding first  avia-builder-el-0  el_before_av_one_full  avia-builder-el-first  \" style='border-radius:0px; '><div  class='avia-image-container  av-styling-    avia-builder-el-1  avia-builder-el-no-sibling  avia-align-center '  itemprop=\"image\" itemscope=\"itemscope\" itemtype=\"https:\/\/schema.org\/ImageObject\"  ><div class='avia-image-container-inner'><div class='avia-image-overlay-wrap'><img decoding=\"async\" class='wp-image-43328 avia-img-lazy-loading-not-43328 avia_image' src=\"https:\/\/radiorevelacionfm.cl\/wp-content\/uploads\/2024\/06\/screenshot_2024-06-17-13-14-17-361_com_optimized_optimized.microsoft.outlooklite-edit-1-1-1-1.jpg\" alt='' title='screenshot_2024-06-17-13-14-17-361_com_optimized_optimized.microsoft.outlooklite-edit-(1)-(1)-(1) (1)' height=\"600\" width=\"811\"  itemprop=\"thumbnailUrl\" srcset=\"https:\/\/radiorevelacionfm.cl\/wp-content\/uploads\/2024\/06\/screenshot_2024-06-17-13-14-17-361_com_optimized_optimized.microsoft.outlooklite-edit-1-1-1-1.jpg 811w, https:\/\/radiorevelacionfm.cl\/wp-content\/uploads\/2024\/06\/screenshot_2024-06-17-13-14-17-361_com_optimized_optimized.microsoft.outlooklite-edit-1-1-1-1-300x222.jpg 300w, https:\/\/radiorevelacionfm.cl\/wp-content\/uploads\/2024\/06\/screenshot_2024-06-17-13-14-17-361_com_optimized_optimized.microsoft.outlooklite-edit-1-1-1-1-768x568.jpg 768w, https:\/\/radiorevelacionfm.cl\/wp-content\/uploads\/2024\/06\/screenshot_2024-06-17-13-14-17-361_com_optimized_optimized.microsoft.outlooklite-edit-1-1-1-1-705x522.jpg 705w, https:\/\/radiorevelacionfm.cl\/wp-content\/uploads\/2024\/06\/screenshot_2024-06-17-13-14-17-361_com_optimized_optimized.microsoft.outlooklite-edit-1-1-1-1-450x333.jpg 450w, https:\/\/radiorevelacionfm.cl\/wp-content\/uploads\/2024\/06\/screenshot_2024-06-17-13-14-17-361_com_optimized_optimized.microsoft.outlooklite-edit-1-1-1-1-600x444.jpg 600w\" sizes=\"(max-width: 811px) 100vw, 811px\" \/><\/div><\/div><\/div><\/div><div class=\"flex_column av_one_full  flex_column_div av-zero-column-padding first  avia-builder-el-2  el_after_av_one_full  el_before_av_one_full  column-top-margin\" style='border-radius:0px; '><section class=\"av_textblock_section \"  itemscope=\"itemscope\" itemtype=\"https:\/\/schema.org\/BlogPosting\" itemprop=\"blogPost\" ><div class='avia_textblock  '   itemprop=\"text\" ><p style=\"text-align: center;\"><strong><span style=\"font-size: 18pt;\">Abren convocatoria en Ays\u00e9n al Fondo Concursable de promoci\u00f3n de entornos saludables 2024<\/span><\/strong><\/p>\n<div id=\"gtx-trans\" style=\"position: absolute; left: -50px; top: 4.31534px;\">\n<div class=\"gtx-trans-icon\"><\/div>\n<\/div>\n<\/div><\/section><\/div><\/p>\n<div class=\"flex_column av_one_full  flex_column_div av-zero-column-padding first  avia-builder-el-4  el_after_av_one_full  el_before_av_hr  column-top-margin\" style='border-radius:0px; '><section class=\"av_textblock_section \"  itemscope=\"itemscope\" itemtype=\"https:\/\/schema.org\/BlogPosting\" itemprop=\"blogPost\" ><div class='avia_textblock  '   itemprop=\"text\" ><p style=\"text-align: justify;\"><em>Con un tope de 15 millones por iniciativa el objetivo de Elige Vivir Sano es financiar la instalaci\u00f3n y mantenci\u00f3n de huertos escolares o comunitarios, clases de cocina saludable en ferias m\u00f3viles y programas, talleres y actividades que promuevan la pr\u00e1ctica de actividad f\u00edsica. Las postulaciones estar\u00e1n abiertas hasta el 3 de julio.<\/em><\/p>\n<p style=\"text-align: justify;\">Con el objetivo de promover los h\u00e1bitos y estilos de vida saludables en la poblaci\u00f3n es que el Ministerio de Desarrollo Social y Familia a trav\u00e9s de Elige Vivir Sano lanz\u00f3 el Fondo Concursable de Promoci\u00f3n de Entornos Saludables 2024.<\/p>\n<p style=\"text-align: justify;\">Hasta el 3 de julio Fundaciones, Corporaciones, Corporaciones Municipales, Educacionales y en esta versi\u00f3n se suman a las Asociaciones y Comunidades Ind\u00edgenas podr\u00e1n presentar sus iniciativas que aporten a generar entornos saludables, seg\u00fan mencion\u00f3 la Seremi de Desarrollo Social y Familia Karina Acevedo Auad \u00bb reforzamos el llamado a postular en nuestra regi\u00f3n, el a\u00f1o pasado tuvimos una muy buena recepci\u00f3n del concurso, pero solo logr\u00f3 adjudicarse el Fondo la Corporaci\u00f3n Municipal de Deportes de Coyhaique. As\u00ed que, esperamos que para esta versi\u00f3n del Fondo Elige Vivir Sano tengamos mejores resultados y, es por eso mismo, que ya se han hecho las capacitaciones donde participaron muy activamente las corporaciones municipales, el Servicio Local de Educaci\u00f3n y una muy buena noticia, es que en esta versi\u00f3n 2024 tambi\u00e9n podr\u00e1n postular las asociaciones y comunidades ind\u00edgenas a trav\u00e9s de la Conadi, por lo que tambi\u00e9n participaron de las charlas de capacitaciones\u00bb.<\/p>\n<p style=\"text-align: justify;\">Uno de los hincapi\u00e9s que se ha hecho desde la Secretar\u00eda Ejecutiva del Elige Vivir Sano, es incentivar y motivar a las comunidades a tomar un rol activo e innovador en su salud con proyectos atingentes a la realidad de los territorios.<\/p>\n<p style=\"text-align: justify;\">El presupuesto total de esta convocatoria al Fondo Concursable de Promoci\u00f3n de Entornos Saludables es de $450 millones a nivel nacional, y los proyectos deben ser presentados a trav\u00e9s de la Oficina de Partes de la Seremi de Desarrollo Social y Familia ubicado en calle General Parra #326 hasta el 3 de julio y podr\u00e1n optar a un financiamiento que va entre los $14 y $15 millones, para iniciativas de alcance regional que iniciar\u00e1n su ejecuci\u00f3n en el segundo semestre del a\u00f1o en curso.<\/p>\n<p style=\"text-align: justify;\">Entre las l\u00edneas de acci\u00f3n destaca en esta versi\u00f3n del Fondo Elige Vivir Sano:<\/p>\n<p style=\"text-align: justify;\">Alimentaci\u00f3n saludable y educaci\u00f3n alimentaria y nutricional:<\/p>\n<p style=\"text-align: justify;\">Instalaci\u00f3n o mantenci\u00f3n de huertos escolares o comunitarios<\/p>\n<p style=\"text-align: justify;\">Realizaci\u00f3n de talleres de cocina saludable en ferias m\u00f3viles<\/p>\n<p style=\"text-align: justify;\">Promoci\u00f3n de la actividad f\u00edsica:<\/p>\n<p style=\"text-align: justify;\">Desarrollo de programas, talleres, actividades deportivas y recreativas u otras iniciativas presenciales que fomenten la actividad f\u00edsica<\/p>\n<\/div><\/section><\/div>\n<div  style='height:50px' class='hr hr-invisible   avia-builder-el-6  el_after_av_one_full  el_before_av_social_share '><span class='hr-inner ' ><span class='hr-inner-style'><\/span><\/span><\/div>\n<div  class='av-social-sharing-box  avia-builder-el-7  el_after_av_hr  el_before_av_hr  '><div class='av-share-box'><h5 class='av-share-link-description av-no-toc '>Compartir esta noticia<\/h5><ul class='av-share-box-list noLightbox'><li class='av-share-link av-social-link-facebook' ><a target=\"_blank\" aria-label=\"Compartir en Facebook\" href='https:\/\/www.facebook.com\/sharer.php?u=https:\/\/radiorevelacionfm.cl\/?p=43325&#038;t=Abren%20convocatoria%20en%20Ays%C3%A9n%20al%20Fondo%20Concursable%20de%20promoci%C3%B3n%20de%20entornos%20saludables%202024' aria-hidden='false' data-av_icon='\ue8f3' data-av_iconfont='entypo-fontello' title='' data-avia-related-tooltip='Compartir en Facebook' rel=\"noopener\"><span class='avia_hidden_link_text'>Compartir en Facebook<\/span><\/a><\/li><li class='av-share-link av-social-link-twitter' ><a target=\"_blank\" aria-label=\"Compartir en Twitter\" href='https:\/\/twitter.com\/share?text=Abren%20convocatoria%20en%20Ays%C3%A9n%20al%20Fondo%20Concursable%20de%20promoci%C3%B3n%20de%20entornos%20saludables%202024&#038;url=https:\/\/radiorevelacionfm.cl\/?p=43325' aria-hidden='false' data-av_icon='\ue8f1' data-av_iconfont='entypo-fontello' title='' data-avia-related-tooltip='Compartir en Twitter' rel=\"noopener\"><span class='avia_hidden_link_text'>Compartir en Twitter<\/span><\/a><\/li><li class='av-share-link av-social-link-whatsapp' ><a target=\"_blank\" aria-label=\"Compartir en Whatsapp\" href='https:\/\/api.whatsapp.com\/send?text=https:\/\/radiorevelacionfm.cl\/?p=43325' aria-hidden='false' data-av_icon='\uf232' data-av_iconfont='entypo-fontello' title='' data-avia-related-tooltip='Compartir en Whatsapp' rel=\"noopener\"><span class='avia_hidden_link_text'>Compartir en Whatsapp<\/span><\/a><\/li><li class='av-share-link av-social-link-linkedin' ><a target=\"_blank\" aria-label=\"Compartir en LinkedIn\" href='https:\/\/linkedin.com\/shareArticle?mini=true&#038;title=Abren%20convocatoria%20en%20Ays%C3%A9n%20al%20Fondo%20Concursable%20de%20promoci%C3%B3n%20de%20entornos%20saludables%202024&#038;url=https:\/\/radiorevelacionfm.cl\/?p=43325' aria-hidden='false' data-av_icon='\ue8fc' data-av_iconfont='entypo-fontello' title='' data-avia-related-tooltip='Compartir en LinkedIn' rel=\"noopener\"><span class='avia_hidden_link_text'>Compartir en LinkedIn<\/span><\/a><\/li><li class='av-share-link av-social-link-mail' ><a  aria-label=\"Compartir por correo\" href='mailto:?subject=Abren%20convocatoria%20en%20Ays%C3%A9n%20al%20Fondo%20Concursable%20de%20promoci%C3%B3n%20de%20entornos%20saludables%202024&#038;body=https:\/\/radiorevelacionfm.cl\/?p=43325' aria-hidden='false' data-av_icon='\ue805' data-av_iconfont='entypo-fontello' title='' data-avia-related-tooltip='Compartir por correo'><span class='avia_hidden_link_text'>Compartir por correo<\/span><\/a><\/li><\/ul><\/div><\/div>\n<div  style='height:50px' class='hr hr-invisible   avia-builder-el-8  el_after_av_social_share  el_before_av_comments_list '><span class='hr-inner ' ><span class='hr-inner-style'><\/span><\/span><\/div>\n<div  class='av-buildercomment  av-blog-meta-html-info-disabled av-blog-meta-tag-disabled  '><\/div>\n","protected":false},"excerpt":{"rendered":"","protected":false},"author":1,"featured_media":43328,"comment_status":"open","ping_status":"open","sticky":false,"template":"","format":"standard","meta":{"footnotes":""},"categories":[38],"tags":[],"class_list":["post-43325","post","type-post","status-publish","format-standard","has-post-thumbnail","hentry","category-regional"],"jetpack_featured_media_url":"https:\/\/radiorevelacionfm.cl\/wp-content\/uploads\/2024\/06\/screenshot_2024-06-17-13-14-17-361_com_optimized_optimized.microsoft.outlooklite-edit-1-1-1-1.jpg","_links":{"self":[{"href":"https:\/\/radiorevelacionfm.cl\/index.php?rest_route=\/wp\/v2\/posts\/43325","targetHints":{"allow":["GET"]}}],"collection":[{"href":"https:\/\/radiorevelacionfm.cl\/index.php?rest_route=\/wp\/v2\/posts"}],"about":[{"href":"https:\/\/radiorevelacionfm.cl\/index.php?rest_route=\/wp\/v2\/types\/post"}],"author":[{"embeddable":true,"href":"https:\/\/radiorevelacionfm.cl\/index.php?rest_route=\/wp\/v2\/users\/1"}],"replies":[{"embeddable":true,"href":"https:\/\/radiorevelacionfm.cl\/index.php?rest_route=%2Fwp%2Fv2%2Fcomments&post=43325"}],"version-history":[{"count":2,"href":"https:\/\/radiorevelacionfm.cl\/index.php?rest_route=\/wp\/v2\/posts\/43325\/revisions"}],"predecessor-version":[{"id":43329,"href":"https:\/\/radiorevelacionfm.cl\/index.php?rest_route=\/wp\/v2\/posts\/43325\/revisions\/43329"}],"wp:featuredmedia":[{"embeddable":true,"href":"https:\/\/radiorevelacionfm.cl\/index.php?rest_route=\/wp\/v2\/media\/43328"}],"wp:attachment":[{"href":"https:\/\/radiorevelacionfm.cl\/index.php?rest_route=%2Fwp%2Fv2%2Fmedia&parent=43325"}],"wp:term":[{"taxonomy":"category","embeddable":true,"href":"https:\/\/radiorevelacionfm.cl\/index.php?rest_route=%2Fwp%2Fv2%2Fcategories&post=43325"},{"taxonomy":"post_tag","embeddable":true,"href":"https:\/\/radiorevelacionfm.cl\/index.php?rest_route=%2Fwp%2Fv2%2Ftags&post=43325"}],"curies":[{"name":"wp","href":"https:\/\/api.w.org\/{rel}","templated":true}]}}