{"id":43322,"date":"2024-06-18T18:03:43","date_gmt":"2024-06-18T21:03:43","guid":{"rendered":"https:\/\/radiorevelacionfm.cl\/?p=43322"},"modified":"2024-06-18T18:03:43","modified_gmt":"2024-06-18T21:03:43","slug":"programa-ruta-de-los-parques-de-la-patagonia-busca-posicionar-a-chile-en-el-turismo-de-conservacion","status":"publish","type":"post","link":"https:\/\/radiorevelacionfm.cl\/?p=43322","title":{"rendered":"Programa Ruta de los Parques de la Patagonia busca posicionar a Chile en el Turismo de Conservaci\u00f3n"},"content":{"rendered":"<div class=\"flex_column av_one_full  flex_column_div av-zero-column-padding first  avia-builder-el-0  el_before_av_one_full  avia-builder-el-first  \" style='border-radius:0px; '><div  class='avia-image-container  av-styling-    avia-builder-el-1  avia-builder-el-no-sibling  avia-align-center '  itemprop=\"image\" itemscope=\"itemscope\" itemtype=\"https:\/\/schema.org\/ImageObject\"  ><div class='avia-image-container-inner'><div class='avia-image-overlay-wrap'><img decoding=\"async\" class='wp-image-43323 avia-img-lazy-loading-not-43323 avia_image' src=\"https:\/\/radiorevelacionfm.cl\/wp-content\/uploads\/2024\/06\/00-6442e699ac1d2-1-1_optimized-1_optimized-1.jpg\" alt='' title='00-6442e699ac1d2-(1)-(1)_optimized-(1)_optimized (1)' height=\"600\" width=\"923\"  itemprop=\"thumbnailUrl\" srcset=\"https:\/\/radiorevelacionfm.cl\/wp-content\/uploads\/2024\/06\/00-6442e699ac1d2-1-1_optimized-1_optimized-1.jpg 923w, https:\/\/radiorevelacionfm.cl\/wp-content\/uploads\/2024\/06\/00-6442e699ac1d2-1-1_optimized-1_optimized-1-300x195.jpg 300w, https:\/\/radiorevelacionfm.cl\/wp-content\/uploads\/2024\/06\/00-6442e699ac1d2-1-1_optimized-1_optimized-1-768x499.jpg 768w, https:\/\/radiorevelacionfm.cl\/wp-content\/uploads\/2024\/06\/00-6442e699ac1d2-1-1_optimized-1_optimized-1-705x458.jpg 705w, https:\/\/radiorevelacionfm.cl\/wp-content\/uploads\/2024\/06\/00-6442e699ac1d2-1-1_optimized-1_optimized-1-450x293.jpg 450w, https:\/\/radiorevelacionfm.cl\/wp-content\/uploads\/2024\/06\/00-6442e699ac1d2-1-1_optimized-1_optimized-1-600x390.jpg 600w\" sizes=\"(max-width: 923px) 100vw, 923px\" \/><\/div><\/div><\/div><\/div><div class=\"flex_column av_one_full  flex_column_div av-zero-column-padding first  avia-builder-el-2  el_after_av_one_full  el_before_av_one_full  column-top-margin\" style='border-radius:0px; '><section class=\"av_textblock_section \"  itemscope=\"itemscope\" itemtype=\"https:\/\/schema.org\/BlogPosting\" itemprop=\"blogPost\" ><div class='avia_textblock  '   itemprop=\"text\" ><p style=\"text-align: center;\"><strong><span style=\"font-size: 18pt;\">Programa Ruta de los Parques de la Patagonia busca posicionar a Chile en el Turismo de Conservaci\u00f3n<\/span><\/strong><\/p>\n<div id=\"gtx-trans\" style=\"position: absolute; left: -50px; top: 4.31534px;\">\n<div class=\"gtx-trans-icon\"><\/div>\n<\/div>\n<\/div><\/section><\/div><div class=\"flex_column av_one_full  flex_column_div av-zero-column-padding first  avia-builder-el-4  el_after_av_one_full  el_before_av_hr  column-top-margin\" style='border-radius:0px; '><section class=\"av_textblock_section \"  itemscope=\"itemscope\" itemtype=\"https:\/\/schema.org\/BlogPosting\" itemprop=\"blogPost\" ><div class='avia_textblock  '   itemprop=\"text\" ><p style=\"font-weight: 400; text-align: justify;\"><em>El programa de Corfo abarca m\u00e1s de 2 mil kil\u00f3metros y 17 parques en las regiones de Los Lagos, Ays\u00e9n y Magallanes, con el objetivo de fomentar el turismo sostenible y el desarrollo econ\u00f3mico local.<\/em><\/p>\n<p style=\"font-weight: 400; text-align: justify;\">Se llev\u00f3 a cabo la tercera sesi\u00f3n del Comit\u00e9 Ejecutivo del Programa Ruta de los Parques de la Patagonia, un proyecto innovador de Corfo destinado a convertir a Chile en el principal destino tur\u00edstico mundial en conservaci\u00f3n.<\/p>\n<p style=\"font-weight: 400; text-align: justify;\">Durante esta sesi\u00f3n, se eligi\u00f3 a Rafaelle Di Biasse, representante del sector privado de la Regi\u00f3n de Los Lagos, como presidente del comit\u00e9. Gonzalo Fuenzalida, de la empresa Chile Nativo en la Regi\u00f3n de Magallanes, fue nombrado primer vicepresidente, y Jasmia Ya\u00f1ez, de la Corporaci\u00f3n Zoit Chelenko en la Regi\u00f3n de Ays\u00e9n, asumi\u00f3 el cargo de segunda vicepresidenta.<\/p>\n<p style=\"font-weight: 400; text-align: justify;\">El presidente del programa destac\u00f3 la posici\u00f3n ventajosa de Chile para liderar a nivel mundial en turismo de conservaci\u00f3n. \u201cNuestro pa\u00eds est\u00e1 en una posici\u00f3n ventajosa para posicionarse a nivel mundial como el primer destino de turismo como consecuencia de la conservaci\u00f3n\u201d.<\/p>\n<p style=\"font-weight: 400; text-align: justify;\"><strong>PATAGONIA<\/strong><\/p>\n<p style=\"font-weight: 400; text-align: justify;\">El programa re\u00fane a 14 representantes de los sectores p\u00fablico, privado, acad\u00e9mico y de la sociedad civil, con el objetivo de desarrollar un destino tur\u00edstico centrado en la naturaleza y la conservaci\u00f3n de ecosistemas terrestres y costeros. Su misi\u00f3n es transformar la Patagonia en un modelo global de gesti\u00f3n colaborativa, responsable y sostenible, involucrando a las comunidades locales y mejorando la competitividad del turismo y la econom\u00eda regional.<\/p>\n<p style=\"font-weight: 400; text-align: justify;\">Humberto Mar\u00edn Leiva, director de Corfo Ays\u00e9n, resalt\u00f3 la importancia del trabajo colaborativo dentro del Programa Ruta de los Parques de la Patagonia. \u00abEl trabajo colaborativo es el coraz\u00f3n de nuestro proyecto. En la Ruta de los Parques de la Patagonia, hemos logrado reunir a diversos actores de la sociedad para crear un destino tur\u00edstico que no solo protege nuestro patrimonio natural, sino que tambi\u00e9n impulsa el desarrollo econ\u00f3mico de nuestras comunidades locales,\u00bb afirm\u00f3 Mar\u00edn, subrayando que esta iniciativa no solo pretende dinamizar y mejorar la competitividad del turismo en la Patagonia, sino tambi\u00e9n fortalecer la econom\u00eda local y preservar el valioso patrimonio natural de Chile.<\/p>\n<p style=\"font-weight: 400; text-align: justify;\">Por su parte, Jasmia Ya\u00f1ez Henr\u00edquez, presidenta de la Corporaci\u00f3n de Turismo Sustentable de la cuenca del Lago General Carrera \u2013 Patagonia Ays\u00e9n (Corporaci\u00f3n Chelenko), ha asumido la importante responsabilidad de representaci\u00f3n territorial para la regi\u00f3n de Ays\u00e9n como segunda vicepresidenta. Detall\u00f3 su compromiso a \u00abmantener la voz de las comunidades, desde el habitar arm\u00f3nicamente, en este espacio y en todos los que me toca participar\u00bb, enfatizando que \u00ablas personas primero\u00bb es un principio esencial para el bienestar del ecosistema, la responsabilidad con las futuras generaciones y el buen vivir en Patagonia. \u201cEn este contexto, el Programa Ruta de los Parques presenta una desafiante hoja de ruta para la mejor gesti\u00f3n posible, con el objetivo de conservar y usar de manera sostenible esta inmensa y rica macrozona\u201d.<\/p>\n<p style=\"font-weight: 400; text-align: justify;\"><strong>RUTA DE LOS PARQUES<\/strong><\/p>\n<p style=\"font-weight: 400; text-align: justify;\">El proyecto abarca las regiones de Los Lagos, Ays\u00e9n y Magallanes, extendi\u00e9ndose a lo largo de m\u00e1s de 2 mil kil\u00f3metros e incluyendo 17 parques, \u00e1reas silvestres privadas de conservaci\u00f3n y diversos ecosistemas costeros, marinos y terrestres. Estos territorios incluyen los \u00faltimos bosques templados lluviosos y bosques subant\u00e1rticos, ofreciendo destinos y experiencias que est\u00e1n en la vanguardia del turismo global.<\/p>\n<p style=\"font-weight: 400; text-align: justify;\">Con la mirada puesta en el 2035, el Programa Ruta de los Parques tiene como meta convertirse en un destino tur\u00edstico de renombre mundial en la conservaci\u00f3n de la naturaleza. Se destaca por su gesti\u00f3n colaborativa y sostenible y su impacto positivo en las comunidades locales.<\/p>\n<p style=\"font-weight: 400; text-align: justify;\">El Programa Ruta de los Parques, impulsado por Corfo, busca desarrollar la Patagonia chilena como un destino tur\u00edstico de naturaleza y conservaci\u00f3n reconocido mundialmente, promoviendo una gesti\u00f3n colaborativa y sostenible que involucra a las comunidades locales y mejora la competitividad del turismo en la regi\u00f3n.<\/p>\n<\/div><\/section><\/div><div  style='height:50px' class='hr hr-invisible   avia-builder-el-6  el_after_av_one_full  el_before_av_social_share '><span class='hr-inner ' ><span class='hr-inner-style'><\/span><\/span><\/div><\/p>\n<div  class='av-social-sharing-box  avia-builder-el-7  el_after_av_hr  el_before_av_hr  '><div class='av-share-box'><h5 class='av-share-link-description av-no-toc '>Compartir esta noticia<\/h5><ul class='av-share-box-list noLightbox'><li class='av-share-link av-social-link-facebook' ><a target=\"_blank\" aria-label=\"Compartir en Facebook\" href='https:\/\/www.facebook.com\/sharer.php?u=https:\/\/radiorevelacionfm.cl\/?p=43322&#038;t=Programa%20Ruta%20de%20los%20Parques%20de%20la%20Patagonia%20busca%20posicionar%20a%20Chile%20en%20el%20Turismo%20de%20Conservaci%C3%B3n' aria-hidden='false' data-av_icon='\ue8f3' data-av_iconfont='entypo-fontello' title='' data-avia-related-tooltip='Compartir en Facebook' rel=\"noopener\"><span class='avia_hidden_link_text'>Compartir en Facebook<\/span><\/a><\/li><li class='av-share-link av-social-link-twitter' ><a target=\"_blank\" aria-label=\"Compartir en Twitter\" href='https:\/\/twitter.com\/share?text=Programa%20Ruta%20de%20los%20Parques%20de%20la%20Patagonia%20busca%20posicionar%20a%20Chile%20en%20el%20Turismo%20de%20Conservaci%C3%B3n&#038;url=https:\/\/radiorevelacionfm.cl\/?p=43322' aria-hidden='false' data-av_icon='\ue8f1' data-av_iconfont='entypo-fontello' title='' data-avia-related-tooltip='Compartir en Twitter' rel=\"noopener\"><span class='avia_hidden_link_text'>Compartir en Twitter<\/span><\/a><\/li><li class='av-share-link av-social-link-whatsapp' ><a target=\"_blank\" aria-label=\"Compartir en Whatsapp\" href='https:\/\/api.whatsapp.com\/send?text=https:\/\/radiorevelacionfm.cl\/?p=43322' aria-hidden='false' data-av_icon='\uf232' data-av_iconfont='entypo-fontello' title='' data-avia-related-tooltip='Compartir en Whatsapp' rel=\"noopener\"><span class='avia_hidden_link_text'>Compartir en Whatsapp<\/span><\/a><\/li><li class='av-share-link av-social-link-linkedin' ><a target=\"_blank\" aria-label=\"Compartir en LinkedIn\" href='https:\/\/linkedin.com\/shareArticle?mini=true&#038;title=Programa%20Ruta%20de%20los%20Parques%20de%20la%20Patagonia%20busca%20posicionar%20a%20Chile%20en%20el%20Turismo%20de%20Conservaci%C3%B3n&#038;url=https:\/\/radiorevelacionfm.cl\/?p=43322' aria-hidden='false' data-av_icon='\ue8fc' data-av_iconfont='entypo-fontello' title='' data-avia-related-tooltip='Compartir en LinkedIn' rel=\"noopener\"><span class='avia_hidden_link_text'>Compartir en LinkedIn<\/span><\/a><\/li><li class='av-share-link av-social-link-mail' ><a  aria-label=\"Compartir por correo\" href='mailto:?subject=Programa%20Ruta%20de%20los%20Parques%20de%20la%20Patagonia%20busca%20posicionar%20a%20Chile%20en%20el%20Turismo%20de%20Conservaci%C3%B3n&#038;body=https:\/\/radiorevelacionfm.cl\/?p=43322' aria-hidden='false' data-av_icon='\ue805' data-av_iconfont='entypo-fontello' title='' data-avia-related-tooltip='Compartir por correo'><span class='avia_hidden_link_text'>Compartir por correo<\/span><\/a><\/li><\/ul><\/div><\/div>\n<div  style='height:50px' class='hr hr-invisible   avia-builder-el-8  el_after_av_social_share  el_before_av_comments_list '><span class='hr-inner ' ><span class='hr-inner-style'><\/span><\/span><\/div>\n<div  class='av-buildercomment  av-blog-meta-html-info-disabled av-blog-meta-tag-disabled  '><\/div>\n","protected":false},"excerpt":{"rendered":"","protected":false},"author":1,"featured_media":43323,"comment_status":"open","ping_status":"open","sticky":false,"template":"","format":"standard","meta":{"footnotes":""},"categories":[54],"tags":[],"class_list":["post-43322","post","type-post","status-publish","format-standard","has-post-thumbnail","hentry","category-turismo"],"jetpack_featured_media_url":"https:\/\/radiorevelacionfm.cl\/wp-content\/uploads\/2024\/06\/00-6442e699ac1d2-1-1_optimized-1_optimized-1.jpg","_links":{"self":[{"href":"https:\/\/radiorevelacionfm.cl\/index.php?rest_route=\/wp\/v2\/posts\/43322","targetHints":{"allow":["GET"]}}],"collection":[{"href":"https:\/\/radiorevelacionfm.cl\/index.php?rest_route=\/wp\/v2\/posts"}],"about":[{"href":"https:\/\/radiorevelacionfm.cl\/index.php?rest_route=\/wp\/v2\/types\/post"}],"author":[{"embeddable":true,"href":"https:\/\/radiorevelacionfm.cl\/index.php?rest_route=\/wp\/v2\/users\/1"}],"replies":[{"embeddable":true,"href":"https:\/\/radiorevelacionfm.cl\/index.php?rest_route=%2Fwp%2Fv2%2Fcomments&post=43322"}],"version-history":[{"count":1,"href":"https:\/\/radiorevelacionfm.cl\/index.php?rest_route=\/wp\/v2\/posts\/43322\/revisions"}],"predecessor-version":[{"id":43324,"href":"https:\/\/radiorevelacionfm.cl\/index.php?rest_route=\/wp\/v2\/posts\/43322\/revisions\/43324"}],"wp:featuredmedia":[{"embeddable":true,"href":"https:\/\/radiorevelacionfm.cl\/index.php?rest_route=\/wp\/v2\/media\/43323"}],"wp:attachment":[{"href":"https:\/\/radiorevelacionfm.cl\/index.php?rest_route=%2Fwp%2Fv2%2Fmedia&parent=43322"}],"wp:term":[{"taxonomy":"category","embeddable":true,"href":"https:\/\/radiorevelacionfm.cl\/index.php?rest_route=%2Fwp%2Fv2%2Fcategories&post=43322"},{"taxonomy":"post_tag","embeddable":true,"href":"https:\/\/radiorevelacionfm.cl\/index.php?rest_route=%2Fwp%2Fv2%2Ftags&post=43322"}],"curies":[{"name":"wp","href":"https:\/\/api.w.org\/{rel}","templated":true}]}}