{"id":43318,"date":"2024-06-18T17:00:12","date_gmt":"2024-06-18T20:00:12","guid":{"rendered":"https:\/\/radiorevelacionfm.cl\/?p=43318"},"modified":"2024-06-29T01:49:40","modified_gmt":"2024-06-29T04:49:40","slug":"minciencia-crea-catastro-nacional-de-sociedades-y-asociaciones-de-ctci","status":"publish","type":"post","link":"https:\/\/radiorevelacionfm.cl\/?p=43318","title":{"rendered":"MinCiencia crea Catastro Nacional de Sociedades y Asociaciones de CTCI"},"content":{"rendered":"<div class=\"flex_column av_one_full  flex_column_div av-zero-column-padding first  avia-builder-el-0  el_before_av_one_full  avia-builder-el-first  \" style='border-radius:0px; '><div  class='avia-image-container  av-styling-    avia-builder-el-1  avia-builder-el-no-sibling  avia-align-center '  itemprop=\"image\" itemscope=\"itemscope\" itemtype=\"https:\/\/schema.org\/ImageObject\"  ><div class='avia-image-container-inner'><div class='avia-image-overlay-wrap'><img decoding=\"async\" class='wp-image-43319 avia-img-lazy-loading-not-43319 avia_image' src=\"https:\/\/radiorevelacionfm.cl\/wp-content\/uploads\/2024\/06\/catastro-1_optimized.jpeg\" alt='' title='catastro-(1)_optimized' height=\"600\" width=\"900\"  itemprop=\"thumbnailUrl\" srcset=\"https:\/\/radiorevelacionfm.cl\/wp-content\/uploads\/2024\/06\/catastro-1_optimized.jpeg 900w, https:\/\/radiorevelacionfm.cl\/wp-content\/uploads\/2024\/06\/catastro-1_optimized-300x200.jpeg 300w, https:\/\/radiorevelacionfm.cl\/wp-content\/uploads\/2024\/06\/catastro-1_optimized-768x512.jpeg 768w, https:\/\/radiorevelacionfm.cl\/wp-content\/uploads\/2024\/06\/catastro-1_optimized-705x470.jpeg 705w, https:\/\/radiorevelacionfm.cl\/wp-content\/uploads\/2024\/06\/catastro-1_optimized-450x300.jpeg 450w, https:\/\/radiorevelacionfm.cl\/wp-content\/uploads\/2024\/06\/catastro-1_optimized-600x400.jpeg 600w\" sizes=\"(max-width: 900px) 100vw, 900px\" \/><\/div><\/div><\/div><\/div><div class=\"flex_column av_one_full  flex_column_div av-zero-column-padding first  avia-builder-el-2  el_after_av_one_full  el_before_av_one_full  column-top-margin\" style='border-radius:0px; '><section class=\"av_textblock_section \"  itemscope=\"itemscope\" itemtype=\"https:\/\/schema.org\/BlogPosting\" itemprop=\"blogPost\" ><div class='avia_textblock  '   itemprop=\"text\" ><p style=\"text-align: center;\"><span style=\"font-size: 18pt;\"><b>MinCiencia crea Catastro Nacional de Sociedades y Asociaciones de CTCI<\/b><\/span><\/p>\n<div id=\"gtx-trans\" style=\"position: absolute; left: -50px; top: 4.31534px;\">\n<div class=\"gtx-trans-icon\"><\/div>\n<\/div>\n<\/div><\/section><\/div><div class=\"flex_column av_one_full  flex_column_div av-zero-column-padding first  avia-builder-el-4  el_after_av_one_full  el_before_av_hr  column-top-margin\" style='border-radius:0px; '><section class=\"av_textblock_section \"  itemscope=\"itemscope\" itemtype=\"https:\/\/schema.org\/BlogPosting\" itemprop=\"blogPost\" ><div class='avia_textblock  '   itemprop=\"text\" ><p style=\"text-align: justify;\"><em>\u00c9ste busca fortalecer la comunicaci\u00f3n y colaboraci\u00f3n entre el ministerio y organizaciones cient\u00edficas para promover una mayor participaci\u00f3n de \u00e9stas en el desarrollo de pol\u00edticas p\u00fablicas.<\/em><\/p>\n<p style=\"text-align: justify;\">Hasta el 10 de julio las sociedades y asociaciones de Ciencia, Tecnolog\u00eda, Conocimiento e Innovaci\u00f3n (CTCI) que cuenten con personalidad jur\u00eddica en el pa\u00eds podr\u00e1n inscribirse en el catastro del Ministerio de Ciencia, cuyo fin es tener un panorama actualizado de estas entidades, que permita facilitar el intercambio de informaci\u00f3n relevante y el trabajo conjunto en temas de inter\u00e9s nacional.<\/p>\n<p style=\"text-align: justify;\">\u00abQueremos fortalecer los canales de comunicaci\u00f3n con las diversas entidades del mundo cient\u00edfico y del conocimiento, as\u00ed como reconocer el trabajo espec\u00edfico que est\u00e1n desarrollando; por eso estamos creando este catastro, que esperamos nos permita tener un contacto m\u00e1s fluido con ellas y ampliar la implementaci\u00f3n de pol\u00edticas p\u00fablicas basadas en evidencia, por lo que invito a las organizaciones de la macrozona austral a que se inscriban\u00bb, indic\u00f3 la seremi de Ciencia, Ver\u00f3nica Vallejos.<\/p>\n<p style=\"text-align: justify;\">Las sociedades y asociaciones en CTCI son organizaciones sin fines de lucro que agrupan a profesionales, investigadores, estudiantes y expertos dedicados al estudio, promoci\u00f3n y avance de diversas disciplinas cient\u00edficas y tecnol\u00f3gicas. Estas buscan fomentar la investigaci\u00f3n, difundir nuevos conocimientos, promover el intercambio de ideas, aportar a la discusi\u00f3n p\u00fablica en su \u00e1mbito de especialidad, establecer est\u00e1ndares \u00e9ticos y de calidad, y brindar oportunidades de colaboraci\u00f3n y desarrollo profesional a sus miembros.<\/p>\n<p style=\"text-align: justify;\">El formulario est\u00e1 disponible en la p\u00e1gina del MinCiencia (<a href=\"https:\/\/www.minciencia.gob.cl\/\">https:\/\/www.minciencia.gob.cl\/<\/a>) y recopila datos de identificaci\u00f3n e informaci\u00f3n de cada sociedad o asociaci\u00f3n, los que permitir\u00e1n visualizar el \u00e1mbito de acci\u00f3n y quehacer de cada una de ellas.<\/p>\n<p style=\"text-align: justify;\">La informaci\u00f3n proporcionada por las Sociedades y Asociaciones en CTCI ser\u00e1 utilizada exclusivamente para integrar el presente catastro, facilitar la comunicaci\u00f3n con el ministerio e intercambiar informaci\u00f3n relevante, y no ser\u00e1 compartida con terceros, salvo autorizaci\u00f3n expresa de la respectiva instituci\u00f3n.<\/p>\n<\/div><\/section><\/div><div  style='height:50px' class='hr hr-invisible   avia-builder-el-6  el_after_av_one_full  el_before_av_social_share '><span class='hr-inner ' ><span class='hr-inner-style'><\/span><\/span><\/div><\/p>\n<div  class='av-social-sharing-box  avia-builder-el-7  el_after_av_hr  el_before_av_hr  '><div class='av-share-box'><h5 class='av-share-link-description av-no-toc '>Compartir esta noticia<\/h5><ul class='av-share-box-list noLightbox'><li class='av-share-link av-social-link-facebook' ><a target=\"_blank\" aria-label=\"Compartir en Facebook\" href='https:\/\/www.facebook.com\/sharer.php?u=https:\/\/radiorevelacionfm.cl\/?p=43318&#038;t=MinCiencia%20crea%20Catastro%20Nacional%20de%20Sociedades%20y%20Asociaciones%20de%20CTCI' aria-hidden='false' data-av_icon='\ue8f3' data-av_iconfont='entypo-fontello' title='' data-avia-related-tooltip='Compartir en Facebook' rel=\"noopener\"><span class='avia_hidden_link_text'>Compartir en Facebook<\/span><\/a><\/li><li class='av-share-link av-social-link-twitter' ><a target=\"_blank\" aria-label=\"Compartir en Twitter\" href='https:\/\/twitter.com\/share?text=MinCiencia%20crea%20Catastro%20Nacional%20de%20Sociedades%20y%20Asociaciones%20de%20CTCI&#038;url=https:\/\/radiorevelacionfm.cl\/?p=43318' aria-hidden='false' data-av_icon='\ue8f1' data-av_iconfont='entypo-fontello' title='' data-avia-related-tooltip='Compartir en Twitter' rel=\"noopener\"><span class='avia_hidden_link_text'>Compartir en Twitter<\/span><\/a><\/li><li class='av-share-link av-social-link-whatsapp' ><a target=\"_blank\" aria-label=\"Compartir en Whatsapp\" href='https:\/\/api.whatsapp.com\/send?text=https:\/\/radiorevelacionfm.cl\/?p=43318' aria-hidden='false' data-av_icon='\uf232' data-av_iconfont='entypo-fontello' title='' data-avia-related-tooltip='Compartir en Whatsapp' rel=\"noopener\"><span class='avia_hidden_link_text'>Compartir en Whatsapp<\/span><\/a><\/li><li class='av-share-link av-social-link-linkedin' ><a target=\"_blank\" aria-label=\"Compartir en LinkedIn\" href='https:\/\/linkedin.com\/shareArticle?mini=true&#038;title=MinCiencia%20crea%20Catastro%20Nacional%20de%20Sociedades%20y%20Asociaciones%20de%20CTCI&#038;url=https:\/\/radiorevelacionfm.cl\/?p=43318' aria-hidden='false' data-av_icon='\ue8fc' data-av_iconfont='entypo-fontello' title='' data-avia-related-tooltip='Compartir en LinkedIn' rel=\"noopener\"><span class='avia_hidden_link_text'>Compartir en LinkedIn<\/span><\/a><\/li><li class='av-share-link av-social-link-mail' ><a  aria-label=\"Compartir por correo\" href='mailto:?subject=MinCiencia%20crea%20Catastro%20Nacional%20de%20Sociedades%20y%20Asociaciones%20de%20CTCI&#038;body=https:\/\/radiorevelacionfm.cl\/?p=43318' aria-hidden='false' data-av_icon='\ue805' data-av_iconfont='entypo-fontello' title='' data-avia-related-tooltip='Compartir por correo'><span class='avia_hidden_link_text'>Compartir por correo<\/span><\/a><\/li><\/ul><\/div><\/div>\n<div  style='height:50px' class='hr hr-invisible   avia-builder-el-8  el_after_av_social_share  el_before_av_comments_list '><span class='hr-inner ' ><span class='hr-inner-style'><\/span><\/span><\/div>\n<div  class='av-buildercomment  av-blog-meta-html-info-disabled av-blog-meta-tag-disabled  '><\/div>\n","protected":false},"excerpt":{"rendered":"","protected":false},"author":1,"featured_media":43319,"comment_status":"open","ping_status":"open","sticky":false,"template":"","format":"standard","meta":{"footnotes":""},"categories":[53],"tags":[],"class_list":["post-43318","post","type-post","status-publish","format-standard","has-post-thumbnail","hentry","category-ciencia"],"jetpack_featured_media_url":"https:\/\/radiorevelacionfm.cl\/wp-content\/uploads\/2024\/06\/catastro-1_optimized.jpeg","_links":{"self":[{"href":"https:\/\/radiorevelacionfm.cl\/index.php?rest_route=\/wp\/v2\/posts\/43318","targetHints":{"allow":["GET"]}}],"collection":[{"href":"https:\/\/radiorevelacionfm.cl\/index.php?rest_route=\/wp\/v2\/posts"}],"about":[{"href":"https:\/\/radiorevelacionfm.cl\/index.php?rest_route=\/wp\/v2\/types\/post"}],"author":[{"embeddable":true,"href":"https:\/\/radiorevelacionfm.cl\/index.php?rest_route=\/wp\/v2\/users\/1"}],"replies":[{"embeddable":true,"href":"https:\/\/radiorevelacionfm.cl\/index.php?rest_route=%2Fwp%2Fv2%2Fcomments&post=43318"}],"version-history":[{"count":1,"href":"https:\/\/radiorevelacionfm.cl\/index.php?rest_route=\/wp\/v2\/posts\/43318\/revisions"}],"predecessor-version":[{"id":43320,"href":"https:\/\/radiorevelacionfm.cl\/index.php?rest_route=\/wp\/v2\/posts\/43318\/revisions\/43320"}],"wp:featuredmedia":[{"embeddable":true,"href":"https:\/\/radiorevelacionfm.cl\/index.php?rest_route=\/wp\/v2\/media\/43319"}],"wp:attachment":[{"href":"https:\/\/radiorevelacionfm.cl\/index.php?rest_route=%2Fwp%2Fv2%2Fmedia&parent=43318"}],"wp:term":[{"taxonomy":"category","embeddable":true,"href":"https:\/\/radiorevelacionfm.cl\/index.php?rest_route=%2Fwp%2Fv2%2Fcategories&post=43318"},{"taxonomy":"post_tag","embeddable":true,"href":"https:\/\/radiorevelacionfm.cl\/index.php?rest_route=%2Fwp%2Fv2%2Ftags&post=43318"}],"curies":[{"name":"wp","href":"https:\/\/api.w.org\/{rel}","templated":true}]}}