{"id":43313,"date":"2024-06-18T17:10:15","date_gmt":"2024-06-18T20:10:15","guid":{"rendered":"https:\/\/radiorevelacionfm.cl\/?p=43313"},"modified":"2024-06-18T17:10:15","modified_gmt":"2024-06-18T20:10:15","slug":"ninas-y-ninos-de-fundacion-integra-disfrutan-y-aprenden-con-la-nieve","status":"publish","type":"post","link":"https:\/\/radiorevelacionfm.cl\/?p=43313","title":{"rendered":"Ni\u00f1as y ni\u00f1os de Fundaci\u00f3n Integra disfrutan y aprenden con la nieve"},"content":{"rendered":"<div class=\"flex_column av_one_full  flex_column_div av-zero-column-padding first  avia-builder-el-0  el_before_av_one_full  avia-builder-el-first  \" style='border-radius:0px; '><div  class='avia-image-container  av-styling-    avia-builder-el-1  avia-builder-el-no-sibling  avia-align-center '  itemprop=\"image\" itemscope=\"itemscope\" itemtype=\"https:\/\/schema.org\/ImageObject\"  ><div class='avia-image-container-inner'><div class='avia-image-overlay-wrap'><img decoding=\"async\" class='wp-image-43314 avia-img-lazy-loading-not-43314 avia_image' src=\"https:\/\/radiorevelacionfm.cl\/wp-content\/uploads\/2024\/06\/8-35-1-1.jpg\" alt='' title='8 (35) (1) (1)' height=\"600\" width=\"800\"  itemprop=\"thumbnailUrl\" srcset=\"https:\/\/radiorevelacionfm.cl\/wp-content\/uploads\/2024\/06\/8-35-1-1.jpg 800w, https:\/\/radiorevelacionfm.cl\/wp-content\/uploads\/2024\/06\/8-35-1-1-300x225.jpg 300w, https:\/\/radiorevelacionfm.cl\/wp-content\/uploads\/2024\/06\/8-35-1-1-768x576.jpg 768w, https:\/\/radiorevelacionfm.cl\/wp-content\/uploads\/2024\/06\/8-35-1-1-705x529.jpg 705w, https:\/\/radiorevelacionfm.cl\/wp-content\/uploads\/2024\/06\/8-35-1-1-450x338.jpg 450w, https:\/\/radiorevelacionfm.cl\/wp-content\/uploads\/2024\/06\/8-35-1-1-600x450.jpg 600w\" sizes=\"(max-width: 800px) 100vw, 800px\" \/><\/div><\/div><\/div><\/div><div class=\"flex_column av_one_full  flex_column_div av-zero-column-padding first  avia-builder-el-2  el_after_av_one_full  el_before_av_one_full  column-top-margin\" style='border-radius:0px; '><section class=\"av_textblock_section \"  itemscope=\"itemscope\" itemtype=\"https:\/\/schema.org\/BlogPosting\" itemprop=\"blogPost\" ><div class='avia_textblock  '   itemprop=\"text\" ><p style=\"text-align: center;\"><strong><span style=\"font-size: 18pt;\">Ni\u00f1as y ni\u00f1os de Fundaci\u00f3n Integra disfrutan y aprenden con la nieve<\/span><\/strong><\/p>\n<div id=\"gtx-trans\" style=\"position: absolute; left: -50px; top: 4.31534px;\">\n<div class=\"gtx-trans-icon\"><\/div>\n<\/div>\n<\/div><\/section><\/div><div class=\"flex_column av_one_full  flex_column_div av-zero-column-padding first  avia-builder-el-4  el_after_av_one_full  el_before_av_hr  column-top-margin\" style='border-radius:0px; '><section class=\"av_textblock_section \"  itemscope=\"itemscope\" itemtype=\"https:\/\/schema.org\/BlogPosting\" itemprop=\"blogPost\" ><div class='avia_textblock  '   itemprop=\"text\" ><p class=\"v1MsoNormal\" style=\"text-align: justify;\"><span lang=\"ES\">Faltan pocos d\u00edas para el solsticio de invierno y ya la regi\u00f3n de Ays\u00e9n se ha cubierto con un manto blanco en donde ni\u00f1os y ni\u00f1as de los jardines infantiles y salas cuna de Fundaci\u00f3n Integra han encontrado en la nieve una fuente de alegr\u00eda y aprendizaje. Lejos de ser una limitaci\u00f3n, la nieve ha sido transformada por los equipos educativos en una valiosa oportunidad educativa, integrando el juego y la exploraci\u00f3n en el desarrollo integral de los p\u00e1rvulos.<\/span><\/p>\n<p class=\"v1MsoNormal\" style=\"text-align: justify;\"><span lang=\"ES\">La directora regional de Fundaci\u00f3n Integra, Leticia Araya Norambuena destaca que \u00abla nieve es un recurso maravilloso para estimular la curiosidad y la creatividad de los ni\u00f1os. Aprovechamos este fen\u00f3meno natural para ense\u00f1ar conceptos de ciencia, trabajar en habilidades motoras y fomentar la cooperaci\u00f3n y el juego en equipo\u00bb.<\/span><\/p>\n<p class=\"v1MsoNormal\" style=\"text-align: justify;\"><span lang=\"ES\">Los equipos educativos han realizado una serie de actividades que permiten a los ni\u00f1os aprender mientras se divierten al aire libre. Algunas de las actividades que han desarrollado est\u00e1n la construcci\u00f3n de mu\u00f1ecos de nieve, exploraci\u00f3n sensorial, exploraci\u00f3n y ciencia, entre otros.<\/span><\/p>\n<p class=\"v1MsoNormal\" style=\"text-align: justify;\"><span lang=\"ES\">Todas estas actividades no solo son divertidas, sino que tambi\u00e9n ayudan a los ni\u00f1os a desarrollar habilidades motoras finas y gruesas, adem\u00e1s de fomentar la creatividad y el trabajo en equipo. A la vez les permite a los p\u00e1rvulos poder tocar, sentir y jugar con la nieve permitiendo a los ni\u00f1os y ni\u00f1as experimentar diferentes texturas y temperaturas, estimulando su desarrollo sensorial.<\/span><\/p>\n<p class=\"v1MsoNormal\" style=\"text-align: justify;\"><strong><span lang=\"ES\">Adaptaci\u00f3n y Seguridad<\/span><\/strong><\/p>\n<p class=\"v1MsoNormal\" style=\"text-align: justify;\"><span lang=\"ES\">A pesar de las condiciones clim\u00e1ticas, los equipos educativos de Fundaci\u00f3n Integra han tomado todas las precauciones necesarias para garantizar la seguridad y el bienestar de los ni\u00f1os. \u00abNos aseguramos de que todos los ni\u00f1os est\u00e9n bien abrigados y supervisados durante las actividades al aire libre. La seguridad es nuestra prioridad, pero tambi\u00e9n queremos que los ni\u00f1os disfruten y aprendan en este entorno \u00fanico\u00bb, reafirma la directora regional de Fundaci\u00f3n Integra.<\/span><\/p>\n<p class=\"v1MsoNormal\" style=\"text-align: justify;\"><span lang=\"ES\">Desde Fundaci\u00f3n Integra recalcan que los equipos educativos de cada establecimiento buscan que cada experiencia que se desarrolla sea aprovechada para el desarrollo integral de los ni\u00f1os. La adaptaci\u00f3n a las condiciones clim\u00e1ticas y la integraci\u00f3n del juego como m\u00e9todo de aprendizaje reflejan la dedicaci\u00f3n y creatividad de los equipos educativos en la regi\u00f3n de Ays\u00e9n.<\/span><\/p>\n<p class=\"v1MsoNormal\" style=\"text-align: justify;\">Fundaci\u00f3n Integra, con 33 a\u00f1os de experiencia y m\u00e1s de 1.200 salas cuna y jardines infantiles gratuitos en todo el pa\u00eds, trabaja para que ni\u00f1as y ni\u00f1os alcancen su desarrollo pleno, bienestar integral y aprendizajes significativos, a trav\u00e9s de su protagonismo en espacios educativos amorosos, inclusivos, diversos y de calidad.<\/p>\n<\/div><\/section><\/div><div  style='height:50px' class='hr hr-invisible   avia-builder-el-6  el_after_av_one_full  el_before_av_social_share '><span class='hr-inner ' ><span class='hr-inner-style'><\/span><\/span><\/div><\/p>\n<div  class='av-social-sharing-box  avia-builder-el-7  el_after_av_hr  el_before_av_hr  '><div class='av-share-box'><h5 class='av-share-link-description av-no-toc '>Compartir esta noticia<\/h5><ul class='av-share-box-list noLightbox'><li class='av-share-link av-social-link-facebook' ><a target=\"_blank\" aria-label=\"Compartir en Facebook\" href='https:\/\/www.facebook.com\/sharer.php?u=https:\/\/radiorevelacionfm.cl\/?p=43313&#038;t=Ni%C3%B1as%20y%20ni%C3%B1os%20de%20Fundaci%C3%B3n%20Integra%20disfrutan%20y%20aprenden%20con%20la%20nieve' aria-hidden='false' data-av_icon='\ue8f3' data-av_iconfont='entypo-fontello' title='' data-avia-related-tooltip='Compartir en Facebook' rel=\"noopener\"><span class='avia_hidden_link_text'>Compartir en Facebook<\/span><\/a><\/li><li class='av-share-link av-social-link-twitter' ><a target=\"_blank\" aria-label=\"Compartir en Twitter\" href='https:\/\/twitter.com\/share?text=Ni%C3%B1as%20y%20ni%C3%B1os%20de%20Fundaci%C3%B3n%20Integra%20disfrutan%20y%20aprenden%20con%20la%20nieve&#038;url=https:\/\/radiorevelacionfm.cl\/?p=43313' aria-hidden='false' data-av_icon='\ue8f1' data-av_iconfont='entypo-fontello' title='' data-avia-related-tooltip='Compartir en Twitter' rel=\"noopener\"><span class='avia_hidden_link_text'>Compartir en Twitter<\/span><\/a><\/li><li class='av-share-link av-social-link-whatsapp' ><a target=\"_blank\" aria-label=\"Compartir en Whatsapp\" href='https:\/\/api.whatsapp.com\/send?text=https:\/\/radiorevelacionfm.cl\/?p=43313' aria-hidden='false' data-av_icon='\uf232' data-av_iconfont='entypo-fontello' title='' data-avia-related-tooltip='Compartir en Whatsapp' rel=\"noopener\"><span class='avia_hidden_link_text'>Compartir en Whatsapp<\/span><\/a><\/li><li class='av-share-link av-social-link-linkedin' ><a target=\"_blank\" aria-label=\"Compartir en LinkedIn\" href='https:\/\/linkedin.com\/shareArticle?mini=true&#038;title=Ni%C3%B1as%20y%20ni%C3%B1os%20de%20Fundaci%C3%B3n%20Integra%20disfrutan%20y%20aprenden%20con%20la%20nieve&#038;url=https:\/\/radiorevelacionfm.cl\/?p=43313' aria-hidden='false' data-av_icon='\ue8fc' data-av_iconfont='entypo-fontello' title='' data-avia-related-tooltip='Compartir en LinkedIn' rel=\"noopener\"><span class='avia_hidden_link_text'>Compartir en LinkedIn<\/span><\/a><\/li><li class='av-share-link av-social-link-mail' ><a  aria-label=\"Compartir por correo\" href='mailto:?subject=Ni%C3%B1as%20y%20ni%C3%B1os%20de%20Fundaci%C3%B3n%20Integra%20disfrutan%20y%20aprenden%20con%20la%20nieve&#038;body=https:\/\/radiorevelacionfm.cl\/?p=43313' aria-hidden='false' data-av_icon='\ue805' data-av_iconfont='entypo-fontello' title='' data-avia-related-tooltip='Compartir por correo'><span class='avia_hidden_link_text'>Compartir por correo<\/span><\/a><\/li><\/ul><\/div><\/div>\n<div  style='height:50px' class='hr hr-invisible   avia-builder-el-8  el_after_av_social_share  el_before_av_comments_list '><span class='hr-inner ' ><span class='hr-inner-style'><\/span><\/span><\/div>\n<div  class='av-buildercomment  av-blog-meta-html-info-disabled av-blog-meta-tag-disabled  '><\/div>\n","protected":false},"excerpt":{"rendered":"","protected":false},"author":1,"featured_media":43314,"comment_status":"open","ping_status":"open","sticky":false,"template":"","format":"standard","meta":{"footnotes":""},"categories":[49],"tags":[],"class_list":["post-43313","post","type-post","status-publish","format-standard","has-post-thumbnail","hentry","category-educacion"],"jetpack_featured_media_url":"https:\/\/radiorevelacionfm.cl\/wp-content\/uploads\/2024\/06\/8-35-1-1.jpg","_links":{"self":[{"href":"https:\/\/radiorevelacionfm.cl\/index.php?rest_route=\/wp\/v2\/posts\/43313","targetHints":{"allow":["GET"]}}],"collection":[{"href":"https:\/\/radiorevelacionfm.cl\/index.php?rest_route=\/wp\/v2\/posts"}],"about":[{"href":"https:\/\/radiorevelacionfm.cl\/index.php?rest_route=\/wp\/v2\/types\/post"}],"author":[{"embeddable":true,"href":"https:\/\/radiorevelacionfm.cl\/index.php?rest_route=\/wp\/v2\/users\/1"}],"replies":[{"embeddable":true,"href":"https:\/\/radiorevelacionfm.cl\/index.php?rest_route=%2Fwp%2Fv2%2Fcomments&post=43313"}],"version-history":[{"count":1,"href":"https:\/\/radiorevelacionfm.cl\/index.php?rest_route=\/wp\/v2\/posts\/43313\/revisions"}],"predecessor-version":[{"id":43315,"href":"https:\/\/radiorevelacionfm.cl\/index.php?rest_route=\/wp\/v2\/posts\/43313\/revisions\/43315"}],"wp:featuredmedia":[{"embeddable":true,"href":"https:\/\/radiorevelacionfm.cl\/index.php?rest_route=\/wp\/v2\/media\/43314"}],"wp:attachment":[{"href":"https:\/\/radiorevelacionfm.cl\/index.php?rest_route=%2Fwp%2Fv2%2Fmedia&parent=43313"}],"wp:term":[{"taxonomy":"category","embeddable":true,"href":"https:\/\/radiorevelacionfm.cl\/index.php?rest_route=%2Fwp%2Fv2%2Fcategories&post=43313"},{"taxonomy":"post_tag","embeddable":true,"href":"https:\/\/radiorevelacionfm.cl\/index.php?rest_route=%2Fwp%2Fv2%2Ftags&post=43313"}],"curies":[{"name":"wp","href":"https:\/\/api.w.org\/{rel}","templated":true}]}}