{"id":43310,"date":"2024-06-18T15:54:52","date_gmt":"2024-06-18T18:54:52","guid":{"rendered":"https:\/\/radiorevelacionfm.cl\/?p=43310"},"modified":"2024-06-18T15:54:52","modified_gmt":"2024-06-18T18:54:52","slug":"corte-de-coyhaique-rechaza-recurso-de-nulidad-y-confirma-condena-por-homicidio-y-trafico-de-drogas","status":"publish","type":"post","link":"https:\/\/radiorevelacionfm.cl\/?p=43310","title":{"rendered":"Corte de Coyhaique rechaza recurso de nulidad y confirma condena por homicidio y tr\u00e1fico de drogas"},"content":{"rendered":"<div class=\"flex_column av_one_full  flex_column_div av-zero-column-padding first  avia-builder-el-0  el_before_av_one_full  avia-builder-el-first  \" style='border-radius:0px; '><div  class='avia-image-container  av-styling-    avia-builder-el-1  avia-builder-el-no-sibling  avia-align-center '  itemprop=\"image\" itemscope=\"itemscope\" itemtype=\"https:\/\/schema.org\/ImageObject\"  ><div class='avia-image-container-inner'><div class='avia-image-overlay-wrap'><img decoding=\"async\" class='wp-image-43311 avia-img-lazy-loading-not-43311 avia_image' src=\"https:\/\/radiorevelacionfm.cl\/wp-content\/uploads\/2024\/06\/foto-002-ica-nieve-1_optimized.jpg\" alt='' title='foto-002-ica-nieve-(1)_optimized' height=\"600\" width=\"867\"  itemprop=\"thumbnailUrl\" srcset=\"https:\/\/radiorevelacionfm.cl\/wp-content\/uploads\/2024\/06\/foto-002-ica-nieve-1_optimized.jpg 867w, https:\/\/radiorevelacionfm.cl\/wp-content\/uploads\/2024\/06\/foto-002-ica-nieve-1_optimized-300x208.jpg 300w, https:\/\/radiorevelacionfm.cl\/wp-content\/uploads\/2024\/06\/foto-002-ica-nieve-1_optimized-768x531.jpg 768w, https:\/\/radiorevelacionfm.cl\/wp-content\/uploads\/2024\/06\/foto-002-ica-nieve-1_optimized-705x488.jpg 705w, https:\/\/radiorevelacionfm.cl\/wp-content\/uploads\/2024\/06\/foto-002-ica-nieve-1_optimized-450x311.jpg 450w, https:\/\/radiorevelacionfm.cl\/wp-content\/uploads\/2024\/06\/foto-002-ica-nieve-1_optimized-600x415.jpg 600w\" sizes=\"(max-width: 867px) 100vw, 867px\" \/><\/div><\/div><\/div><\/div><div class=\"flex_column av_one_full  flex_column_div av-zero-column-padding first  avia-builder-el-2  el_after_av_one_full  el_before_av_one_full  column-top-margin\" style='border-radius:0px; '><section class=\"av_textblock_section \"  itemscope=\"itemscope\" itemtype=\"https:\/\/schema.org\/BlogPosting\" itemprop=\"blogPost\" ><div class='avia_textblock  '   itemprop=\"text\" ><p style=\"text-align: center;\"><span style=\"font-size: 18pt;\"><b>Corte\u00a0de Coyhaique rechaza recurso de nulidad y confirma condena por homicidio y tr\u00e1fico de drogas<\/b><\/span><\/p>\n<div id=\"gtx-trans\" style=\"position: absolute; left: -50px; top: 4.31534px;\">\n<div class=\"gtx-trans-icon\"><\/div>\n<\/div>\n<\/div><\/section><\/div><div class=\"flex_column av_one_full  flex_column_div av-zero-column-padding first  avia-builder-el-4  el_after_av_one_full  el_before_av_hr  column-top-margin\" style='border-radius:0px; '><section class=\"av_textblock_section \"  itemscope=\"itemscope\" itemtype=\"https:\/\/schema.org\/BlogPosting\" itemprop=\"blogPost\" ><div class='avia_textblock  '   itemprop=\"text\" ><p class=\"v1MsoNormal\" style=\"text-align: justify;\">La Corte de Apelaciones de Coyhaique rechaz\u00f3 el recurso de nulidad interpuesto por la defensa, en contra de la sentencia que conden\u00f3 a Diego Rub\u00e9n Avenda\u00f1o Villaseca a la pena de cumplimiento efectivo de 13 a\u00f1os de presidio, m\u00e1s\u00a0las accesorias\u00a0de inhabilitaci\u00f3n absoluta perpetua para cargos y oficios p\u00fablicos y derechos pol\u00edticos\u00a0y la\u00a0inhabilitaci\u00f3n absoluta para profesiones titulares mientras dure la condena, en calidad de autor del delito de homicidio simple. Il\u00edcito perpetrado el 29 de enero de 2023, en la ciudad.<\/p>\n<p class=\"v1MsoNormal\" style=\"text-align: justify;\">En fallo un\u00e1nime (causa rol 176-2024), la Primera Sala del tribunal de alzada \u2013integrada por los ministros Pedro Castro, Jos\u00e9 Ignacio Mora y Natalia Rencoret\u2013 confirm\u00f3 la sentencia recurrida, dictada por el Tribunal de Juicio Oral en lo Penal de Coyhaique, que conden\u00f3, adem\u00e1s, a Avenda\u00f1o Villaseca a 6 a\u00f1os de presidio,\u00a0accesorias\u00a0inhabilitaci\u00f3n perpetua para cargos y oficios p\u00fablicos y derechos pol\u00edticos y la inhabilitaci\u00f3n absoluta para profesiones titulares mientras dure la condena; m\u00e1s\u00a0el pago de\u00a0una multa de 40 UTM, como autor del delito de tr\u00e1fico de drogas. Il\u00edcito cometido el 13 de marzo de 2023, en la comuna.<\/p>\n<p class=\"v1MsoNormal\" style=\"text-align: justify;\">\u00abQue, de un examen comparativo de los hechos contenidos en la acusaci\u00f3n fiscal y de la sentencia impugnada, no es posible constatar una infracci\u00f3n al principio de congruencia, desde que si bien al describirse los hechos acreditados y plasmados en la sentencia impugnada no se emplea el t\u00e9rmino\u00a0&#8216;trasladar&#8217;, utilizado en la acusaci\u00f3n para referirse a la circunstancia de que en el interior del veh\u00edculo que conduc\u00eda el condenado, tambi\u00e9n se encontraba un tercero quien percuta los disparos, y que culminan dando t\u00e9rmino a la vida de la v\u00edctima, ello no implica que no exista una correspondencia en cuanto a la conducta ejecutada por el imputado descrita en los hechos contenidos en la acusaci\u00f3n fiscal y aquellos que tuvo por acreditados el tribunal, y por los cuales resulta condenado, toda vez que, el principio de congruencia va m\u00e1s all\u00e1 de una mera discrepancia literal o gramatical, pues exige una coherencia en los aspectos relevantes o sustanciales, de manera tal que la alteraci\u00f3n de ciertos vocablos efectuada por el sentenciador en relaci\u00f3n al texto acusatorio, en nada afecta respecto de los hechos y las personas materia de la acusaci\u00f3n fiscal\u00bb, sostiene el fallo.<\/p>\n<p class=\"v1MsoNormal\" style=\"text-align: justify;\">Por tanto, se resuelve que: \u00ab<b>SE RECHAZA<\/b>, sin costas, el recurso de nulidad interpuesto por la defensa, en representaci\u00f3n del condenado Diego Rub\u00e9n Avenda\u00f1o Villaseca, en contra de la sentencia definitiva pronunciada con fecha 18 de enero de 2024, dictada por el Tribunal Oral en lo Penal de Coyhaique, conforme a la cual se conden\u00f3 a Avenda\u00f1o Villaseca, a la pena de trece a\u00f1os de presidio mayor en su grado medio y a la pena accesoria de inhabilitaci\u00f3n absoluta perpetua para cargos y oficios p\u00fablicos y derechos pol\u00edticos, y la de inhabilitaci\u00f3n absoluta para profesiones titulares mientras dure la condena, por su responsabilidad en calidad de autor de un delito de homicidio simple, en grado consumado, cometido el d\u00eda 29 de enero de 2023 en la comuna de Coyhaique; y adem\u00e1s, se condena a la pena de 6 a\u00f1os de presidio mayor en su grado m\u00ednimo, multa de 40 UTM, y la accesoria de inhabilitaci\u00f3n perpetua para cargos y oficios p\u00fablicos y derechos pol\u00edticos, y la inhabilitaci\u00f3n absoluta para profesiones titulares, mientras dure la condena, por su responsabilidad en calidad de autor de un delito de tr\u00e1fico il\u00edcito de drogas, en grado de consumado, cometido el d\u00eda 13 de marzo de 2023, en la comuna de Coyhaique, en consecuencia el juicio y la sentencia\u00a0<b>NO SON NULOS<\/b>\u00ab.<\/p>\n<\/div><\/section><\/div><div  style='height:50px' class='hr hr-invisible   avia-builder-el-6  el_after_av_one_full  el_before_av_social_share '><span class='hr-inner ' ><span class='hr-inner-style'><\/span><\/span><\/div><\/p>\n<div  class='av-social-sharing-box  avia-builder-el-7  el_after_av_hr  el_before_av_hr  '><div class='av-share-box'><h5 class='av-share-link-description av-no-toc '>Compartir esta noticia<\/h5><ul class='av-share-box-list noLightbox'><li class='av-share-link av-social-link-facebook' ><a target=\"_blank\" aria-label=\"Compartir en Facebook\" href='https:\/\/www.facebook.com\/sharer.php?u=https:\/\/radiorevelacionfm.cl\/?p=43310&#038;t=Corte%20de%20Coyhaique%20rechaza%20recurso%20de%20nulidad%20y%20confirma%20condena%20por%20homicidio%20y%20tr%C3%A1fico%20de%20drogas' aria-hidden='false' data-av_icon='\ue8f3' data-av_iconfont='entypo-fontello' title='' data-avia-related-tooltip='Compartir en Facebook' rel=\"noopener\"><span class='avia_hidden_link_text'>Compartir en Facebook<\/span><\/a><\/li><li class='av-share-link av-social-link-twitter' ><a target=\"_blank\" aria-label=\"Compartir en Twitter\" href='https:\/\/twitter.com\/share?text=Corte%20de%20Coyhaique%20rechaza%20recurso%20de%20nulidad%20y%20confirma%20condena%20por%20homicidio%20y%20tr%C3%A1fico%20de%20drogas&#038;url=https:\/\/radiorevelacionfm.cl\/?p=43310' aria-hidden='false' data-av_icon='\ue8f1' data-av_iconfont='entypo-fontello' title='' data-avia-related-tooltip='Compartir en Twitter' rel=\"noopener\"><span class='avia_hidden_link_text'>Compartir en Twitter<\/span><\/a><\/li><li class='av-share-link av-social-link-whatsapp' ><a target=\"_blank\" aria-label=\"Compartir en Whatsapp\" href='https:\/\/api.whatsapp.com\/send?text=https:\/\/radiorevelacionfm.cl\/?p=43310' aria-hidden='false' data-av_icon='\uf232' data-av_iconfont='entypo-fontello' title='' data-avia-related-tooltip='Compartir en Whatsapp' rel=\"noopener\"><span class='avia_hidden_link_text'>Compartir en Whatsapp<\/span><\/a><\/li><li class='av-share-link av-social-link-linkedin' ><a target=\"_blank\" aria-label=\"Compartir en LinkedIn\" href='https:\/\/linkedin.com\/shareArticle?mini=true&#038;title=Corte%20de%20Coyhaique%20rechaza%20recurso%20de%20nulidad%20y%20confirma%20condena%20por%20homicidio%20y%20tr%C3%A1fico%20de%20drogas&#038;url=https:\/\/radiorevelacionfm.cl\/?p=43310' aria-hidden='false' data-av_icon='\ue8fc' data-av_iconfont='entypo-fontello' title='' data-avia-related-tooltip='Compartir en LinkedIn' rel=\"noopener\"><span class='avia_hidden_link_text'>Compartir en LinkedIn<\/span><\/a><\/li><li class='av-share-link av-social-link-mail' ><a  aria-label=\"Compartir por correo\" href='mailto:?subject=Corte%20de%20Coyhaique%20rechaza%20recurso%20de%20nulidad%20y%20confirma%20condena%20por%20homicidio%20y%20tr%C3%A1fico%20de%20drogas&#038;body=https:\/\/radiorevelacionfm.cl\/?p=43310' aria-hidden='false' data-av_icon='\ue805' data-av_iconfont='entypo-fontello' title='' data-avia-related-tooltip='Compartir por correo'><span class='avia_hidden_link_text'>Compartir por correo<\/span><\/a><\/li><\/ul><\/div><\/div>\n<div  style='height:50px' class='hr hr-invisible   avia-builder-el-8  el_after_av_social_share  el_before_av_comments_list '><span class='hr-inner ' ><span class='hr-inner-style'><\/span><\/span><\/div>\n<div  class='av-buildercomment  av-blog-meta-html-info-disabled av-blog-meta-tag-disabled  '><\/div>\n","protected":false},"excerpt":{"rendered":"","protected":false},"author":1,"featured_media":43311,"comment_status":"open","ping_status":"open","sticky":false,"template":"","format":"standard","meta":{"footnotes":""},"categories":[55],"tags":[],"class_list":["post-43310","post","type-post","status-publish","format-standard","has-post-thumbnail","hentry","category-justicia"],"jetpack_featured_media_url":"https:\/\/radiorevelacionfm.cl\/wp-content\/uploads\/2024\/06\/foto-002-ica-nieve-1_optimized.jpg","_links":{"self":[{"href":"https:\/\/radiorevelacionfm.cl\/index.php?rest_route=\/wp\/v2\/posts\/43310","targetHints":{"allow":["GET"]}}],"collection":[{"href":"https:\/\/radiorevelacionfm.cl\/index.php?rest_route=\/wp\/v2\/posts"}],"about":[{"href":"https:\/\/radiorevelacionfm.cl\/index.php?rest_route=\/wp\/v2\/types\/post"}],"author":[{"embeddable":true,"href":"https:\/\/radiorevelacionfm.cl\/index.php?rest_route=\/wp\/v2\/users\/1"}],"replies":[{"embeddable":true,"href":"https:\/\/radiorevelacionfm.cl\/index.php?rest_route=%2Fwp%2Fv2%2Fcomments&post=43310"}],"version-history":[{"count":1,"href":"https:\/\/radiorevelacionfm.cl\/index.php?rest_route=\/wp\/v2\/posts\/43310\/revisions"}],"predecessor-version":[{"id":43312,"href":"https:\/\/radiorevelacionfm.cl\/index.php?rest_route=\/wp\/v2\/posts\/43310\/revisions\/43312"}],"wp:featuredmedia":[{"embeddable":true,"href":"https:\/\/radiorevelacionfm.cl\/index.php?rest_route=\/wp\/v2\/media\/43311"}],"wp:attachment":[{"href":"https:\/\/radiorevelacionfm.cl\/index.php?rest_route=%2Fwp%2Fv2%2Fmedia&parent=43310"}],"wp:term":[{"taxonomy":"category","embeddable":true,"href":"https:\/\/radiorevelacionfm.cl\/index.php?rest_route=%2Fwp%2Fv2%2Fcategories&post=43310"},{"taxonomy":"post_tag","embeddable":true,"href":"https:\/\/radiorevelacionfm.cl\/index.php?rest_route=%2Fwp%2Fv2%2Ftags&post=43310"}],"curies":[{"name":"wp","href":"https:\/\/api.w.org\/{rel}","templated":true}]}}