{"id":43307,"date":"2024-06-18T15:29:44","date_gmt":"2024-06-18T18:29:44","guid":{"rendered":"https:\/\/radiorevelacionfm.cl\/?p=43307"},"modified":"2024-06-18T15:29:44","modified_gmt":"2024-06-18T18:29:44","slug":"virus-respiratorio-sincicial-aysen-no-ha-registrado-casos-durante-2024","status":"publish","type":"post","link":"https:\/\/radiorevelacionfm.cl\/?p=43307","title":{"rendered":"Virus Respiratorio Sincicial: Ays\u00e9n no ha registrado casos durante 2024"},"content":{"rendered":"<div class=\"flex_column av_one_full  flex_column_div av-zero-column-padding first  avia-builder-el-0  el_before_av_one_full  avia-builder-el-first  \" style='border-radius:0px; '><div  class='avia-image-container  av-styling-    avia-builder-el-1  avia-builder-el-no-sibling  avia-align-center '  itemprop=\"image\" itemscope=\"itemscope\" itemtype=\"https:\/\/schema.org\/ImageObject\"  ><div class='avia-image-container-inner'><div class='avia-image-overlay-wrap'><img decoding=\"async\" class='wp-image-43308 avia-img-lazy-loading-not-43308 avia_image' src=\"https:\/\/radiorevelacionfm.cl\/wp-content\/uploads\/2024\/06\/Nirsevimab_VRS-1-1-1.jpg\" alt='' title='Nirsevimab_VRS (1) (1) (1)' height=\"600\" width=\"924\"  itemprop=\"thumbnailUrl\" srcset=\"https:\/\/radiorevelacionfm.cl\/wp-content\/uploads\/2024\/06\/Nirsevimab_VRS-1-1-1.jpg 924w, https:\/\/radiorevelacionfm.cl\/wp-content\/uploads\/2024\/06\/Nirsevimab_VRS-1-1-1-300x195.jpg 300w, https:\/\/radiorevelacionfm.cl\/wp-content\/uploads\/2024\/06\/Nirsevimab_VRS-1-1-1-768x499.jpg 768w, https:\/\/radiorevelacionfm.cl\/wp-content\/uploads\/2024\/06\/Nirsevimab_VRS-1-1-1-705x458.jpg 705w, https:\/\/radiorevelacionfm.cl\/wp-content\/uploads\/2024\/06\/Nirsevimab_VRS-1-1-1-450x292.jpg 450w, https:\/\/radiorevelacionfm.cl\/wp-content\/uploads\/2024\/06\/Nirsevimab_VRS-1-1-1-600x390.jpg 600w\" sizes=\"(max-width: 924px) 100vw, 924px\" \/><\/div><\/div><\/div><\/div><div class=\"flex_column av_one_full  flex_column_div av-zero-column-padding first  avia-builder-el-2  el_after_av_one_full  el_before_av_one_full  column-top-margin\" style='border-radius:0px; '><section class=\"av_textblock_section \"  itemscope=\"itemscope\" itemtype=\"https:\/\/schema.org\/BlogPosting\" itemprop=\"blogPost\" ><div class='avia_textblock  '   itemprop=\"text\" ><p style=\"text-align: center;\"><span style=\"font-size: 18pt;\"><strong>Virus Respiratorio Sincicial: Ays\u00e9n no ha registrado casos durante 2024<\/strong><\/span><\/p>\n<div id=\"gtx-trans\" style=\"position: absolute; left: -50px; top: 4.31534px;\">\n<div class=\"gtx-trans-icon\"><\/div>\n<\/div>\n<\/div><\/section><\/div><div class=\"flex_column av_one_full  flex_column_div av-zero-column-padding first  avia-builder-el-4  el_after_av_one_full  el_before_av_hr  column-top-margin\" style='border-radius:0px; '><section class=\"av_textblock_section \"  itemscope=\"itemscope\" itemtype=\"https:\/\/schema.org\/BlogPosting\" itemprop=\"blogPost\" ><div class='avia_textblock  '   itemprop=\"text\" ><p style=\"text-align: justify;\"><em>Gracias a la incorporaci\u00f3n del anticuerpo monoclonal Nirsevimab, a la fecha no se han diagnosticado casos de ni\u00f1os con VRS en la regi\u00f3n ni se registran hospitalizaciones, lo que se traduce en 228 casos menos en relaci\u00f3n al mismo per\u00edodo del a\u00f1o anterior.<\/em><\/p>\n<p style=\"text-align: justify;\">Hist\u00f3ricamente, el virus respiratorio sincicial (VRS) ha sido una de las enfermedades respiratorias de mayor gravedad en ni\u00f1os, sobre todo en lactantes menores de 6 meses, situaci\u00f3n que en el caso de la regi\u00f3n de Ays\u00e9n se volv\u00eda a\u00fan m\u00e1s compleja, implicando el traslado extrarregional de beb\u00e9s a otros centros de referencia del pa\u00eds, con el desarraigo y desgaste emocional que ello implica para sus familias.<\/p>\n<p style=\"text-align: justify;\">Sin embargo, el panorama en lo que va de este 2024 ha sido distinto. Mientras en junio de 2023 se registraban 228 casos de VRS, de los cuales 70 correspond\u00edan a ni\u00f1os hospitalizados, en lo que va de este a\u00f1o se han registrado 0 casos, lo que de momento conlleva que la circulaci\u00f3n viral por VRS sea pr\u00e1cticamente nula en Ays\u00e9n.<\/p>\n<p style=\"text-align: justify;\">\u00bfCu\u00e1l es la principal raz\u00f3n de este positivo cambio epidemiol\u00f3gico? Principalmente, la incorporaci\u00f3n en nuestro pa\u00eds de Nirservimab, anticuerpo monoclonal que desde abril de 2024 est\u00e1 siendo administrado a todas las ni\u00f1as y ni\u00f1os nacidos desde el 01 de octubre de 2023, exitosa pol\u00edtica p\u00fablica que en el caso de la regi\u00f3n de Ays\u00e9n, registra una excelente cobertura: 98,2% en reci\u00e9n nacidos -los que son inmunizados antes de ser dados de alta- y 87% en lactantes nacidos desde el 1 de octubre de 2023.<\/p>\n<p style=\"text-align: justify;\">\u201cLa incorporaci\u00f3n del Nirsevimab en nuestro pa\u00eds le ha cambiado la cara al invierno. Esta pol\u00edtica p\u00fablica impulsada por el Presidente Gabriel Boric ha permitido proteger a todos los ni\u00f1os y ni\u00f1as nacidos desde octubre de 2023 a la fecha y a los reci\u00e9n nacidos de enfermar gravemente o morir por el Virus Respiratorio Sincicial. A nivel regional, y a diferencia del a\u00f1o 2023 en esta misma fecha, ten\u00edamos cerca de 230 ni\u00f1os con VRS, 70 de ellos hospitalizados, sin embargo, el d\u00eda de hoy esa cifra se reduce a cero\u201d, sostuvo la Seremi de Salud Ays\u00e9n, Carmen Monsalve G\u00f3mez.<\/p>\n<p style=\"text-align: justify;\">La autoridad sanitaria hizo hincapi\u00e9 en que a pesar de las auspiciosas cifras, no debemos confiarnos, puesto que se prev\u00e9 que este virus podr\u00eda comenzar a circular en nuestra regi\u00f3n en un par de semanas m\u00e1s, probablemente despu\u00e9s de las vacaciones de invierno.<\/p>\n<p style=\"text-align: justify;\">\u201cSi bien a nivel pa\u00eds ya alcanzamos las coberturas autoimpuestas por el Ministerio de Salud, queremos llegar al 100% de la protecci\u00f3n de nuestros ni\u00f1os y ni\u00f1as. Es por eso que insistimos a las madres de los ni\u00f1os nacidos desde el 1 de octubre de 2023 y de los reci\u00e9n nacidos, que accedan a esta protecci\u00f3n, porque es probable que en los pr\u00f3ximos meses la circulaci\u00f3n del VRS aumente\u201d, precis\u00f3 la Seremi de Salud Ays\u00e9n.<\/p>\n<\/div><\/section><\/div><div  style='height:50px' class='hr hr-invisible   avia-builder-el-6  el_after_av_one_full  el_before_av_social_share '><span class='hr-inner ' ><span class='hr-inner-style'><\/span><\/span><\/div><\/p>\n<div  class='av-social-sharing-box  avia-builder-el-7  el_after_av_hr  el_before_av_hr  '><div class='av-share-box'><h5 class='av-share-link-description av-no-toc '>Compartir esta noticia<\/h5><ul class='av-share-box-list noLightbox'><li class='av-share-link av-social-link-facebook' ><a target=\"_blank\" aria-label=\"Compartir en Facebook\" href='https:\/\/www.facebook.com\/sharer.php?u=https:\/\/radiorevelacionfm.cl\/?p=43307&#038;t=Virus%20Respiratorio%20Sincicial%3A%20Ays%C3%A9n%20no%20ha%20registrado%20casos%20durante%202024' aria-hidden='false' data-av_icon='\ue8f3' data-av_iconfont='entypo-fontello' title='' data-avia-related-tooltip='Compartir en Facebook' rel=\"noopener\"><span class='avia_hidden_link_text'>Compartir en Facebook<\/span><\/a><\/li><li class='av-share-link av-social-link-twitter' ><a target=\"_blank\" aria-label=\"Compartir en Twitter\" href='https:\/\/twitter.com\/share?text=Virus%20Respiratorio%20Sincicial%3A%20Ays%C3%A9n%20no%20ha%20registrado%20casos%20durante%202024&#038;url=https:\/\/radiorevelacionfm.cl\/?p=43307' aria-hidden='false' data-av_icon='\ue8f1' data-av_iconfont='entypo-fontello' title='' data-avia-related-tooltip='Compartir en Twitter' rel=\"noopener\"><span class='avia_hidden_link_text'>Compartir en Twitter<\/span><\/a><\/li><li class='av-share-link av-social-link-whatsapp' ><a target=\"_blank\" aria-label=\"Compartir en Whatsapp\" href='https:\/\/api.whatsapp.com\/send?text=https:\/\/radiorevelacionfm.cl\/?p=43307' aria-hidden='false' data-av_icon='\uf232' data-av_iconfont='entypo-fontello' title='' data-avia-related-tooltip='Compartir en Whatsapp' rel=\"noopener\"><span class='avia_hidden_link_text'>Compartir en Whatsapp<\/span><\/a><\/li><li class='av-share-link av-social-link-linkedin' ><a target=\"_blank\" aria-label=\"Compartir en LinkedIn\" href='https:\/\/linkedin.com\/shareArticle?mini=true&#038;title=Virus%20Respiratorio%20Sincicial%3A%20Ays%C3%A9n%20no%20ha%20registrado%20casos%20durante%202024&#038;url=https:\/\/radiorevelacionfm.cl\/?p=43307' aria-hidden='false' data-av_icon='\ue8fc' data-av_iconfont='entypo-fontello' title='' data-avia-related-tooltip='Compartir en LinkedIn' rel=\"noopener\"><span class='avia_hidden_link_text'>Compartir en LinkedIn<\/span><\/a><\/li><li class='av-share-link av-social-link-mail' ><a  aria-label=\"Compartir por correo\" href='mailto:?subject=Virus%20Respiratorio%20Sincicial%3A%20Ays%C3%A9n%20no%20ha%20registrado%20casos%20durante%202024&#038;body=https:\/\/radiorevelacionfm.cl\/?p=43307' aria-hidden='false' data-av_icon='\ue805' data-av_iconfont='entypo-fontello' title='' data-avia-related-tooltip='Compartir por correo'><span class='avia_hidden_link_text'>Compartir por correo<\/span><\/a><\/li><\/ul><\/div><\/div>\n<div  style='height:50px' class='hr hr-invisible   avia-builder-el-8  el_after_av_social_share  el_before_av_comments_list '><span class='hr-inner ' ><span class='hr-inner-style'><\/span><\/span><\/div>\n<div  class='av-buildercomment  av-blog-meta-html-info-disabled av-blog-meta-tag-disabled  '><\/div>\n","protected":false},"excerpt":{"rendered":"","protected":false},"author":1,"featured_media":43308,"comment_status":"open","ping_status":"open","sticky":false,"template":"","format":"standard","meta":{"footnotes":""},"categories":[46],"tags":[],"class_list":["post-43307","post","type-post","status-publish","format-standard","has-post-thumbnail","hentry","category-salud"],"jetpack_featured_media_url":"https:\/\/radiorevelacionfm.cl\/wp-content\/uploads\/2024\/06\/Nirsevimab_VRS-1-1-1.jpg","_links":{"self":[{"href":"https:\/\/radiorevelacionfm.cl\/index.php?rest_route=\/wp\/v2\/posts\/43307","targetHints":{"allow":["GET"]}}],"collection":[{"href":"https:\/\/radiorevelacionfm.cl\/index.php?rest_route=\/wp\/v2\/posts"}],"about":[{"href":"https:\/\/radiorevelacionfm.cl\/index.php?rest_route=\/wp\/v2\/types\/post"}],"author":[{"embeddable":true,"href":"https:\/\/radiorevelacionfm.cl\/index.php?rest_route=\/wp\/v2\/users\/1"}],"replies":[{"embeddable":true,"href":"https:\/\/radiorevelacionfm.cl\/index.php?rest_route=%2Fwp%2Fv2%2Fcomments&post=43307"}],"version-history":[{"count":1,"href":"https:\/\/radiorevelacionfm.cl\/index.php?rest_route=\/wp\/v2\/posts\/43307\/revisions"}],"predecessor-version":[{"id":43309,"href":"https:\/\/radiorevelacionfm.cl\/index.php?rest_route=\/wp\/v2\/posts\/43307\/revisions\/43309"}],"wp:featuredmedia":[{"embeddable":true,"href":"https:\/\/radiorevelacionfm.cl\/index.php?rest_route=\/wp\/v2\/media\/43308"}],"wp:attachment":[{"href":"https:\/\/radiorevelacionfm.cl\/index.php?rest_route=%2Fwp%2Fv2%2Fmedia&parent=43307"}],"wp:term":[{"taxonomy":"category","embeddable":true,"href":"https:\/\/radiorevelacionfm.cl\/index.php?rest_route=%2Fwp%2Fv2%2Fcategories&post=43307"},{"taxonomy":"post_tag","embeddable":true,"href":"https:\/\/radiorevelacionfm.cl\/index.php?rest_route=%2Fwp%2Fv2%2Ftags&post=43307"}],"curies":[{"name":"wp","href":"https:\/\/api.w.org\/{rel}","templated":true}]}}