{"id":43304,"date":"2024-06-18T13:40:13","date_gmt":"2024-06-18T16:40:13","guid":{"rendered":"https:\/\/radiorevelacionfm.cl\/?p=43304"},"modified":"2024-06-18T13:40:13","modified_gmt":"2024-06-18T16:40:13","slug":"anuncian-financiamiento-para-proyecto-de-plan-de-gestion-de-transito-mtt-en-chile-chico","status":"publish","type":"post","link":"https:\/\/radiorevelacionfm.cl\/?p=43304","title":{"rendered":"Anuncian financiamiento para proyecto de Plan de Gesti\u00f3n de Tr\u00e1nsito MTT en Chile Chico"},"content":{"rendered":"<div class=\"flex_column av_one_full  flex_column_div av-zero-column-padding first  avia-builder-el-0  el_before_av_one_full  avia-builder-el-first  \" style='border-radius:0px; '><div  class='avia-image-container  av-styling-    avia-builder-el-1  avia-builder-el-no-sibling  avia-align-center '  itemprop=\"image\" itemscope=\"itemscope\" itemtype=\"https:\/\/schema.org\/ImageObject\"  ><div class='avia-image-container-inner'><div class='avia-image-overlay-wrap'><img decoding=\"async\" class='wp-image-43305 avia-img-lazy-loading-not-43305 avia_image' src=\"https:\/\/radiorevelacionfm.cl\/wp-content\/uploads\/2024\/06\/Chile-Chico-26-1-1.jpg\" alt='' title='Chile Chico (26) (1) (1)' height=\"600\" width=\"903\"  itemprop=\"thumbnailUrl\" srcset=\"https:\/\/radiorevelacionfm.cl\/wp-content\/uploads\/2024\/06\/Chile-Chico-26-1-1.jpg 903w, https:\/\/radiorevelacionfm.cl\/wp-content\/uploads\/2024\/06\/Chile-Chico-26-1-1-300x199.jpg 300w, https:\/\/radiorevelacionfm.cl\/wp-content\/uploads\/2024\/06\/Chile-Chico-26-1-1-768x510.jpg 768w, https:\/\/radiorevelacionfm.cl\/wp-content\/uploads\/2024\/06\/Chile-Chico-26-1-1-705x468.jpg 705w, https:\/\/radiorevelacionfm.cl\/wp-content\/uploads\/2024\/06\/Chile-Chico-26-1-1-450x299.jpg 450w, https:\/\/radiorevelacionfm.cl\/wp-content\/uploads\/2024\/06\/Chile-Chico-26-1-1-600x399.jpg 600w\" sizes=\"(max-width: 903px) 100vw, 903px\" \/><\/div><\/div><\/div><\/div><div class=\"flex_column av_one_full  flex_column_div av-zero-column-padding first  avia-builder-el-2  el_after_av_one_full  el_before_av_one_full  column-top-margin\" style='border-radius:0px; '><section class=\"av_textblock_section \"  itemscope=\"itemscope\" itemtype=\"https:\/\/schema.org\/BlogPosting\" itemprop=\"blogPost\" ><div class='avia_textblock  '   itemprop=\"text\" ><p style=\"text-align: center;\"><strong><span style=\"font-size: 18pt;\">Anuncian financiamiento para proyecto de Plan de Gesti\u00f3n de Tr\u00e1nsito MTT en Chile Chico<\/span><\/strong><\/p>\n<div id=\"gtx-trans\" style=\"position: absolute; left: -50px; top: 4.31534px;\">\n<div class=\"gtx-trans-icon\"><\/div>\n<\/div>\n<\/div><\/section><\/div><div class=\"flex_column av_one_full  flex_column_div av-zero-column-padding first  avia-builder-el-4  el_after_av_one_full  el_before_av_hr  column-top-margin\" style='border-radius:0px; '><section class=\"av_textblock_section \"  itemscope=\"itemscope\" itemtype=\"https:\/\/schema.org\/BlogPosting\" itemprop=\"blogPost\" ><div class='avia_textblock  '   itemprop=\"text\" ><p style=\"text-align: justify;\">Con un financiamiento del ministerio de Transportes y Telecomunicaciones (MTT) por un monto de 160 millones de pesos se desarrollaron sendos Planes de Gesti\u00f3n de Tr\u00e1nsito en Chile Chico y Cochrane. Este estudio vial, junto con diagnosticar las problem\u00e1ticas de diversos modos de transporte, tiene la ventaja de proponer carteras de proyectos que resuelvan y faciliten la movilidad de localidades en desarrollo, trabajo que involucr\u00f3 participaci\u00f3n ciudadana de vecinas y vecinos. A fin de entregar y socializar el resultado de este trabajo, se expuso el producto final en ambas localidades.<\/p>\n<p style=\"text-align: justify;\">En el caso de Chile Chico, la propuesta incluye redefinici\u00f3n del sentido de tr\u00e1nsito en algunas calles, habilitaci\u00f3n de ciclov\u00edas, pavimentaci\u00f3n de veredas, e intervenci\u00f3n de calzada vehicular en torno a la plaza de armas. El seremiTT Hans Zimmermann se\u00f1al\u00f3 que con estos dise\u00f1os de proyectos se inicia la b\u00fasqueda de financiamientos para su ejecuci\u00f3n.<\/p>\n<p style=\"text-align: justify;\">En este sentido, la autoridad adelant\u00f3 que ya existe compromiso de recursos para uno de los proyectos m\u00e1s significativos de la cartera propuesta: ciclov\u00edas para la\u00a0<i>ciudad del sol<\/i>: \u201cEl MINVU se va a sumar a la colaboraci\u00f3n para el financiamiento de estas iniciativas que lo que buscan es cambiarle la cara a la movilidad y al transporte dentro de la ciudad de Chile Chico. El Plan de Gesti\u00f3n de Tr\u00e1nsito fue levantado en conjunto a la comunidad y arroj\u00f3 una serie de proyectos a trav\u00e9s de los cuales nosotros queremos generar intervenciones a trav\u00e9s de la creaci\u00f3n de ciclov\u00edas, de pares viales que puedan permitir generar una mejor condici\u00f3n de movilidad para los habitantes de la comuna\u201d, detall\u00f3 Zimmermann.<\/p>\n<p style=\"text-align: justify;\">Desde el ministerio de Vivienda y Urbanismo (MINVU), la seremi Paulina Ruz explic\u00f3 que los temas de vivienda, planificaci\u00f3n urbana y transporte, deben abordarse en conjunto para resolver de mejor forma las necesidades de la poblaci\u00f3n.\u00a0 \u201cContamos con una l\u00ednea de financiamiento que es \u201cVialidad y Movilidad Sustentable\u201d, y gracias a este podemos apoyar con recursos sectoriales del MINVU, uno de los proyectos que forma parte de esta presentaci\u00f3n. Esto radica en 2.800 millones de pesos que vamos a tener disponibles, que ya se trabajaron a nivel central, y que estamos a la espera que sea aprobado en el mes de diciembre a trav\u00e9s de la Ley de Presupuestos. Esto va a permitir materializar uno de los proyectos urbanos, el proyecto de calzadas y ciclov\u00edas\u201d.<\/p>\n<p style=\"text-align: justify;\">Desde el territorio, el delegado provincial, Crist\u00f3bal Barcel\u00f3 destac\u00f3 la metodolog\u00eda de trabajo, la cual puso en el centro del debate las particularidades de cada localidad y sus necesidades, con \u00e9nfasis en desarrollar un esquema intermodal de transporte: \u201cUno generalmente piensa en transporte y habla del veh\u00edculo motorizado, pero no de las bicicletas, no de otras formas de caminar, que por supuesto tienen que todos convivir de una manera sana. En eso, el trabajo que se debe hacer con participaci\u00f3n ciudadana es fundamental, porque va a ser la comunidad la que nos va a exigir a las autoridades ir desarrollando los proyectos\u201d.<\/p>\n<p style=\"text-align: justify;\">Maximiliano D\u00edaz, vecino y participante de Luciernagas Trail y de agrupaci\u00f3n de ciclistas de Chile Chico valor\u00f3 el trabajo de levantamiento de informaci\u00f3n y vinculaci\u00f3n con la comunidad. \u201cMe parece s\u00faper buena la iniciativa, siento que tener aqu\u00ed a los representantes de distintas instituciones, miembros de organizaciones, vecinos, hace que se cree un pensamiento m\u00e1s colectivo para poder implementar ideas m\u00e1s innovadoras en lugares que realmente lo necesitan. Respecto al proyecto de ciclov\u00edas, siento que hay oportunidades de mejora, por supuesto, pero por lo que vi se opta por el mejoramiento de la calidad de peatones y ciclistas, escalando en la pir\u00e1mide\u201d, opin\u00f3.<\/p>\n<p style=\"text-align: justify;\"><b><u>Plan de Gesti\u00f3n de Tr\u00e1nsito en Cochrane<\/u><\/b><\/p>\n<p style=\"text-align: justify;\">A su vez en Cochrane, los dise\u00f1os de proyectos presentados a la comunidad tambi\u00e9n proponen cambios en el sentido de tr\u00e1nsito, construcci\u00f3n de estacionamientos y mejoramiento de accesibilidad universal en torno al hospital, adem\u00e1s de redise\u00f1o en aceras con mayor pendiente, factor que aumenta riesgo de accidentabilidad de peatones durante el invierno ante condiciones clim\u00e1ticas como nieve o escarcha.<\/p>\n<p style=\"text-align: justify;\">Juvenal Silva, vecino de Cochrane destac\u00f3 la posibilidad de proyectar desde ya soluciones viales para una ciudad en crecimiento. \u201cEs bueno que el ministerio se est\u00e9 preocupando de esto porque nuestro pueblo, u otros pueblos, que est\u00e1n en v\u00edas de desarrollo. Entonces es importante que vaya todo de la mano para que despu\u00e9s no existan problemas en el tema del desarrollo de la comunidad. Por eso es importante que el ministerio est\u00e9 trabajando con esta situaci\u00f3n.\u201d<\/p>\n<\/div><\/section><\/div><div  style='height:50px' class='hr hr-invisible   avia-builder-el-6  el_after_av_one_full  el_before_av_social_share '><span class='hr-inner ' ><span class='hr-inner-style'><\/span><\/span><\/div><\/p>\n<div  class='av-social-sharing-box  avia-builder-el-7  el_after_av_hr  el_before_av_hr  '><div class='av-share-box'><h5 class='av-share-link-description av-no-toc '>Compartir esta noticia<\/h5><ul class='av-share-box-list noLightbox'><li class='av-share-link av-social-link-facebook' ><a target=\"_blank\" aria-label=\"Compartir en Facebook\" href='https:\/\/www.facebook.com\/sharer.php?u=https:\/\/radiorevelacionfm.cl\/?p=43304&#038;t=Anuncian%20financiamiento%20para%20proyecto%20de%20Plan%20de%20Gesti%C3%B3n%20de%20Tr%C3%A1nsito%20MTT%20en%20Chile%20Chico' aria-hidden='false' data-av_icon='\ue8f3' data-av_iconfont='entypo-fontello' title='' data-avia-related-tooltip='Compartir en Facebook' rel=\"noopener\"><span class='avia_hidden_link_text'>Compartir en Facebook<\/span><\/a><\/li><li class='av-share-link av-social-link-twitter' ><a target=\"_blank\" aria-label=\"Compartir en Twitter\" href='https:\/\/twitter.com\/share?text=Anuncian%20financiamiento%20para%20proyecto%20de%20Plan%20de%20Gesti%C3%B3n%20de%20Tr%C3%A1nsito%20MTT%20en%20Chile%20Chico&#038;url=https:\/\/radiorevelacionfm.cl\/?p=43304' aria-hidden='false' data-av_icon='\ue8f1' data-av_iconfont='entypo-fontello' title='' data-avia-related-tooltip='Compartir en Twitter' rel=\"noopener\"><span class='avia_hidden_link_text'>Compartir en Twitter<\/span><\/a><\/li><li class='av-share-link av-social-link-whatsapp' ><a target=\"_blank\" aria-label=\"Compartir en Whatsapp\" href='https:\/\/api.whatsapp.com\/send?text=https:\/\/radiorevelacionfm.cl\/?p=43304' aria-hidden='false' data-av_icon='\uf232' data-av_iconfont='entypo-fontello' title='' data-avia-related-tooltip='Compartir en Whatsapp' rel=\"noopener\"><span class='avia_hidden_link_text'>Compartir en Whatsapp<\/span><\/a><\/li><li class='av-share-link av-social-link-linkedin' ><a target=\"_blank\" aria-label=\"Compartir en LinkedIn\" href='https:\/\/linkedin.com\/shareArticle?mini=true&#038;title=Anuncian%20financiamiento%20para%20proyecto%20de%20Plan%20de%20Gesti%C3%B3n%20de%20Tr%C3%A1nsito%20MTT%20en%20Chile%20Chico&#038;url=https:\/\/radiorevelacionfm.cl\/?p=43304' aria-hidden='false' data-av_icon='\ue8fc' data-av_iconfont='entypo-fontello' title='' data-avia-related-tooltip='Compartir en LinkedIn' rel=\"noopener\"><span class='avia_hidden_link_text'>Compartir en LinkedIn<\/span><\/a><\/li><li class='av-share-link av-social-link-mail' ><a  aria-label=\"Compartir por correo\" href='mailto:?subject=Anuncian%20financiamiento%20para%20proyecto%20de%20Plan%20de%20Gesti%C3%B3n%20de%20Tr%C3%A1nsito%20MTT%20en%20Chile%20Chico&#038;body=https:\/\/radiorevelacionfm.cl\/?p=43304' aria-hidden='false' data-av_icon='\ue805' data-av_iconfont='entypo-fontello' title='' data-avia-related-tooltip='Compartir por correo'><span class='avia_hidden_link_text'>Compartir por correo<\/span><\/a><\/li><\/ul><\/div><\/div>\n<div  style='height:50px' class='hr hr-invisible   avia-builder-el-8  el_after_av_social_share  el_before_av_comments_list '><span class='hr-inner ' ><span class='hr-inner-style'><\/span><\/span><\/div>\n<div  class='av-buildercomment  av-blog-meta-html-info-disabled av-blog-meta-tag-disabled  '><\/div>\n","protected":false},"excerpt":{"rendered":"","protected":false},"author":1,"featured_media":43305,"comment_status":"open","ping_status":"open","sticky":false,"template":"","format":"standard","meta":{"footnotes":""},"categories":[38],"tags":[],"class_list":["post-43304","post","type-post","status-publish","format-standard","has-post-thumbnail","hentry","category-regional"],"jetpack_featured_media_url":"https:\/\/radiorevelacionfm.cl\/wp-content\/uploads\/2024\/06\/Chile-Chico-26-1-1.jpg","_links":{"self":[{"href":"https:\/\/radiorevelacionfm.cl\/index.php?rest_route=\/wp\/v2\/posts\/43304","targetHints":{"allow":["GET"]}}],"collection":[{"href":"https:\/\/radiorevelacionfm.cl\/index.php?rest_route=\/wp\/v2\/posts"}],"about":[{"href":"https:\/\/radiorevelacionfm.cl\/index.php?rest_route=\/wp\/v2\/types\/post"}],"author":[{"embeddable":true,"href":"https:\/\/radiorevelacionfm.cl\/index.php?rest_route=\/wp\/v2\/users\/1"}],"replies":[{"embeddable":true,"href":"https:\/\/radiorevelacionfm.cl\/index.php?rest_route=%2Fwp%2Fv2%2Fcomments&post=43304"}],"version-history":[{"count":1,"href":"https:\/\/radiorevelacionfm.cl\/index.php?rest_route=\/wp\/v2\/posts\/43304\/revisions"}],"predecessor-version":[{"id":43306,"href":"https:\/\/radiorevelacionfm.cl\/index.php?rest_route=\/wp\/v2\/posts\/43304\/revisions\/43306"}],"wp:featuredmedia":[{"embeddable":true,"href":"https:\/\/radiorevelacionfm.cl\/index.php?rest_route=\/wp\/v2\/media\/43305"}],"wp:attachment":[{"href":"https:\/\/radiorevelacionfm.cl\/index.php?rest_route=%2Fwp%2Fv2%2Fmedia&parent=43304"}],"wp:term":[{"taxonomy":"category","embeddable":true,"href":"https:\/\/radiorevelacionfm.cl\/index.php?rest_route=%2Fwp%2Fv2%2Fcategories&post=43304"},{"taxonomy":"post_tag","embeddable":true,"href":"https:\/\/radiorevelacionfm.cl\/index.php?rest_route=%2Fwp%2Fv2%2Ftags&post=43304"}],"curies":[{"name":"wp","href":"https:\/\/api.w.org\/{rel}","templated":true}]}}