{"id":43301,"date":"2024-06-18T11:05:55","date_gmt":"2024-06-18T14:05:55","guid":{"rendered":"https:\/\/radiorevelacionfm.cl\/?p=43301"},"modified":"2024-06-18T11:05:56","modified_gmt":"2024-06-18T14:05:56","slug":"relevan-necesidad-urgente-de-habilitar-y-mejorar-salas-de-familia-en-cuarteles-de-carabineros","status":"publish","type":"post","link":"https:\/\/radiorevelacionfm.cl\/?p=43301","title":{"rendered":"Relevan necesidad urgente de habilitar y mejorar salas de familia en cuarteles de Carabineros"},"content":{"rendered":"<div class=\"flex_column av_one_full  flex_column_div av-zero-column-padding first  avia-builder-el-0  el_before_av_one_full  avia-builder-el-first  \" style='border-radius:0px; '><div  class='avia-image-container  av-styling-    avia-builder-el-1  avia-builder-el-no-sibling  avia-align-center '  itemprop=\"image\" itemscope=\"itemscope\" itemtype=\"https:\/\/schema.org\/ImageObject\"  ><div class='avia-image-container-inner'><div class='avia-image-overlay-wrap'><img decoding=\"async\" class='wp-image-4923 avia-img-lazy-loading-not-4923 avia_image' src=\"https:\/\/radiorevelacionfm.cl\/wp-content\/uploads\/2021\/06\/COMISARIA-COYHAIQUE-1-1.jpg\" alt='' title='COMISARIA COYHAIQUE (1) (1)' height=\"600\" width=\"1153\"  itemprop=\"thumbnailUrl\" srcset=\"https:\/\/radiorevelacionfm.cl\/wp-content\/uploads\/2021\/06\/COMISARIA-COYHAIQUE-1-1.jpg 1153w, https:\/\/radiorevelacionfm.cl\/wp-content\/uploads\/2021\/06\/COMISARIA-COYHAIQUE-1-1-300x156.jpg 300w, https:\/\/radiorevelacionfm.cl\/wp-content\/uploads\/2021\/06\/COMISARIA-COYHAIQUE-1-1-1030x536.jpg 1030w, https:\/\/radiorevelacionfm.cl\/wp-content\/uploads\/2021\/06\/COMISARIA-COYHAIQUE-1-1-768x400.jpg 768w, https:\/\/radiorevelacionfm.cl\/wp-content\/uploads\/2021\/06\/COMISARIA-COYHAIQUE-1-1-705x367.jpg 705w, https:\/\/radiorevelacionfm.cl\/wp-content\/uploads\/2021\/06\/COMISARIA-COYHAIQUE-1-1-600x312.jpg 600w\" sizes=\"(max-width: 1153px) 100vw, 1153px\" \/><\/div><\/div><\/div><\/div><div class=\"flex_column av_one_full  flex_column_div av-zero-column-padding first  avia-builder-el-2  el_after_av_one_full  el_before_av_one_full  column-top-margin\" style='border-radius:0px; '><section class=\"av_textblock_section \"  itemscope=\"itemscope\" itemtype=\"https:\/\/schema.org\/BlogPosting\" itemprop=\"blogPost\" ><div class='avia_textblock  '   itemprop=\"text\" ><p style=\"text-align: center;\"><strong><span style=\"font-size: 18pt;\">Relevan necesidad urgente de habilitar y mejorar salas de familia en cuarteles de Carabineros\u00a0<\/span><\/strong><\/p>\n<div id=\"gtx-trans\" style=\"position: absolute; left: -50px; top: 4.31534px;\">\n<div class=\"gtx-trans-icon\"><\/div>\n<\/div>\n<\/div><\/section><\/div><div class=\"flex_column av_one_full  flex_column_div av-zero-column-padding first  avia-builder-el-4  el_after_av_one_full  el_before_av_hr  column-top-margin\" style='border-radius:0px; '><section class=\"av_textblock_section \"  itemscope=\"itemscope\" itemtype=\"https:\/\/schema.org\/BlogPosting\" itemprop=\"blogPost\" ><div class='avia_textblock  '   itemprop=\"text\" ><p dir=\"ltr\" style=\"text-align: justify;\">La semana pasada en el Pleno del Consejo Regional de Ays\u00e9n se discuti\u00f3 una iniciativa para entregar m\u00e1s de $8.400 millones a Carabineros de Chile en la regi\u00f3n, financiamiento con el que la instituci\u00f3n planeaba ejecutar una serie de inversiones, dentro de las cuales se encontraba la habilitaci\u00f3n y mejoramiento de salas de familia y grupos vulnerables en 31 cuarteles policiales del territorio. Sin embargo, este proyecto no fue aprobado, debido a la abstenci\u00f3n en la votaci\u00f3n de ocho consejeras y consejeros regionales.<\/p>\n<p dir=\"ltr\" style=\"text-align: justify;\">En ese sentido, el rev\u00e9s que sufri\u00f3 la iniciativa de Carabineros levant\u00f3 las alertas tambi\u00e9n en la cartera de G\u00e9nero de la Regi\u00f3n de Ays\u00e9n (Seremi de la Mujer, SernamEG y Prodemu), cuyas autoridades manifestaron su preocupaci\u00f3n por urgencia con la que se requiere la implementaci\u00f3n y el correcto funcionamiento de estas salas de familia en comisar\u00edas y retenes, debido a que en ellas se genera la primera acogida y la toma de denuncias a quienes son v\u00edctimas de violencia intrafamiliar o de g\u00e9nero.<\/p>\n<p dir=\"ltr\" style=\"text-align: justify;\">\u00abValoramos la voluntad de la gobernadora, la instituci\u00f3n de Carabineros y el Consejo Regional, de avanzar en mejorar las actuales condiciones en las que se encuentran las salas de familia a nivel regional, mediante el financiamiento de implementaci\u00f3n b\u00e1sica para funcionar y aportar en la entrega de mayor respeto y dignidad a las mujeres v\u00edctimas de violencia de g\u00e9nero y su c\u00edrculo cercano\u00bb, se\u00f1al\u00f3 por su parte la Seremi de la Mujer y la Equidad de G\u00e9nero, Andrea M\u00e9ndez Valenzuela.<\/p>\n<p dir=\"ltr\" style=\"text-align: justify;\">Mientras que la Directora Regional del Servicio Nacional de la Mujer y la Equidad de G\u00e9nero, Patricia Baeza Cabezas, enfatiz\u00f3 en que \u00abla implementaci\u00f3n de las salas de familia es una necesidad urgente, porque son los espacios que permiten a las mujeres hacer una denuncia de manera segura, y brindar una primera acogida en las condiciones y calidad que se requieren. Tambi\u00e9n es una necesidad urgente para el territorio, para la regi\u00f3n, dadas las altas cifras de violencia intrafamiliar que hemos tenido este \u00faltimo tiempo, que se ven reflejadas, por ejemplo, en los tres femicidios frustrados que hemos tenido este a\u00f1o a la fecha\u00bb.<\/p>\n<p dir=\"ltr\" style=\"text-align: justify;\">Asimismo, desde el Centro de las Mujeres de la ciudad de Coyhaique (dispositivo de atenci\u00f3n inicial de SernamEG), la coordinadora (s) B\u00e1rbara P\u00e1ez Z\u00fa\u00f1iga explic\u00f3 que \u00abcuando las mujeres o v\u00edctimas acceden a hacer la denuncia, es un proceso sumamente delicado y doloroso. Contar con esa primera acogida, con un espacio que sea c\u00e1lido, que se pueda hacer una contenci\u00f3n, donde el momento de la denuncia sea no tan duro ni fr\u00edo, nos genera despu\u00e9s un proceso de intervenci\u00f3n mucho m\u00e1s favorable para esas mujeres\u00bb.<\/p>\n<p dir=\"ltr\" style=\"text-align: justify;\">La iniciativa de financiamiento para Carabineros de Chile, que incluye entre otras inversiones la habilitaci\u00f3n de estos importantes espacios para v\u00edctimas y sobrevivientes de violencia intrafamiliar y\/o de g\u00e9nero, ser\u00e1 discutida nuevamente este martes 18 de junio por el Consejo Regional de Ays\u00e9n, donde se espera que este proyecto pueda recibir finalmente el financiamiento del \u00f3rgano colegiado.<\/p>\n<\/div><\/section><\/div><div  style='height:50px' class='hr hr-invisible   avia-builder-el-6  el_after_av_one_full  el_before_av_social_share '><span class='hr-inner ' ><span class='hr-inner-style'><\/span><\/span><\/div><\/p>\n<div  class='av-social-sharing-box  avia-builder-el-7  el_after_av_hr  el_before_av_hr  '><div class='av-share-box'><h5 class='av-share-link-description av-no-toc '>Compartir esta noticia<\/h5><ul class='av-share-box-list noLightbox'><li class='av-share-link av-social-link-facebook' ><a target=\"_blank\" aria-label=\"Compartir en Facebook\" href='https:\/\/www.facebook.com\/sharer.php?u=https:\/\/radiorevelacionfm.cl\/?p=43301&#038;t=Relevan%20necesidad%20urgente%20de%20habilitar%20y%20mejorar%20salas%20de%20familia%20en%20cuarteles%20de%20Carabineros' aria-hidden='false' data-av_icon='\ue8f3' data-av_iconfont='entypo-fontello' title='' data-avia-related-tooltip='Compartir en Facebook' rel=\"noopener\"><span class='avia_hidden_link_text'>Compartir en Facebook<\/span><\/a><\/li><li class='av-share-link av-social-link-twitter' ><a target=\"_blank\" aria-label=\"Compartir en Twitter\" href='https:\/\/twitter.com\/share?text=Relevan%20necesidad%20urgente%20de%20habilitar%20y%20mejorar%20salas%20de%20familia%20en%20cuarteles%20de%20Carabineros&#038;url=https:\/\/radiorevelacionfm.cl\/?p=43301' aria-hidden='false' data-av_icon='\ue8f1' data-av_iconfont='entypo-fontello' title='' data-avia-related-tooltip='Compartir en Twitter' rel=\"noopener\"><span class='avia_hidden_link_text'>Compartir en Twitter<\/span><\/a><\/li><li class='av-share-link av-social-link-whatsapp' ><a target=\"_blank\" aria-label=\"Compartir en Whatsapp\" href='https:\/\/api.whatsapp.com\/send?text=https:\/\/radiorevelacionfm.cl\/?p=43301' aria-hidden='false' data-av_icon='\uf232' data-av_iconfont='entypo-fontello' title='' data-avia-related-tooltip='Compartir en Whatsapp' rel=\"noopener\"><span class='avia_hidden_link_text'>Compartir en Whatsapp<\/span><\/a><\/li><li class='av-share-link av-social-link-linkedin' ><a target=\"_blank\" aria-label=\"Compartir en LinkedIn\" href='https:\/\/linkedin.com\/shareArticle?mini=true&#038;title=Relevan%20necesidad%20urgente%20de%20habilitar%20y%20mejorar%20salas%20de%20familia%20en%20cuarteles%20de%20Carabineros&#038;url=https:\/\/radiorevelacionfm.cl\/?p=43301' aria-hidden='false' data-av_icon='\ue8fc' data-av_iconfont='entypo-fontello' title='' data-avia-related-tooltip='Compartir en LinkedIn' rel=\"noopener\"><span class='avia_hidden_link_text'>Compartir en LinkedIn<\/span><\/a><\/li><li class='av-share-link av-social-link-mail' ><a  aria-label=\"Compartir por correo\" href='mailto:?subject=Relevan%20necesidad%20urgente%20de%20habilitar%20y%20mejorar%20salas%20de%20familia%20en%20cuarteles%20de%20Carabineros&#038;body=https:\/\/radiorevelacionfm.cl\/?p=43301' aria-hidden='false' data-av_icon='\ue805' data-av_iconfont='entypo-fontello' title='' data-avia-related-tooltip='Compartir por correo'><span class='avia_hidden_link_text'>Compartir por correo<\/span><\/a><\/li><\/ul><\/div><\/div>\n<div  style='height:50px' class='hr hr-invisible   avia-builder-el-8  el_after_av_social_share  el_before_av_comments_list '><span class='hr-inner ' ><span class='hr-inner-style'><\/span><\/span><\/div>\n<div  class='av-buildercomment  av-blog-meta-html-info-disabled av-blog-meta-tag-disabled  '><\/div>\n","protected":false},"excerpt":{"rendered":"","protected":false},"author":1,"featured_media":4923,"comment_status":"open","ping_status":"open","sticky":false,"template":"","format":"standard","meta":{"footnotes":""},"categories":[38],"tags":[],"class_list":["post-43301","post","type-post","status-publish","format-standard","has-post-thumbnail","hentry","category-regional"],"jetpack_featured_media_url":"https:\/\/radiorevelacionfm.cl\/wp-content\/uploads\/2021\/06\/COMISARIA-COYHAIQUE-1-1.jpg","_links":{"self":[{"href":"https:\/\/radiorevelacionfm.cl\/index.php?rest_route=\/wp\/v2\/posts\/43301","targetHints":{"allow":["GET"]}}],"collection":[{"href":"https:\/\/radiorevelacionfm.cl\/index.php?rest_route=\/wp\/v2\/posts"}],"about":[{"href":"https:\/\/radiorevelacionfm.cl\/index.php?rest_route=\/wp\/v2\/types\/post"}],"author":[{"embeddable":true,"href":"https:\/\/radiorevelacionfm.cl\/index.php?rest_route=\/wp\/v2\/users\/1"}],"replies":[{"embeddable":true,"href":"https:\/\/radiorevelacionfm.cl\/index.php?rest_route=%2Fwp%2Fv2%2Fcomments&post=43301"}],"version-history":[{"count":1,"href":"https:\/\/radiorevelacionfm.cl\/index.php?rest_route=\/wp\/v2\/posts\/43301\/revisions"}],"predecessor-version":[{"id":43302,"href":"https:\/\/radiorevelacionfm.cl\/index.php?rest_route=\/wp\/v2\/posts\/43301\/revisions\/43302"}],"wp:featuredmedia":[{"embeddable":true,"href":"https:\/\/radiorevelacionfm.cl\/index.php?rest_route=\/wp\/v2\/media\/4923"}],"wp:attachment":[{"href":"https:\/\/radiorevelacionfm.cl\/index.php?rest_route=%2Fwp%2Fv2%2Fmedia&parent=43301"}],"wp:term":[{"taxonomy":"category","embeddable":true,"href":"https:\/\/radiorevelacionfm.cl\/index.php?rest_route=%2Fwp%2Fv2%2Fcategories&post=43301"},{"taxonomy":"post_tag","embeddable":true,"href":"https:\/\/radiorevelacionfm.cl\/index.php?rest_route=%2Fwp%2Fv2%2Ftags&post=43301"}],"curies":[{"name":"wp","href":"https:\/\/api.w.org\/{rel}","templated":true}]}}