{"id":43298,"date":"2024-06-18T11:26:32","date_gmt":"2024-06-18T14:26:32","guid":{"rendered":"https:\/\/radiorevelacionfm.cl\/?p=43298"},"modified":"2024-06-18T11:26:32","modified_gmt":"2024-06-18T14:26:32","slug":"diputada-raphael-ante-gestiones-con-junaeb-y-mineduc-las-becas-de-educacion-superior-le-deben-llegar-a-todos-los-alumnos-que-cumplan-con-los-requisitos","status":"publish","type":"post","link":"https:\/\/radiorevelacionfm.cl\/?p=43298","title":{"rendered":"Diputada Raphael ante gestiones con Junaeb y Mineduc: \u201cLas becas de educaci\u00f3n superior le deben llegar a todos los alumnos que cumplan con los requisitos\u201d"},"content":{"rendered":"<div class=\"flex_column av_one_full  flex_column_div av-zero-column-padding first  avia-builder-el-0  el_before_av_one_full  avia-builder-el-first  \" style='border-radius:0px; '><div  class='avia-image-container  av-styling-    avia-builder-el-1  avia-builder-el-no-sibling  avia-align-center '  itemprop=\"image\" itemscope=\"itemscope\" itemtype=\"https:\/\/schema.org\/ImageObject\"  ><div class='avia-image-container-inner'><div class='avia-image-overlay-wrap'><img decoding=\"async\" class='wp-image-43299 avia-img-lazy-loading-not-43299 avia_image' src=\"https:\/\/radiorevelacionfm.cl\/wp-content\/uploads\/2024\/06\/WhatsApp-Image-2024-06-17-at-16.19.26-1-1.jpeg\" alt='' title='WhatsApp Image 2024-06-17 at 16.19.26 (1) (1)' height=\"600\" width=\"1116\"  itemprop=\"thumbnailUrl\" srcset=\"https:\/\/radiorevelacionfm.cl\/wp-content\/uploads\/2024\/06\/WhatsApp-Image-2024-06-17-at-16.19.26-1-1.jpeg 1116w, https:\/\/radiorevelacionfm.cl\/wp-content\/uploads\/2024\/06\/WhatsApp-Image-2024-06-17-at-16.19.26-1-1-300x161.jpeg 300w, https:\/\/radiorevelacionfm.cl\/wp-content\/uploads\/2024\/06\/WhatsApp-Image-2024-06-17-at-16.19.26-1-1-1030x554.jpeg 1030w, https:\/\/radiorevelacionfm.cl\/wp-content\/uploads\/2024\/06\/WhatsApp-Image-2024-06-17-at-16.19.26-1-1-768x413.jpeg 768w, https:\/\/radiorevelacionfm.cl\/wp-content\/uploads\/2024\/06\/WhatsApp-Image-2024-06-17-at-16.19.26-1-1-705x379.jpeg 705w, https:\/\/radiorevelacionfm.cl\/wp-content\/uploads\/2024\/06\/WhatsApp-Image-2024-06-17-at-16.19.26-1-1-450x242.jpeg 450w, https:\/\/radiorevelacionfm.cl\/wp-content\/uploads\/2024\/06\/WhatsApp-Image-2024-06-17-at-16.19.26-1-1-600x323.jpeg 600w\" sizes=\"(max-width: 1116px) 100vw, 1116px\" \/><\/div><\/div><\/div><\/div>\n<div class=\"flex_column av_one_full  flex_column_div av-zero-column-padding first  avia-builder-el-2  el_after_av_one_full  el_before_av_one_full  column-top-margin\" style='border-radius:0px; '><section class=\"av_textblock_section \"  itemscope=\"itemscope\" itemtype=\"https:\/\/schema.org\/BlogPosting\" itemprop=\"blogPost\" ><div class='avia_textblock  '   itemprop=\"text\" ><p style=\"text-align: center;\"><span style=\"font-size: 18pt;\"><strong>Diputada Raphael ante gestiones con Junaeb y Mineduc: <\/strong><strong>\u201cLas becas de educaci\u00f3n superior le deben llegar a todos los alumnos que cumplan con los requisitos\u201d<\/strong><\/span><\/p>\n<div id=\"gtx-trans\" style=\"position: absolute; left: -50px; top: 4.31534px;\">\n<div class=\"gtx-trans-icon\"><\/div>\n<\/div>\n<\/div><\/section><\/div>\n<div class=\"flex_column av_one_full  flex_column_div av-zero-column-padding first  avia-builder-el-4  el_after_av_one_full  el_before_av_hr  column-top-margin\" style='border-radius:0px; '><section class=\"av_textblock_section \"  itemscope=\"itemscope\" itemtype=\"https:\/\/schema.org\/BlogPosting\" itemprop=\"blogPost\" ><div class='avia_textblock  '   itemprop=\"text\" ><p style=\"text-align: justify;\">Intensas reuniones ha tenido la diputada por la Regi\u00f3n de Ays\u00e9n e integrante de la Comisi\u00f3n de Educaci\u00f3n de la C\u00e1mara de Diputados, Marcia Raphael, debido a la preocupaci\u00f3n de padres y estudiantes por la pronta publicaci\u00f3n de los renovantes y nuevos beneficiarios de las becas de educaci\u00f3n superior.<\/p>\n<p style=\"text-align: justify;\">La parlamentaria sostuvo reuniones con el Ministro de Educaci\u00f3n, Nicol\u00e1s Cataldo, y el Director Regional de Junaeb, Manuel Vivar, para manifestar su preocupaci\u00f3n ante la falta de becas Ays\u00e9n, territorial y Patagonia que \u201ces un problema que se repite a\u00f1o a a\u00f1o, dejando a alumnos que cumplen con los requisitos, en algunas ocasiones, sin la beca correspondiente\u201d.<\/p>\n<p style=\"text-align: justify;\">Lo anterior, se suma a reuniones informativas llevadas a cabo por la legisladora junto a su equipo y comunidad, como la realizada el s\u00e1bado con apoderados en la comuna de Puerto Ays\u00e9n, donde se reafirm\u00f3 el compromiso para que puedan acceder a su beca, todos los estudiantes que cumplan con los requisitos.<\/p>\n<p style=\"text-align: justify;\">\u201cHemos estado en constantes gestiones con el Ministerio de Educaci\u00f3n y la Junaeb a nivel regional, para que ning\u00fan estudiante se quede sin este importante beneficio. Llamando tambi\u00e9n a la calma, porque el 5 de julio se publicar\u00e1n los resultados de este proceso, ya que los datos publicados corresponden a alumnos renovantes y s\u00f3lo un peque\u00f1o porcentaje de nuevos alumnos beneficiarios\u201d, se\u00f1al\u00f3 Raphael.<\/p>\n<\/div><\/section><\/div><div  style='height:50px' class='hr hr-invisible   avia-builder-el-6  el_after_av_one_full  el_before_av_social_share '><span class='hr-inner ' ><span class='hr-inner-style'><\/span><\/span><\/div><\/p>\n<div  class='av-social-sharing-box  avia-builder-el-7  el_after_av_hr  el_before_av_hr  '><div class='av-share-box'><h5 class='av-share-link-description av-no-toc '>Compartir esta noticia<\/h5><ul class='av-share-box-list noLightbox'><li class='av-share-link av-social-link-facebook' ><a target=\"_blank\" aria-label=\"Compartir en Facebook\" href='https:\/\/www.facebook.com\/sharer.php?u=https:\/\/radiorevelacionfm.cl\/?p=43298&#038;t=Diputada%20Raphael%20ante%20gestiones%20con%20Junaeb%20y%20Mineduc%3A%20%E2%80%9CLas%20becas%20de%20educaci%C3%B3n%20superior%20le%20deben%20llegar%20a%20todos%20los%20alumnos%20que%20cumplan%20con%20los%20requisitos%E2%80%9D' aria-hidden='false' data-av_icon='\ue8f3' data-av_iconfont='entypo-fontello' title='' data-avia-related-tooltip='Compartir en Facebook' rel=\"noopener\"><span class='avia_hidden_link_text'>Compartir en Facebook<\/span><\/a><\/li><li class='av-share-link av-social-link-twitter' ><a target=\"_blank\" aria-label=\"Compartir en Twitter\" href='https:\/\/twitter.com\/share?text=Diputada%20Raphael%20ante%20gestiones%20con%20Junaeb%20y%20Mineduc%3A%20%E2%80%9CLas%20becas%20de%20educaci%C3%B3n%20superior%20le%20deben%20llegar%20a%20todos%20los%20alumnos%20que%20cumplan%20con%20los%20requisitos%E2%80%9D&#038;url=https:\/\/radiorevelacionfm.cl\/?p=43298' aria-hidden='false' data-av_icon='\ue8f1' data-av_iconfont='entypo-fontello' title='' data-avia-related-tooltip='Compartir en Twitter' rel=\"noopener\"><span class='avia_hidden_link_text'>Compartir en Twitter<\/span><\/a><\/li><li class='av-share-link av-social-link-whatsapp' ><a target=\"_blank\" aria-label=\"Compartir en Whatsapp\" href='https:\/\/api.whatsapp.com\/send?text=https:\/\/radiorevelacionfm.cl\/?p=43298' aria-hidden='false' data-av_icon='\uf232' data-av_iconfont='entypo-fontello' title='' data-avia-related-tooltip='Compartir en Whatsapp' rel=\"noopener\"><span class='avia_hidden_link_text'>Compartir en Whatsapp<\/span><\/a><\/li><li class='av-share-link av-social-link-linkedin' ><a target=\"_blank\" aria-label=\"Compartir en LinkedIn\" href='https:\/\/linkedin.com\/shareArticle?mini=true&#038;title=Diputada%20Raphael%20ante%20gestiones%20con%20Junaeb%20y%20Mineduc%3A%20%E2%80%9CLas%20becas%20de%20educaci%C3%B3n%20superior%20le%20deben%20llegar%20a%20todos%20los%20alumnos%20que%20cumplan%20con%20los%20requisitos%E2%80%9D&#038;url=https:\/\/radiorevelacionfm.cl\/?p=43298' aria-hidden='false' data-av_icon='\ue8fc' data-av_iconfont='entypo-fontello' title='' data-avia-related-tooltip='Compartir en LinkedIn' rel=\"noopener\"><span class='avia_hidden_link_text'>Compartir en LinkedIn<\/span><\/a><\/li><li class='av-share-link av-social-link-mail' ><a  aria-label=\"Compartir por correo\" href='mailto:?subject=Diputada%20Raphael%20ante%20gestiones%20con%20Junaeb%20y%20Mineduc%3A%20%E2%80%9CLas%20becas%20de%20educaci%C3%B3n%20superior%20le%20deben%20llegar%20a%20todos%20los%20alumnos%20que%20cumplan%20con%20los%20requisitos%E2%80%9D&#038;body=https:\/\/radiorevelacionfm.cl\/?p=43298' aria-hidden='false' data-av_icon='\ue805' data-av_iconfont='entypo-fontello' title='' data-avia-related-tooltip='Compartir por correo'><span class='avia_hidden_link_text'>Compartir por correo<\/span><\/a><\/li><\/ul><\/div><\/div>\n<div  style='height:50px' class='hr hr-invisible   avia-builder-el-8  el_after_av_social_share  el_before_av_comments_list '><span class='hr-inner ' ><span class='hr-inner-style'><\/span><\/span><\/div>\n<div  class='av-buildercomment  av-blog-meta-html-info-disabled av-blog-meta-tag-disabled  '><\/div>\n","protected":false},"excerpt":{"rendered":"","protected":false},"author":1,"featured_media":43299,"comment_status":"open","ping_status":"open","sticky":false,"template":"","format":"standard","meta":{"footnotes":""},"categories":[35],"tags":[],"class_list":["post-43298","post","type-post","status-publish","format-standard","has-post-thumbnail","hentry","category-politica"],"jetpack_featured_media_url":"https:\/\/radiorevelacionfm.cl\/wp-content\/uploads\/2024\/06\/WhatsApp-Image-2024-06-17-at-16.19.26-1-1.jpeg","_links":{"self":[{"href":"https:\/\/radiorevelacionfm.cl\/index.php?rest_route=\/wp\/v2\/posts\/43298","targetHints":{"allow":["GET"]}}],"collection":[{"href":"https:\/\/radiorevelacionfm.cl\/index.php?rest_route=\/wp\/v2\/posts"}],"about":[{"href":"https:\/\/radiorevelacionfm.cl\/index.php?rest_route=\/wp\/v2\/types\/post"}],"author":[{"embeddable":true,"href":"https:\/\/radiorevelacionfm.cl\/index.php?rest_route=\/wp\/v2\/users\/1"}],"replies":[{"embeddable":true,"href":"https:\/\/radiorevelacionfm.cl\/index.php?rest_route=%2Fwp%2Fv2%2Fcomments&post=43298"}],"version-history":[{"count":2,"href":"https:\/\/radiorevelacionfm.cl\/index.php?rest_route=\/wp\/v2\/posts\/43298\/revisions"}],"predecessor-version":[{"id":43303,"href":"https:\/\/radiorevelacionfm.cl\/index.php?rest_route=\/wp\/v2\/posts\/43298\/revisions\/43303"}],"wp:featuredmedia":[{"embeddable":true,"href":"https:\/\/radiorevelacionfm.cl\/index.php?rest_route=\/wp\/v2\/media\/43299"}],"wp:attachment":[{"href":"https:\/\/radiorevelacionfm.cl\/index.php?rest_route=%2Fwp%2Fv2%2Fmedia&parent=43298"}],"wp:term":[{"taxonomy":"category","embeddable":true,"href":"https:\/\/radiorevelacionfm.cl\/index.php?rest_route=%2Fwp%2Fv2%2Fcategories&post=43298"},{"taxonomy":"post_tag","embeddable":true,"href":"https:\/\/radiorevelacionfm.cl\/index.php?rest_route=%2Fwp%2Fv2%2Ftags&post=43298"}],"curies":[{"name":"wp","href":"https:\/\/api.w.org\/{rel}","templated":true}]}}