{"id":43295,"date":"2024-06-17T21:48:12","date_gmt":"2024-06-18T00:48:12","guid":{"rendered":"https:\/\/radiorevelacionfm.cl\/?p=43295"},"modified":"2024-06-17T21:48:12","modified_gmt":"2024-06-18T00:48:12","slug":"autoridades-regionales-lanzan-campana-informativa-sobre-el-subsidio-electrico","status":"publish","type":"post","link":"https:\/\/radiorevelacionfm.cl\/?p=43295","title":{"rendered":"Autoridades regionales lanzan campa\u00f1a informativa sobre el subsidio el\u00e9ctrico"},"content":{"rendered":"<div class=\"flex_column av_one_full  flex_column_div av-zero-column-padding first  avia-builder-el-0  el_before_av_one_full  avia-builder-el-first  \" style='border-radius:0px; '><div  class='avia-image-container  av-styling-    avia-builder-el-1  avia-builder-el-no-sibling  avia-align-center '  itemprop=\"image\" itemscope=\"itemscope\" itemtype=\"https:\/\/schema.org\/ImageObject\"  ><div class='avia-image-container-inner'><div class='avia-image-overlay-wrap'><img decoding=\"async\" class='wp-image-43296 avia-img-lazy-loading-not-43296 avia_image' src=\"https:\/\/radiorevelacionfm.cl\/wp-content\/uploads\/2024\/06\/Foto-1-50-1-1.jpeg\" alt='' title='Foto 1 (50) (1) (1)' height=\"600\" width=\"901\"  itemprop=\"thumbnailUrl\" srcset=\"https:\/\/radiorevelacionfm.cl\/wp-content\/uploads\/2024\/06\/Foto-1-50-1-1.jpeg 901w, https:\/\/radiorevelacionfm.cl\/wp-content\/uploads\/2024\/06\/Foto-1-50-1-1-300x200.jpeg 300w, https:\/\/radiorevelacionfm.cl\/wp-content\/uploads\/2024\/06\/Foto-1-50-1-1-768x511.jpeg 768w, https:\/\/radiorevelacionfm.cl\/wp-content\/uploads\/2024\/06\/Foto-1-50-1-1-705x469.jpeg 705w, https:\/\/radiorevelacionfm.cl\/wp-content\/uploads\/2024\/06\/Foto-1-50-1-1-450x300.jpeg 450w, https:\/\/radiorevelacionfm.cl\/wp-content\/uploads\/2024\/06\/Foto-1-50-1-1-600x400.jpeg 600w\" sizes=\"(max-width: 901px) 100vw, 901px\" \/><\/div><\/div><\/div><\/div><div class=\"flex_column av_one_full  flex_column_div av-zero-column-padding first  avia-builder-el-2  el_after_av_one_full  el_before_av_one_full  column-top-margin\" style='border-radius:0px; '><section class=\"av_textblock_section \"  itemscope=\"itemscope\" itemtype=\"https:\/\/schema.org\/BlogPosting\" itemprop=\"blogPost\" ><div class='avia_textblock  '   itemprop=\"text\" ><p style=\"text-align: center;\"><span style=\"font-size: 18pt;\"><strong>Autoridades regionales lanzan campa\u00f1a informativa sobre el subsidio el\u00e9ctrico <\/strong><\/span><\/p>\n<div id=\"gtx-trans\" style=\"position: absolute; left: -50px; top: 4.31534px;\">\n<div class=\"gtx-trans-icon\"><\/div>\n<\/div>\n<\/div><\/section><\/div><div class=\"flex_column av_one_full  flex_column_div av-zero-column-padding first  avia-builder-el-4  el_after_av_one_full  el_before_av_hr  column-top-margin\" style='border-radius:0px; '><section class=\"av_textblock_section \"  itemscope=\"itemscope\" itemtype=\"https:\/\/schema.org\/BlogPosting\" itemprop=\"blogPost\" ><div class='avia_textblock  '   itemprop=\"text\" ><p style=\"text-align: justify;\"><em>Este beneficio est\u00e1 dirigido a 1,5 millones de los hogares m\u00e1s vulnerables y su postulaci\u00f3n comenzar\u00e1 el 1 de julio y se extender\u00e1 hasta el 14 de julio a las 23:59 horas.<\/em><\/p>\n<p style=\"text-align: justify;\">El Seremi de Energ\u00eda de Ays\u00e9n Tom\u00e1s Laibe, en compa\u00f1\u00eda de la Vocera de Gobierno Tatiana Pl\u00e1, y el Director Regional de la Superintendencia \u00a0de Electricidad y Combustibles SEC, Hugo Ardiles dieron el puntapi\u00e9 inicial a la campa\u00f1a informativa sobre el proceso de postulaci\u00f3n al subsidio el\u00e9ctrico, que se inici\u00f3 este lunes 17 de junio con el lanzamiento del sitio web <a href=\"http:\/\/www.subsidioelectrico.cl\">www.subsidioelectrico.cl<\/a><\/p>\n<p style=\"text-align: justify;\">Cabe recordar que las tarifas el\u00e9ctricas se reajustar\u00e1n al alza de acuerdo a lo informado por la Comisi\u00f3n Nacional de Energ\u00eda (CNE), producto del congelamiento de las tarifas durante el estallido social, generando una deuda con las empresas generadoras el\u00e9ctricas que se mantiene hasta hoy.<\/p>\n<p style=\"text-align: justify;\">De esta manera, para descongelar las tarifas y mitigar el impacto de estas alzas el Ministerio de Energ\u00eda impuls\u00f3 la Ley de Estabilizaci\u00f3n Tarifaria, que incluye este nuevo instrumento <strong>\u201cel subsidio el\u00e9ctrico es un beneficio enfocado en un descuento en las cuentas de luz y prioriza a las personas que pertenecen al 40% del Registro Social de Hogares y que tienen las cuentas de la luz al d\u00eda. Es importante se\u00f1alar, que este es un beneficio que se va a postular de forma semestral hasta el a\u00f1o 2026, y que tiene su primera convocatoria las pr\u00f3ximas semanas desde el 1 de julio hasta el 14 de julio\u201d. <\/strong><\/p>\n<p style=\"text-align: justify;\">Por su parte, la Seremi de Gobierno destac\u00f3 que <strong>\u201ces importante considerar que en el marco del Proyecto de Ley del Sistema Nacional de Cuidados, entre los grupos vulnerables que se van a considerar en el 40% del Registro Social de Hogares, est\u00e1n las personas que realizan la labor de cuidados y aquellas que tambi\u00e9n son cuidadas y por supuesto tambi\u00e9n los adultos mayores\u201d. <\/strong><\/p>\n<p style=\"text-align: justify;\">Mayor informaci\u00f3n del beneficio es posible encontrar en el sitio web <a href=\"http:\/\/www.subsidioelectrico.cl\">www.subsidioelectrico.cl<\/a> y en los canales de atenci\u00f3n telef\u00f3nica 600 6000 732 y el n\u00famero de WhatsApp +569 9000 0236.<\/p>\n<p style=\"text-align: justify;\">La atenci\u00f3n presencial se podr\u00e1 realizar en las Oficinas de Chile Atiende, de las ciudades de Puerto Ays\u00e9n, Chile Chico, Puerto Cisnes y Cochrane. Adem\u00e1s, en la Oficinas de la SEC ubicada en calle Presidente Ib\u00e1\u00f1ez 347, piso 2 y en la Oficina de la Seremi de Energ\u00eda de Ays\u00e9n ubicada en calle Baquedano #310 interior, ambas en la ciudad de Coyhaique.<\/p>\n<p style=\"text-align: justify;\">El subsidio el\u00e9ctrico en la regi\u00f3n de Ays\u00e9n aplica para aquellas comunas que son parte de los Sistemas Medianos, que incluye a 7 de las 10 comunas de la regi\u00f3n: Ays\u00e9n, Chile Chico, Cisnes, Cochrane, Coyhaique, Lago Verde y Puerto Ib\u00e1\u00f1ez.<\/p>\n<p style=\"text-align: justify;\">Las comunas y las localidades que tienen Sistemas Aislados no forman parte del proceso de tarificaci\u00f3n nacional y por tanto no califican para este beneficio, es el caso de las comunas de Tortel, Villa O\u2019Higgins y Guaitecas y las localidades de Islas Huichas, Villa Amengual, La Tapera, Ra\u00fal Mar\u00edn Balmaceda, Melimoyu, Puerto Gala, Puerto Gaviota y Puerto Cisnes. Esta \u00faltima localidad se encuentra en proceso de transici\u00f3n a un sistema mediano, por lo que podr\u00edan postular en las convocatorias del a\u00f1o 2025.<\/p>\n<p style=\"text-align: justify;\">En esa l\u00ednea hay que destacar que el Ministerio de Energ\u00eda asumi\u00f3 el compromiso de avanzar en un proyecto de reforma a la ley de Sistemas Medianos, para acelerar la adopci\u00f3n de energ\u00edas renovables y avanzar en equidad tarifaria, el cual se encuentra en su primer tr\u00e1mite legislativo. Adem\u00e1s, se encuentra trabajando en una propuesta para regular los Sistemas Aislados, la que ingresar\u00e1 a tr\u00e1mite legislativo antes de fin de a\u00f1o. Estas herramientas jur\u00eddicas buscan mejorar las condiciones de vida de los ayseninos y de aquellas zonas m\u00e1s apartadas. Adem\u00e1s, el Ministerio de Energ\u00eda articul\u00f3 una mesa t\u00e9cnica con parlamentarios a nivel nacional, que discute una eventual ampliaci\u00f3n del subsidio el\u00e9ctrico.<\/p>\n<\/div><\/section><\/div><div  style='height:50px' class='hr hr-invisible   avia-builder-el-6  el_after_av_one_full  el_before_av_social_share '><span class='hr-inner ' ><span class='hr-inner-style'><\/span><\/span><\/div><\/p>\n<div  class='av-social-sharing-box  avia-builder-el-7  el_after_av_hr  el_before_av_hr  '><div class='av-share-box'><h5 class='av-share-link-description av-no-toc '>Compartir esta noticia<\/h5><ul class='av-share-box-list noLightbox'><li class='av-share-link av-social-link-facebook' ><a target=\"_blank\" aria-label=\"Compartir en Facebook\" href='https:\/\/www.facebook.com\/sharer.php?u=https:\/\/radiorevelacionfm.cl\/?p=43295&#038;t=Autoridades%20regionales%20lanzan%20campa%C3%B1a%20informativa%20sobre%20el%20subsidio%20el%C3%A9ctrico' aria-hidden='false' data-av_icon='\ue8f3' data-av_iconfont='entypo-fontello' title='' data-avia-related-tooltip='Compartir en Facebook' rel=\"noopener\"><span class='avia_hidden_link_text'>Compartir en Facebook<\/span><\/a><\/li><li class='av-share-link av-social-link-twitter' ><a target=\"_blank\" aria-label=\"Compartir en Twitter\" href='https:\/\/twitter.com\/share?text=Autoridades%20regionales%20lanzan%20campa%C3%B1a%20informativa%20sobre%20el%20subsidio%20el%C3%A9ctrico&#038;url=https:\/\/radiorevelacionfm.cl\/?p=43295' aria-hidden='false' data-av_icon='\ue8f1' data-av_iconfont='entypo-fontello' title='' data-avia-related-tooltip='Compartir en Twitter' rel=\"noopener\"><span class='avia_hidden_link_text'>Compartir en Twitter<\/span><\/a><\/li><li class='av-share-link av-social-link-whatsapp' ><a target=\"_blank\" aria-label=\"Compartir en Whatsapp\" href='https:\/\/api.whatsapp.com\/send?text=https:\/\/radiorevelacionfm.cl\/?p=43295' aria-hidden='false' data-av_icon='\uf232' data-av_iconfont='entypo-fontello' title='' data-avia-related-tooltip='Compartir en Whatsapp' rel=\"noopener\"><span class='avia_hidden_link_text'>Compartir en Whatsapp<\/span><\/a><\/li><li class='av-share-link av-social-link-linkedin' ><a target=\"_blank\" aria-label=\"Compartir en LinkedIn\" href='https:\/\/linkedin.com\/shareArticle?mini=true&#038;title=Autoridades%20regionales%20lanzan%20campa%C3%B1a%20informativa%20sobre%20el%20subsidio%20el%C3%A9ctrico&#038;url=https:\/\/radiorevelacionfm.cl\/?p=43295' aria-hidden='false' data-av_icon='\ue8fc' data-av_iconfont='entypo-fontello' title='' data-avia-related-tooltip='Compartir en LinkedIn' rel=\"noopener\"><span class='avia_hidden_link_text'>Compartir en LinkedIn<\/span><\/a><\/li><li class='av-share-link av-social-link-mail' ><a  aria-label=\"Compartir por correo\" href='mailto:?subject=Autoridades%20regionales%20lanzan%20campa%C3%B1a%20informativa%20sobre%20el%20subsidio%20el%C3%A9ctrico&#038;body=https:\/\/radiorevelacionfm.cl\/?p=43295' aria-hidden='false' data-av_icon='\ue805' data-av_iconfont='entypo-fontello' title='' data-avia-related-tooltip='Compartir por correo'><span class='avia_hidden_link_text'>Compartir por correo<\/span><\/a><\/li><\/ul><\/div><\/div>\n<div  style='height:50px' class='hr hr-invisible   avia-builder-el-8  el_after_av_social_share  el_before_av_comments_list '><span class='hr-inner ' ><span class='hr-inner-style'><\/span><\/span><\/div>\n<div  class='av-buildercomment  av-blog-meta-html-info-disabled av-blog-meta-tag-disabled  '><\/div>\n","protected":false},"excerpt":{"rendered":"","protected":false},"author":1,"featured_media":43296,"comment_status":"open","ping_status":"open","sticky":false,"template":"","format":"standard","meta":{"footnotes":""},"categories":[38],"tags":[],"class_list":["post-43295","post","type-post","status-publish","format-standard","has-post-thumbnail","hentry","category-regional"],"jetpack_featured_media_url":"https:\/\/radiorevelacionfm.cl\/wp-content\/uploads\/2024\/06\/Foto-1-50-1-1.jpeg","_links":{"self":[{"href":"https:\/\/radiorevelacionfm.cl\/index.php?rest_route=\/wp\/v2\/posts\/43295","targetHints":{"allow":["GET"]}}],"collection":[{"href":"https:\/\/radiorevelacionfm.cl\/index.php?rest_route=\/wp\/v2\/posts"}],"about":[{"href":"https:\/\/radiorevelacionfm.cl\/index.php?rest_route=\/wp\/v2\/types\/post"}],"author":[{"embeddable":true,"href":"https:\/\/radiorevelacionfm.cl\/index.php?rest_route=\/wp\/v2\/users\/1"}],"replies":[{"embeddable":true,"href":"https:\/\/radiorevelacionfm.cl\/index.php?rest_route=%2Fwp%2Fv2%2Fcomments&post=43295"}],"version-history":[{"count":1,"href":"https:\/\/radiorevelacionfm.cl\/index.php?rest_route=\/wp\/v2\/posts\/43295\/revisions"}],"predecessor-version":[{"id":43297,"href":"https:\/\/radiorevelacionfm.cl\/index.php?rest_route=\/wp\/v2\/posts\/43295\/revisions\/43297"}],"wp:featuredmedia":[{"embeddable":true,"href":"https:\/\/radiorevelacionfm.cl\/index.php?rest_route=\/wp\/v2\/media\/43296"}],"wp:attachment":[{"href":"https:\/\/radiorevelacionfm.cl\/index.php?rest_route=%2Fwp%2Fv2%2Fmedia&parent=43295"}],"wp:term":[{"taxonomy":"category","embeddable":true,"href":"https:\/\/radiorevelacionfm.cl\/index.php?rest_route=%2Fwp%2Fv2%2Fcategories&post=43295"},{"taxonomy":"post_tag","embeddable":true,"href":"https:\/\/radiorevelacionfm.cl\/index.php?rest_route=%2Fwp%2Fv2%2Ftags&post=43295"}],"curies":[{"name":"wp","href":"https:\/\/api.w.org\/{rel}","templated":true}]}}