{"id":43292,"date":"2024-06-17T22:10:02","date_gmt":"2024-06-18T01:10:02","guid":{"rendered":"https:\/\/radiorevelacionfm.cl\/?p=43292"},"modified":"2024-06-17T22:10:02","modified_gmt":"2024-06-18T01:10:02","slug":"todo-pais-requiere-un-proyecto-definido-con-medidas-claras-que-sean-producto-de-un-consenso-y-una-vision-compartida-senadora-ordenes-integro-proyecta-chile-2050","status":"publish","type":"post","link":"https:\/\/radiorevelacionfm.cl\/?p=43292","title":{"rendered":"\u201cTodo pa\u00eds requiere un proyecto definido, con medidas claras, que sean producto de un consenso y una visi\u00f3n compartida\u201d: Senadora \u00d3rdenes integr\u00f3 proyecta Chile 2050"},"content":{"rendered":"<div class=\"flex_column av_one_full  flex_column_div av-zero-column-padding first  avia-builder-el-0  el_before_av_one_full  avia-builder-el-first  \" style='border-radius:0px; '><div  class='avia-image-container  av-styling-    avia-builder-el-1  avia-builder-el-no-sibling  avia-align-center '  itemprop=\"image\" itemscope=\"itemscope\" itemtype=\"https:\/\/schema.org\/ImageObject\"  ><div class='avia-image-container-inner'><div class='avia-image-overlay-wrap'><img decoding=\"async\" class='wp-image-43293 avia-img-lazy-loading-not-43293 avia_image' src=\"https:\/\/radiorevelacionfm.cl\/wp-content\/uploads\/2024\/06\/SENADORA-FOTO-1-5-1-1.jpeg\" alt='' title='SENADORA FOTO #1 (5) (1) (1)' height=\"600\" width=\"900\"  itemprop=\"thumbnailUrl\" srcset=\"https:\/\/radiorevelacionfm.cl\/wp-content\/uploads\/2024\/06\/SENADORA-FOTO-1-5-1-1.jpeg 900w, https:\/\/radiorevelacionfm.cl\/wp-content\/uploads\/2024\/06\/SENADORA-FOTO-1-5-1-1-300x200.jpeg 300w, https:\/\/radiorevelacionfm.cl\/wp-content\/uploads\/2024\/06\/SENADORA-FOTO-1-5-1-1-768x512.jpeg 768w, https:\/\/radiorevelacionfm.cl\/wp-content\/uploads\/2024\/06\/SENADORA-FOTO-1-5-1-1-705x470.jpeg 705w, https:\/\/radiorevelacionfm.cl\/wp-content\/uploads\/2024\/06\/SENADORA-FOTO-1-5-1-1-450x300.jpeg 450w, https:\/\/radiorevelacionfm.cl\/wp-content\/uploads\/2024\/06\/SENADORA-FOTO-1-5-1-1-600x400.jpeg 600w\" sizes=\"(max-width: 900px) 100vw, 900px\" \/><\/div><\/div><\/div><\/div><div class=\"flex_column av_one_full  flex_column_div av-zero-column-padding first  avia-builder-el-2  el_after_av_one_full  el_before_av_one_full  column-top-margin\" style='border-radius:0px; '><section class=\"av_textblock_section \"  itemscope=\"itemscope\" itemtype=\"https:\/\/schema.org\/BlogPosting\" itemprop=\"blogPost\" ><div class='avia_textblock  '   itemprop=\"text\" ><p style=\"text-align: center;\"><strong><span style=\"font-size: 18pt;\">\u201cTodo pa\u00eds requiere un proyecto definido, con medidas claras, que sean producto de un consenso y una visi\u00f3n compartida\u201d: Senadora \u00d3rdenes integr\u00f3 proyecta Chile 2050<\/span><\/strong><\/p>\n<div id=\"gtx-trans\" style=\"position: absolute; left: -50px; top: 4.31534px;\">\n<div class=\"gtx-trans-icon\"><\/div>\n<\/div>\n<\/div><\/section><\/div><div class=\"flex_column av_one_full  flex_column_div av-zero-column-padding first  avia-builder-el-4  el_after_av_one_full  el_before_av_hr  column-top-margin\" style='border-radius:0px; '><section class=\"av_textblock_section \"  itemscope=\"itemscope\" itemtype=\"https:\/\/schema.org\/BlogPosting\" itemprop=\"blogPost\" ><div class='avia_textblock  '   itemprop=\"text\" ><p style=\"text-align: justify;\">En la b\u00fasqueda de una visi\u00f3n m\u00e1s amplia y de largo plazo, que proyecte a Chile para los pr\u00f3ximos 50 a\u00f1os, surge en el seno del Congreso Futuro la iniciativa Proyecta Chile 2050, que re\u00fane al mundo acad\u00e9mico con distintos actores, tanto del sector privado, como del p\u00fablico. La senadora por la regi\u00f3n de Ays\u00e9n, Ximena \u00d3rdenes Neira, quien ha sido la principal impulsora del Congreso Futuro en la regi\u00f3n y que se ha mostrado interesada, tanto en diversas \u00e1reas en las telecomunicaciones y el avance de la digitalizaci\u00f3n, como en \u00e1mbitos relacionados a las ciencias y las tecnolog\u00edas, es uno de los dos representantes del Senado en este proyecto.<\/p>\n<p style=\"text-align: justify;\">La parlamentaria reflej\u00f3 su inter\u00e9s en los temas abordados en esta primera instancia y asegur\u00f3 que \u201cChile es un pa\u00eds peque\u00f1o, pero que presenta problemas complejos, que tienen que ser abordados de manera transversal, por eso, el trabajo que realizaremos en Proyecta Chile 2050 a m\u00ed me parece que es tan importante, a trav\u00e9s de la convocatoria a participar que se hace desde las universidades chilenas al sector p\u00fablico, privado y a distintos entes y actores para pensar el pa\u00eds al 2050\u201d.<\/p>\n<p style=\"text-align: justify;\">\u201cTodo pa\u00eds requiere un proyecto, un proyecto definido, con medidas claras, que sean producto de un consenso y una visi\u00f3n compartida, que nos permita enfrentar temas tan dif\u00edciles como es el cambio clim\u00e1tico o qu\u00e9 decisiones vamos a tomar respecto a la infraestructura del futuro, una infraestructura que responda a las necesidades y a los servicios de conectividad, pero que tambi\u00e9n sea resiliente\u201d, destac\u00f3 la parlamentaria al t\u00e9rmino de esta primera cita, donde se dio cuenta por parte de distintos actores, como el exsenador Guido Guiraldi -impulsor de esta instancia-, de las falencias en la educaci\u00f3n en Chile de cara al futuro y de los objetivos que deber\u00eda encarar Proyecta Chile 2050.<\/p>\n<p style=\"text-align: justify;\">\u201cCu\u00e1l va a ser la forma en la que como pa\u00eds vamos a entender las nuevas tecnolog\u00edas y a abordar los temas y los desaf\u00edos propios de la era, como es la inteligencia artificial. En definitiva, cu\u00e1l es el camino por recorrer y d\u00f3nde van a estar nuestros focos, para que, como pa\u00eds peque\u00f1o, tengamos una ruta clara, que integre a todos y a todas\u201d, concluy\u00f3 la senadora por Ays\u00e9n y representante del senado en esta instancia.<\/p>\n<p style=\"text-align: justify;\">Proyecta Chile 2050, que ya inici\u00f3 formalmente su trabajo convocando al mundo acad\u00e9mico, como instituciones de educaci\u00f3n superior, la Academia de Ciencias y Congreso Futuro, no solo busca propiciar un debate a largo plazo para estudiar las oportunidades de Chile, sino que tambi\u00e9n para generar una \u201ccarta de navegaci\u00f3n\u201d de cara los pr\u00f3ximos 50 a\u00f1os.<\/p>\n<\/div><\/section><\/div><div  style='height:50px' class='hr hr-invisible   avia-builder-el-6  el_after_av_one_full  el_before_av_social_share '><span class='hr-inner ' ><span class='hr-inner-style'><\/span><\/span><\/div><\/p>\n<div  class='av-social-sharing-box  avia-builder-el-7  el_after_av_hr  el_before_av_hr  '><div class='av-share-box'><h5 class='av-share-link-description av-no-toc '>Compartir esta noticia<\/h5><ul class='av-share-box-list noLightbox'><li class='av-share-link av-social-link-facebook' ><a target=\"_blank\" aria-label=\"Compartir en Facebook\" href='https:\/\/www.facebook.com\/sharer.php?u=https:\/\/radiorevelacionfm.cl\/?p=43292&#038;t=%E2%80%9CTodo%20pa%C3%ADs%20requiere%20un%20proyecto%20definido%2C%20con%20medidas%20claras%2C%20que%20sean%20producto%20de%20un%20consenso%20y%20una%20visi%C3%B3n%20compartida%E2%80%9D%3A%20Senadora%20%C3%93rdenes%20integr%C3%B3%20proyecta%20Chile%202050' aria-hidden='false' data-av_icon='\ue8f3' data-av_iconfont='entypo-fontello' title='' data-avia-related-tooltip='Compartir en Facebook' rel=\"noopener\"><span class='avia_hidden_link_text'>Compartir en Facebook<\/span><\/a><\/li><li class='av-share-link av-social-link-twitter' ><a target=\"_blank\" aria-label=\"Compartir en Twitter\" href='https:\/\/twitter.com\/share?text=%E2%80%9CTodo%20pa%C3%ADs%20requiere%20un%20proyecto%20definido%2C%20con%20medidas%20claras%2C%20que%20sean%20producto%20de%20un%20consenso%20y%20una%20visi%C3%B3n%20compartida%E2%80%9D%3A%20Senadora%20%C3%93rdenes%20integr%C3%B3%20proyecta%20Chile%202050&#038;url=https:\/\/radiorevelacionfm.cl\/?p=43292' aria-hidden='false' data-av_icon='\ue8f1' data-av_iconfont='entypo-fontello' title='' data-avia-related-tooltip='Compartir en Twitter' rel=\"noopener\"><span class='avia_hidden_link_text'>Compartir en Twitter<\/span><\/a><\/li><li class='av-share-link av-social-link-whatsapp' ><a target=\"_blank\" aria-label=\"Compartir en Whatsapp\" href='https:\/\/api.whatsapp.com\/send?text=https:\/\/radiorevelacionfm.cl\/?p=43292' aria-hidden='false' data-av_icon='\uf232' data-av_iconfont='entypo-fontello' title='' data-avia-related-tooltip='Compartir en Whatsapp' rel=\"noopener\"><span class='avia_hidden_link_text'>Compartir en Whatsapp<\/span><\/a><\/li><li class='av-share-link av-social-link-linkedin' ><a target=\"_blank\" aria-label=\"Compartir en LinkedIn\" href='https:\/\/linkedin.com\/shareArticle?mini=true&#038;title=%E2%80%9CTodo%20pa%C3%ADs%20requiere%20un%20proyecto%20definido%2C%20con%20medidas%20claras%2C%20que%20sean%20producto%20de%20un%20consenso%20y%20una%20visi%C3%B3n%20compartida%E2%80%9D%3A%20Senadora%20%C3%93rdenes%20integr%C3%B3%20proyecta%20Chile%202050&#038;url=https:\/\/radiorevelacionfm.cl\/?p=43292' aria-hidden='false' data-av_icon='\ue8fc' data-av_iconfont='entypo-fontello' title='' data-avia-related-tooltip='Compartir en LinkedIn' rel=\"noopener\"><span class='avia_hidden_link_text'>Compartir en LinkedIn<\/span><\/a><\/li><li class='av-share-link av-social-link-mail' ><a  aria-label=\"Compartir por correo\" href='mailto:?subject=%E2%80%9CTodo%20pa%C3%ADs%20requiere%20un%20proyecto%20definido%2C%20con%20medidas%20claras%2C%20que%20sean%20producto%20de%20un%20consenso%20y%20una%20visi%C3%B3n%20compartida%E2%80%9D%3A%20Senadora%20%C3%93rdenes%20integr%C3%B3%20proyecta%20Chile%202050&#038;body=https:\/\/radiorevelacionfm.cl\/?p=43292' aria-hidden='false' data-av_icon='\ue805' data-av_iconfont='entypo-fontello' title='' data-avia-related-tooltip='Compartir por correo'><span class='avia_hidden_link_text'>Compartir por correo<\/span><\/a><\/li><\/ul><\/div><\/div>\n<div  style='height:50px' class='hr hr-invisible   avia-builder-el-8  el_after_av_social_share  el_before_av_comments_list '><span class='hr-inner ' ><span class='hr-inner-style'><\/span><\/span><\/div>\n<div  class='av-buildercomment  av-blog-meta-html-info-disabled av-blog-meta-tag-disabled  '><\/div>\n","protected":false},"excerpt":{"rendered":"","protected":false},"author":1,"featured_media":43293,"comment_status":"open","ping_status":"open","sticky":false,"template":"","format":"standard","meta":{"footnotes":""},"categories":[35],"tags":[],"class_list":["post-43292","post","type-post","status-publish","format-standard","has-post-thumbnail","hentry","category-politica"],"jetpack_featured_media_url":"https:\/\/radiorevelacionfm.cl\/wp-content\/uploads\/2024\/06\/SENADORA-FOTO-1-5-1-1.jpeg","_links":{"self":[{"href":"https:\/\/radiorevelacionfm.cl\/index.php?rest_route=\/wp\/v2\/posts\/43292","targetHints":{"allow":["GET"]}}],"collection":[{"href":"https:\/\/radiorevelacionfm.cl\/index.php?rest_route=\/wp\/v2\/posts"}],"about":[{"href":"https:\/\/radiorevelacionfm.cl\/index.php?rest_route=\/wp\/v2\/types\/post"}],"author":[{"embeddable":true,"href":"https:\/\/radiorevelacionfm.cl\/index.php?rest_route=\/wp\/v2\/users\/1"}],"replies":[{"embeddable":true,"href":"https:\/\/radiorevelacionfm.cl\/index.php?rest_route=%2Fwp%2Fv2%2Fcomments&post=43292"}],"version-history":[{"count":1,"href":"https:\/\/radiorevelacionfm.cl\/index.php?rest_route=\/wp\/v2\/posts\/43292\/revisions"}],"predecessor-version":[{"id":43294,"href":"https:\/\/radiorevelacionfm.cl\/index.php?rest_route=\/wp\/v2\/posts\/43292\/revisions\/43294"}],"wp:featuredmedia":[{"embeddable":true,"href":"https:\/\/radiorevelacionfm.cl\/index.php?rest_route=\/wp\/v2\/media\/43293"}],"wp:attachment":[{"href":"https:\/\/radiorevelacionfm.cl\/index.php?rest_route=%2Fwp%2Fv2%2Fmedia&parent=43292"}],"wp:term":[{"taxonomy":"category","embeddable":true,"href":"https:\/\/radiorevelacionfm.cl\/index.php?rest_route=%2Fwp%2Fv2%2Fcategories&post=43292"},{"taxonomy":"post_tag","embeddable":true,"href":"https:\/\/radiorevelacionfm.cl\/index.php?rest_route=%2Fwp%2Fv2%2Ftags&post=43292"}],"curies":[{"name":"wp","href":"https:\/\/api.w.org\/{rel}","templated":true}]}}