{"id":4329,"date":"2021-05-19T21:30:47","date_gmt":"2021-05-20T00:30:47","guid":{"rendered":"https:\/\/radiorevelacionfm.cl\/?p=4329"},"modified":"2021-05-19T21:40:31","modified_gmt":"2021-05-20T00:40:31","slug":"carabineros-de-puerto-cisnes-evito-tragedia-al-rescatar-con-vida-a-menor-desde-rio-san-luis","status":"publish","type":"post","link":"https:\/\/radiorevelacionfm.cl\/?p=4329","title":{"rendered":"Carabineros de Puerto Cisnes evit\u00f3 tragedia al rescatar con vida a menor desde r\u00edo San Luis"},"content":{"rendered":"<div class=\"flex_column av_one_full  flex_column_div av-zero-column-padding first  avia-builder-el-0  el_before_av_one_full  avia-builder-el-first  \" style='border-radius:0px; '><div  class='avia-image-container  av-styling-    avia-builder-el-1  avia-builder-el-no-sibling  avia-align-center '  itemprop=\"image\" itemscope=\"itemscope\" itemtype=\"https:\/\/schema.org\/ImageObject\"  ><div class='avia-image-container-inner'><div class='avia-image-overlay-wrap'><img decoding=\"async\" class='wp-image-4330 avia-img-lazy-loading-not-4330 avia_image' src=\"https:\/\/radiorevelacionfm.cl\/wp-content\/uploads\/2021\/05\/Subcom.-Puerto-Cisnes-1-1.jpg\" alt='' title='Subcom. Puerto Cisnes (1) (1)' height=\"600\" width=\"913\"  itemprop=\"thumbnailUrl\" srcset=\"https:\/\/radiorevelacionfm.cl\/wp-content\/uploads\/2021\/05\/Subcom.-Puerto-Cisnes-1-1.jpg 913w, https:\/\/radiorevelacionfm.cl\/wp-content\/uploads\/2021\/05\/Subcom.-Puerto-Cisnes-1-1-300x197.jpg 300w, https:\/\/radiorevelacionfm.cl\/wp-content\/uploads\/2021\/05\/Subcom.-Puerto-Cisnes-1-1-768x505.jpg 768w, https:\/\/radiorevelacionfm.cl\/wp-content\/uploads\/2021\/05\/Subcom.-Puerto-Cisnes-1-1-705x463.jpg 705w, https:\/\/radiorevelacionfm.cl\/wp-content\/uploads\/2021\/05\/Subcom.-Puerto-Cisnes-1-1-600x394.jpg 600w\" sizes=\"(max-width: 913px) 100vw, 913px\" \/><\/div><\/div><\/div><\/div>\n<div class=\"flex_column av_one_full  flex_column_div av-zero-column-padding first  avia-builder-el-2  el_after_av_one_full  el_before_av_one_full  column-top-margin\" style='border-radius:0px; '><section class=\"av_textblock_section \"  itemscope=\"itemscope\" itemtype=\"https:\/\/schema.org\/BlogPosting\" itemprop=\"blogPost\" ><div class='avia_textblock  '   itemprop=\"text\" ><p style=\"text-align: center;\"><strong><span style=\"font-size: 18pt;\">Carabineros de Puerto Cisnes evit\u00f3 tragedia al rescatar con vida a menor desde r\u00edo San Luis<\/span><\/strong><\/p>\n<div id=\"gtx-trans\" style=\"position: absolute; left: -50px; top: 4.31534px;\">\n<div class=\"gtx-trans-icon\"><\/div>\n<\/div>\n<\/div><\/section><\/div>\n<div class=\"flex_column av_one_full  flex_column_div av-zero-column-padding first  avia-builder-el-4  el_after_av_one_full  el_before_av_hr  column-top-margin\" style='border-radius:0px; '><section class=\"av_textblock_section \"  itemscope=\"itemscope\" itemtype=\"https:\/\/schema.org\/BlogPosting\" itemprop=\"blogPost\" ><div class='avia_textblock  '   itemprop=\"text\" ><p style=\"text-align: justify;\">Oportuno llamado al 133 fue clave para una respuesta oportuna y evitar un desenlace fatal.<\/p>\n<p class=\"v1MsoNormal\" style=\"text-align: justify;\">Una valerosa acci\u00f3n protagonizada por personal de Carabineros de la Subcomisar\u00eda de Carabineros de Puerto Cisnes, permiti\u00f3 rescatar y salvar con vida a un menor de 14 a\u00f1os de edad, desde las aguas del r\u00edo San Luis, ubicado en esta ciudad del litoral de la regi\u00f3n de Ays\u00e9n.<\/p>\n<p class=\"v1MsoNormal\" style=\"text-align: justify;\">En circunstancias en que el Sargento 1ro. Manuel Riquelme Mu\u00f1oz junto al Cabo 2do. Osvaldo Opazo Tapia y el tambi\u00e9n Cabo 2do. Rafael Navarro Santib\u00e1\u00f1ez a bordo del carro Z-7228 realizaban un patrullaje preventivo por diversos puntos de la ciudad, momento en que un oportuno llamado al nivel de emergencias 133 alert\u00f3 al personal sobre la presencia de un adolescente en el sector de la pasarela Rivera San Luis ubicado a un costado de la plaza de la comuna, el cual por causas que se desconocen se encontrar\u00eda inm\u00f3vil y parcialmente sumergido a un costado del r\u00edo.<\/p>\n<p class=\"v1MsoNormal\" style=\"text-align: justify;\">El Teniente Jaime Esparza, Subcomisario de los Servicios de la Segunda Comisar\u00eda de Puerto Ays\u00e9n \u2013Unidad de la cual depende dicha Subcomisar\u00eda- indic\u00f3 que frente a lo anterior, el personal del primer patrullaje se traslad\u00f3 en forma inmediata, tardando 1 minuto en llegar al lugar, constatando la veracidad del hecho, ante lo cual tres carabineros no dudaron en ingresar con su uniforme a las fr\u00edas aguas.<\/p>\n<p class=\"v1MsoNormal\" style=\"text-align: justify;\">\u00abConsecuente con lo anterior, el personal se lanz\u00f3 al r\u00edo, logrando sacar al menor, evitando con esto una eventual desgracia. En el lugar se constituy\u00f3 personal Samu, quienes lo trasladaron al hospital de Puerto Cisnes, con el objetivo de prestarle el auxilio, toda vez que presentaba principio de hipotermia\u00bb, expres\u00f3 el Teniente Esparza.<\/p>\n<p class=\"v1MsoNormal\" style=\"text-align: justify;\">Por su parte el Sargento 1ro. Manuel Riquelme Mu\u00f1oz, record\u00f3 que la oportuna respuesta fue fundamental para salvarle la vida, toda vez que se trata de un r\u00edo de origen cordillerano y producto de deshielo, el cual a unos 200 metros de este sector registra su desembocadura en el mar.<\/p>\n<p class=\"v1MsoNormal\" style=\"text-align: justify;\">\u00abHac\u00eda mucho fr\u00edo y el grado de hipotermia era evidente, por eso lo tuvimos que sacar muy r\u00e1pidamente (&#8230;). Al ver esa situaci\u00f3n con mi personal nos lanzamos al r\u00edo y lo sacamos desde las aguas, estaba con vida, lo sacamos y lo ingresamos a la ambulancia que estaba en la Plaza de Armas y lo trasladamos al servicio de urgencia, donde fue atendido por el m\u00e9dico de turno\u00bb.<\/p>\n<p class=\"v1MsoNormal\" style=\"text-align: justify;\">Acto seguido, el personal logr\u00f3 ubicar el domicilio y dar con la madre del menor, quien se traslad\u00f3 al hospital donde se entrevist\u00f3 con el m\u00e9dico, en tanto que el adolescente tras ser estabilizado, fue dado de alta y trasladado a su domicilio.<\/p>\n<\/div><\/section><\/div><div  style='height:50px' class='hr hr-invisible   avia-builder-el-6  el_after_av_one_full  el_before_av_social_share '><span class='hr-inner ' ><span class='hr-inner-style'><\/span><\/span><\/div><\/p>\n<div  class='av-social-sharing-box  avia-builder-el-7  el_after_av_hr  el_before_av_hr  '><div class='av-share-box'><h5 class='av-share-link-description av-no-toc '>Compartir esta noticia<\/h5><ul class='av-share-box-list noLightbox'><li class='av-share-link av-social-link-facebook' ><a target=\"_blank\" aria-label=\"Compartir en Facebook\" href='https:\/\/www.facebook.com\/sharer.php?u=https:\/\/radiorevelacionfm.cl\/?p=4329&#038;t=Carabineros%20de%20Puerto%20Cisnes%20evit%C3%B3%20tragedia%20al%20rescatar%20con%20vida%20a%20menor%20desde%20r%C3%ADo%20San%20Luis' aria-hidden='false' data-av_icon='\ue8f3' data-av_iconfont='entypo-fontello' title='' data-avia-related-tooltip='Compartir en Facebook' rel=\"noopener\"><span class='avia_hidden_link_text'>Compartir en Facebook<\/span><\/a><\/li><li class='av-share-link av-social-link-twitter' ><a target=\"_blank\" aria-label=\"Compartir en Twitter\" href='https:\/\/twitter.com\/share?text=Carabineros%20de%20Puerto%20Cisnes%20evit%C3%B3%20tragedia%20al%20rescatar%20con%20vida%20a%20menor%20desde%20r%C3%ADo%20San%20Luis&#038;url=https:\/\/radiorevelacionfm.cl\/?p=4329' aria-hidden='false' data-av_icon='\ue8f1' data-av_iconfont='entypo-fontello' title='' data-avia-related-tooltip='Compartir en Twitter' rel=\"noopener\"><span class='avia_hidden_link_text'>Compartir en Twitter<\/span><\/a><\/li><li class='av-share-link av-social-link-whatsapp' ><a target=\"_blank\" aria-label=\"Compartir en Whatsapp\" href='https:\/\/api.whatsapp.com\/send?text=https:\/\/radiorevelacionfm.cl\/?p=4329' aria-hidden='false' data-av_icon='\uf232' data-av_iconfont='entypo-fontello' title='' data-avia-related-tooltip='Compartir en Whatsapp' rel=\"noopener\"><span class='avia_hidden_link_text'>Compartir en Whatsapp<\/span><\/a><\/li><li class='av-share-link av-social-link-linkedin' ><a target=\"_blank\" aria-label=\"Compartir en LinkedIn\" href='https:\/\/linkedin.com\/shareArticle?mini=true&#038;title=Carabineros%20de%20Puerto%20Cisnes%20evit%C3%B3%20tragedia%20al%20rescatar%20con%20vida%20a%20menor%20desde%20r%C3%ADo%20San%20Luis&#038;url=https:\/\/radiorevelacionfm.cl\/?p=4329' aria-hidden='false' data-av_icon='\ue8fc' data-av_iconfont='entypo-fontello' title='' data-avia-related-tooltip='Compartir en LinkedIn' rel=\"noopener\"><span class='avia_hidden_link_text'>Compartir en LinkedIn<\/span><\/a><\/li><li class='av-share-link av-social-link-mail' ><a  aria-label=\"Compartir por correo\" href='mailto:?subject=Carabineros%20de%20Puerto%20Cisnes%20evit%C3%B3%20tragedia%20al%20rescatar%20con%20vida%20a%20menor%20desde%20r%C3%ADo%20San%20Luis&#038;body=https:\/\/radiorevelacionfm.cl\/?p=4329' aria-hidden='false' data-av_icon='\ue805' data-av_iconfont='entypo-fontello' title='' data-avia-related-tooltip='Compartir por correo'><span class='avia_hidden_link_text'>Compartir por correo<\/span><\/a><\/li><\/ul><\/div><\/div>\n<div  style='height:50px' class='hr hr-invisible   avia-builder-el-8  el_after_av_social_share  el_before_av_comments_list '><span class='hr-inner ' ><span class='hr-inner-style'><\/span><\/span><\/div>\n<div  class='av-buildercomment  av-blog-meta-html-info-disabled av-blog-meta-tag-disabled  '><\/div>\n","protected":false},"excerpt":{"rendered":"","protected":false},"author":1,"featured_media":4330,"comment_status":"open","ping_status":"open","sticky":false,"template":"","format":"standard","meta":{"footnotes":""},"categories":[36],"tags":[],"class_list":["post-4329","post","type-post","status-publish","format-standard","has-post-thumbnail","hentry","category-policial"],"jetpack_featured_media_url":"https:\/\/radiorevelacionfm.cl\/wp-content\/uploads\/2021\/05\/Subcom.-Puerto-Cisnes-1-1.jpg","_links":{"self":[{"href":"https:\/\/radiorevelacionfm.cl\/index.php?rest_route=\/wp\/v2\/posts\/4329","targetHints":{"allow":["GET"]}}],"collection":[{"href":"https:\/\/radiorevelacionfm.cl\/index.php?rest_route=\/wp\/v2\/posts"}],"about":[{"href":"https:\/\/radiorevelacionfm.cl\/index.php?rest_route=\/wp\/v2\/types\/post"}],"author":[{"embeddable":true,"href":"https:\/\/radiorevelacionfm.cl\/index.php?rest_route=\/wp\/v2\/users\/1"}],"replies":[{"embeddable":true,"href":"https:\/\/radiorevelacionfm.cl\/index.php?rest_route=%2Fwp%2Fv2%2Fcomments&post=4329"}],"version-history":[{"count":2,"href":"https:\/\/radiorevelacionfm.cl\/index.php?rest_route=\/wp\/v2\/posts\/4329\/revisions"}],"predecessor-version":[{"id":4333,"href":"https:\/\/radiorevelacionfm.cl\/index.php?rest_route=\/wp\/v2\/posts\/4329\/revisions\/4333"}],"wp:featuredmedia":[{"embeddable":true,"href":"https:\/\/radiorevelacionfm.cl\/index.php?rest_route=\/wp\/v2\/media\/4330"}],"wp:attachment":[{"href":"https:\/\/radiorevelacionfm.cl\/index.php?rest_route=%2Fwp%2Fv2%2Fmedia&parent=4329"}],"wp:term":[{"taxonomy":"category","embeddable":true,"href":"https:\/\/radiorevelacionfm.cl\/index.php?rest_route=%2Fwp%2Fv2%2Fcategories&post=4329"},{"taxonomy":"post_tag","embeddable":true,"href":"https:\/\/radiorevelacionfm.cl\/index.php?rest_route=%2Fwp%2Fv2%2Ftags&post=4329"}],"curies":[{"name":"wp","href":"https:\/\/api.w.org\/{rel}","templated":true}]}}