{"id":43275,"date":"2024-06-17T15:52:36","date_gmt":"2024-06-17T18:52:36","guid":{"rendered":"https:\/\/radiorevelacionfm.cl\/?p=43275"},"modified":"2024-06-17T15:53:11","modified_gmt":"2024-06-17T18:53:11","slug":"corte-de-coyhaique-rechaza-recurso-de-proteccion-de-alcalde-de-guaitecas-por-falta-de-combustible-para-generacion-electrica","status":"publish","type":"post","link":"https:\/\/radiorevelacionfm.cl\/?p=43275","title":{"rendered":"Corte rechaza recurso de protecci\u00f3n de alcalde de Guaitecas por falta de combustible para generaci\u00f3n el\u00e9ctrica"},"content":{"rendered":"<div class=\"flex_column av_one_full  flex_column_div av-zero-column-padding first  avia-builder-el-0  el_before_av_one_full  avia-builder-el-first  \" style='border-radius:0px; '><div  class='avia-image-container  av-styling-    avia-builder-el-1  avia-builder-el-no-sibling  avia-align-center '  itemprop=\"image\" itemscope=\"itemscope\" itemtype=\"https:\/\/schema.org\/ImageObject\"  ><div class='avia-image-container-inner'><div class='avia-image-overlay-wrap'><img decoding=\"async\" class='wp-image-31514 avia-img-lazy-loading-not-31514 avia_image' src=\"https:\/\/radiorevelacionfm.cl\/wp-content\/uploads\/2023\/05\/PLANTA-MELINKA-1-1.jpg\" alt='' title='PLANTA MELINKA (1) (1)' height=\"600\" width=\"800\"  itemprop=\"thumbnailUrl\" srcset=\"https:\/\/radiorevelacionfm.cl\/wp-content\/uploads\/2023\/05\/PLANTA-MELINKA-1-1.jpg 800w, https:\/\/radiorevelacionfm.cl\/wp-content\/uploads\/2023\/05\/PLANTA-MELINKA-1-1-300x225.jpg 300w, https:\/\/radiorevelacionfm.cl\/wp-content\/uploads\/2023\/05\/PLANTA-MELINKA-1-1-768x576.jpg 768w, https:\/\/radiorevelacionfm.cl\/wp-content\/uploads\/2023\/05\/PLANTA-MELINKA-1-1-705x529.jpg 705w, https:\/\/radiorevelacionfm.cl\/wp-content\/uploads\/2023\/05\/PLANTA-MELINKA-1-1-450x338.jpg 450w, https:\/\/radiorevelacionfm.cl\/wp-content\/uploads\/2023\/05\/PLANTA-MELINKA-1-1-600x450.jpg 600w\" sizes=\"(max-width: 800px) 100vw, 800px\" \/><\/div><\/div><\/div><\/div>\n<div class=\"flex_column av_one_full  flex_column_div av-zero-column-padding first  avia-builder-el-2  el_after_av_one_full  el_before_av_one_full  column-top-margin\" style='border-radius:0px; '><section class=\"av_textblock_section \"  itemscope=\"itemscope\" itemtype=\"https:\/\/schema.org\/BlogPosting\" itemprop=\"blogPost\" ><div class='avia_textblock  '   itemprop=\"text\" ><p style=\"text-align: center;\"><span style=\"font-size: 18pt;\"><b>Corte rechaza recurso de protecci\u00f3n de alcalde de Guaitecas por falta de combustible para generaci\u00f3n el\u00e9ctrica<\/b><\/span><\/p>\n<div id=\"gtx-trans\" style=\"position: absolute; left: -50px; top: 4.31534px;\">\n<div class=\"gtx-trans-icon\"><\/div>\n<\/div>\n<\/div><\/section><\/div><div class=\"flex_column av_one_full  flex_column_div av-zero-column-padding first  avia-builder-el-4  el_after_av_one_full  el_before_av_hr  column-top-margin\" style='border-radius:0px; '><section class=\"av_textblock_section \"  itemscope=\"itemscope\" itemtype=\"https:\/\/schema.org\/BlogPosting\" itemprop=\"blogPost\" ><div class='avia_textblock  '   itemprop=\"text\" ><p class=\"v1MsoNormal\" style=\"text-align: justify;\">La\u00a0Corte\u00a0de Apelaciones de Coyhaique rechaz\u00f3 el\u00a0recurso\u00a0de\u00a0protecci\u00f3n\u00a0interpuesto por el alcalde de Guaitecas en contra de la Delegaci\u00f3n Regional Presidencial de Ays\u00e9n y la Delegaci\u00f3n Provincial de Ays\u00e9n, por la supuesta omisi\u00f3n en que habr\u00edan incurrido frente a la crisis energ\u00e9tica que enfrenta la comuna.<\/p>\n<p class=\"v1MsoNormal\" style=\"text-align: justify;\">En fallo un\u00e1nime (causa rol 97-2024), la Primera Sala del tribunal de alzada \u2013integrada por los ministros Luis Aedo Mora, Pedro Castro Espinoza y Natalia Rencoret Oliva\u2013\u00a0desestim\u00f3 la acci\u00f3n constitucional, al haberse alcanzado un trato directo para la adquisici\u00f3n del combustible que se requiere para proveer de electricidad a la comuna.<\/p>\n<p class=\"v1MsoNormal\" style=\"text-align: justify;\">\u00ab(&#8230;)\u00a0la recurrente ha hecho consistir el acto arbitrario o ilegal, en s\u00edntesis, en que, atendida la crisis de energ\u00eda que atraviesa la comuna de Guaitecas, la Delegaci\u00f3n Presidencial Regional de Ays\u00e9n y la Delegaci\u00f3n Provincial de Ays\u00e9n no han dado respuesta o gestionado recursos para cubrir el suministro de combustible correspondiente al presente a\u00f1o y as\u00ed dar continuidad a la generaci\u00f3n de electricidad, pese a las reuniones sostenidas y oficios remitidos, omisi\u00f3n que vulnera las garant\u00edas de los habitantes de Guaitecas de su derecho a la vida e integridad f\u00edsica y ps\u00edquica, igualdad ante la ley y derecho de propiedad, contenidos en el art\u00edculo 19 N\u00b0 1, 2 y 24 de la Constituci\u00f3n Pol\u00edtica de la Rep\u00fablica\u00bb,\u00a0sostiene el fallo.<\/p>\n<p class=\"v1MsoNormal\" style=\"text-align: justify;\">La resoluci\u00f3n agrega: \u00abQue, si bien la recurrida refiere que los oficios a los que supuestamente no se les dio respuesta, son del 27 de noviembre y 1 de diciembre de 2023, y el recurso fue presentado el d\u00eda 17 de abril de 2024, pudiendo concluirse que, ha transcurrido en exceso el plazo de 30 d\u00edas corridos, cabe tener a la vista que la acci\u00f3n u omisi\u00f3n reclamada tendr\u00eda efectos permanentes pues la problem\u00e1tica del suministro de energ\u00eda el\u00e9ctrica para la comuna de Guaitecas contin\u00faa vigente; lo que lleva a rechazar la alegaci\u00f3n de extemporaneidad formulada por la parte recurrida\u00bb.<\/p>\n<p class=\"v1MsoNormal\" style=\"text-align: justify;\">\u00ab(&#8230;) teniendo a la vista lo solicitado por la recurrente, que dice relaci\u00f3n con la inyecci\u00f3n de recursos para gestionar combustible y as\u00ed abastecer de energ\u00eda el\u00e9ctrica a la poblaci\u00f3n, y lo expuesto y documentaci\u00f3n acompa\u00f1ada por la recurrida, de la que se desprenden la concreci\u00f3n de diligencias destinadas a contratar mediante trato directo para la adquisici\u00f3n de combustible, que ha de ser entregado a la Empresa El\u00e9ctrica Municipal, el cual consiste en Petr\u00f3leo Di\u00e9sel Granel por una suma de $93.269.000, habi\u00e9ndose realizado una primera entrega el 04 de mayo de 2024, seg\u00fan gu\u00eda de despacho N\u00b013648, no existen medidas que arbitrar a fin de satisfacer el requerimiento que ha motivado el presente recurso; por lo que deber\u00e1 desestimarse el mismo, como se dir\u00e1\u00bb.<\/p>\n<p class=\"v1MsoNormal\" style=\"text-align: justify;\">Por tanto, se resuelve:<\/p>\n<p class=\"v1MsoNormal\" style=\"text-align: justify;\">\u00abI.- Que,\u00a0<b>SE DECLARA SIN LUGAR<\/b>, la solicitud de falta de legitimaci\u00f3n activa y extemporaneidad del presente recurso solicitada por la recurrida;<\/p>\n<p class=\"v1MsoNormal\" style=\"text-align: justify;\">II.- Que, <b>SE RECHAZA<\/b>, sin costas, el recurso de protecci\u00f3n presentado por Marcos Rafael Silva Miranda, en representaci\u00f3n de la Municipalidad de Guaitecas en su calidad de alcalde, en favor de los habitantes de Guaitecas y de s\u00ed mismo, en contra de la Delegaci\u00f3n Presidencial Regional de Ays\u00e9n, representada legalmente por Rodrigo Araya Morales, y de la Delegaci\u00f3n Presidencial Provincial de Ays\u00e9n, representada por Jorge D\u00edaz Guzm\u00e1n\u00bb.<\/p>\n<\/div><\/section><\/div><\/p>\n<div  style='height:50px' class='hr hr-invisible   avia-builder-el-6  el_after_av_one_full  el_before_av_social_share '><span class='hr-inner ' ><span class='hr-inner-style'><\/span><\/span><\/div>\n<div  class='av-social-sharing-box  avia-builder-el-7  el_after_av_hr  el_before_av_hr  '><div class='av-share-box'><h5 class='av-share-link-description av-no-toc '>Compartir esta noticia<\/h5><ul class='av-share-box-list noLightbox'><li class='av-share-link av-social-link-facebook' ><a target=\"_blank\" aria-label=\"Compartir en Facebook\" href='https:\/\/www.facebook.com\/sharer.php?u=https:\/\/radiorevelacionfm.cl\/?p=43275&#038;t=Corte%20rechaza%20recurso%20de%20protecci%C3%B3n%20de%20alcalde%20de%20Guaitecas%20por%20falta%20de%20combustible%20para%20generaci%C3%B3n%20el%C3%A9ctrica' aria-hidden='false' data-av_icon='\ue8f3' data-av_iconfont='entypo-fontello' title='' data-avia-related-tooltip='Compartir en Facebook' rel=\"noopener\"><span class='avia_hidden_link_text'>Compartir en Facebook<\/span><\/a><\/li><li class='av-share-link av-social-link-twitter' ><a target=\"_blank\" aria-label=\"Compartir en Twitter\" href='https:\/\/twitter.com\/share?text=Corte%20rechaza%20recurso%20de%20protecci%C3%B3n%20de%20alcalde%20de%20Guaitecas%20por%20falta%20de%20combustible%20para%20generaci%C3%B3n%20el%C3%A9ctrica&#038;url=https:\/\/radiorevelacionfm.cl\/?p=43275' aria-hidden='false' data-av_icon='\ue8f1' data-av_iconfont='entypo-fontello' title='' data-avia-related-tooltip='Compartir en Twitter' rel=\"noopener\"><span class='avia_hidden_link_text'>Compartir en Twitter<\/span><\/a><\/li><li class='av-share-link av-social-link-whatsapp' ><a target=\"_blank\" aria-label=\"Compartir en Whatsapp\" href='https:\/\/api.whatsapp.com\/send?text=https:\/\/radiorevelacionfm.cl\/?p=43275' aria-hidden='false' data-av_icon='\uf232' data-av_iconfont='entypo-fontello' title='' data-avia-related-tooltip='Compartir en Whatsapp' rel=\"noopener\"><span class='avia_hidden_link_text'>Compartir en Whatsapp<\/span><\/a><\/li><li class='av-share-link av-social-link-linkedin' ><a target=\"_blank\" aria-label=\"Compartir en LinkedIn\" href='https:\/\/linkedin.com\/shareArticle?mini=true&#038;title=Corte%20rechaza%20recurso%20de%20protecci%C3%B3n%20de%20alcalde%20de%20Guaitecas%20por%20falta%20de%20combustible%20para%20generaci%C3%B3n%20el%C3%A9ctrica&#038;url=https:\/\/radiorevelacionfm.cl\/?p=43275' aria-hidden='false' data-av_icon='\ue8fc' data-av_iconfont='entypo-fontello' title='' data-avia-related-tooltip='Compartir en LinkedIn' rel=\"noopener\"><span class='avia_hidden_link_text'>Compartir en LinkedIn<\/span><\/a><\/li><li class='av-share-link av-social-link-mail' ><a  aria-label=\"Compartir por correo\" href='mailto:?subject=Corte%20rechaza%20recurso%20de%20protecci%C3%B3n%20de%20alcalde%20de%20Guaitecas%20por%20falta%20de%20combustible%20para%20generaci%C3%B3n%20el%C3%A9ctrica&#038;body=https:\/\/radiorevelacionfm.cl\/?p=43275' aria-hidden='false' data-av_icon='\ue805' data-av_iconfont='entypo-fontello' title='' data-avia-related-tooltip='Compartir por correo'><span class='avia_hidden_link_text'>Compartir por correo<\/span><\/a><\/li><\/ul><\/div><\/div>\n<div  style='height:50px' class='hr hr-invisible   avia-builder-el-8  el_after_av_social_share  el_before_av_comments_list '><span class='hr-inner ' ><span class='hr-inner-style'><\/span><\/span><\/div>\n<div  class='av-buildercomment  av-blog-meta-html-info-disabled av-blog-meta-tag-disabled  '><\/div>\n","protected":false},"excerpt":{"rendered":"","protected":false},"author":1,"featured_media":31514,"comment_status":"open","ping_status":"open","sticky":false,"template":"","format":"standard","meta":{"footnotes":""},"categories":[55],"tags":[],"class_list":["post-43275","post","type-post","status-publish","format-standard","has-post-thumbnail","hentry","category-justicia"],"jetpack_featured_media_url":"https:\/\/radiorevelacionfm.cl\/wp-content\/uploads\/2023\/05\/PLANTA-MELINKA-1-1.jpg","_links":{"self":[{"href":"https:\/\/radiorevelacionfm.cl\/index.php?rest_route=\/wp\/v2\/posts\/43275","targetHints":{"allow":["GET"]}}],"collection":[{"href":"https:\/\/radiorevelacionfm.cl\/index.php?rest_route=\/wp\/v2\/posts"}],"about":[{"href":"https:\/\/radiorevelacionfm.cl\/index.php?rest_route=\/wp\/v2\/types\/post"}],"author":[{"embeddable":true,"href":"https:\/\/radiorevelacionfm.cl\/index.php?rest_route=\/wp\/v2\/users\/1"}],"replies":[{"embeddable":true,"href":"https:\/\/radiorevelacionfm.cl\/index.php?rest_route=%2Fwp%2Fv2%2Fcomments&post=43275"}],"version-history":[{"count":2,"href":"https:\/\/radiorevelacionfm.cl\/index.php?rest_route=\/wp\/v2\/posts\/43275\/revisions"}],"predecessor-version":[{"id":43277,"href":"https:\/\/radiorevelacionfm.cl\/index.php?rest_route=\/wp\/v2\/posts\/43275\/revisions\/43277"}],"wp:featuredmedia":[{"embeddable":true,"href":"https:\/\/radiorevelacionfm.cl\/index.php?rest_route=\/wp\/v2\/media\/31514"}],"wp:attachment":[{"href":"https:\/\/radiorevelacionfm.cl\/index.php?rest_route=%2Fwp%2Fv2%2Fmedia&parent=43275"}],"wp:term":[{"taxonomy":"category","embeddable":true,"href":"https:\/\/radiorevelacionfm.cl\/index.php?rest_route=%2Fwp%2Fv2%2Fcategories&post=43275"},{"taxonomy":"post_tag","embeddable":true,"href":"https:\/\/radiorevelacionfm.cl\/index.php?rest_route=%2Fwp%2Fv2%2Ftags&post=43275"}],"curies":[{"name":"wp","href":"https:\/\/api.w.org\/{rel}","templated":true}]}}