{"id":43272,"date":"2024-06-17T16:32:24","date_gmt":"2024-06-17T19:32:24","guid":{"rendered":"https:\/\/radiorevelacionfm.cl\/?p=43272"},"modified":"2024-06-17T16:32:24","modified_gmt":"2024-06-17T19:32:24","slug":"traspaso-de-recursos-del-gobierno-regional-a-subdere-permitiran-financiar-8-iniciativas-para-la-comuna-de-aysen","status":"publish","type":"post","link":"https:\/\/radiorevelacionfm.cl\/?p=43272","title":{"rendered":"Traspaso de recursos del Gobierno Regional a Subdere permitir\u00e1n financiar 8 iniciativas para la comuna de Ays\u00e9n"},"content":{"rendered":"<div class=\"flex_column av_one_full  flex_column_div av-zero-column-padding first  avia-builder-el-0  el_before_av_one_full  avia-builder-el-first  \" style='border-radius:0px; '><div  class='avia-image-container  av-styling-    avia-builder-el-1  avia-builder-el-no-sibling  avia-align-center '  itemprop=\"image\" itemscope=\"itemscope\" itemtype=\"https:\/\/schema.org\/ImageObject\"  ><div class='avia-image-container-inner'><div class='avia-image-overlay-wrap'><img decoding=\"async\" class='wp-image-43273 avia-img-lazy-loading-not-43273 avia_image' src=\"https:\/\/radiorevelacionfm.cl\/wp-content\/uploads\/2024\/06\/CORE-1-1-1.jpeg\" alt='' title='CORE 1 (1) (1)' height=\"600\" width=\"800\"  itemprop=\"thumbnailUrl\" srcset=\"https:\/\/radiorevelacionfm.cl\/wp-content\/uploads\/2024\/06\/CORE-1-1-1.jpeg 800w, https:\/\/radiorevelacionfm.cl\/wp-content\/uploads\/2024\/06\/CORE-1-1-1-300x225.jpeg 300w, https:\/\/radiorevelacionfm.cl\/wp-content\/uploads\/2024\/06\/CORE-1-1-1-768x576.jpeg 768w, https:\/\/radiorevelacionfm.cl\/wp-content\/uploads\/2024\/06\/CORE-1-1-1-705x529.jpeg 705w, https:\/\/radiorevelacionfm.cl\/wp-content\/uploads\/2024\/06\/CORE-1-1-1-450x338.jpeg 450w, https:\/\/radiorevelacionfm.cl\/wp-content\/uploads\/2024\/06\/CORE-1-1-1-600x450.jpeg 600w\" sizes=\"(max-width: 800px) 100vw, 800px\" \/><\/div><\/div><\/div><\/div><div class=\"flex_column av_one_full  flex_column_div av-zero-column-padding first  avia-builder-el-2  el_after_av_one_full  el_before_av_one_full  column-top-margin\" style='border-radius:0px; '><section class=\"av_textblock_section \"  itemscope=\"itemscope\" itemtype=\"https:\/\/schema.org\/BlogPosting\" itemprop=\"blogPost\" ><div class='avia_textblock  '   itemprop=\"text\" ><p style=\"text-align: center;\"><strong><span style=\"font-size: 18pt;\">Traspaso de recursos del Gobierno Regional a Subdere permitir\u00e1n financiar 8 iniciativas para la comuna de Ays\u00e9n<\/span><\/strong><\/p>\n<div id=\"gtx-trans\" style=\"position: absolute; left: -50px; top: 4.31534px;\">\n<div class=\"gtx-trans-icon\"><\/div>\n<\/div>\n<\/div><\/section><\/div><div class=\"flex_column av_one_full  flex_column_div av-zero-column-padding first  avia-builder-el-4  el_after_av_one_full  el_before_av_hr  column-top-margin\" style='border-radius:0px; '><section class=\"av_textblock_section \"  itemscope=\"itemscope\" itemtype=\"https:\/\/schema.org\/BlogPosting\" itemprop=\"blogPost\" ><div class='avia_textblock  '   itemprop=\"text\" ><p style=\"text-align: justify;\"><em>Esto dar\u00e1 pie a la entrega de fuentes de trabajo a vecinos de las distintas localidades del territorio.<\/em><\/p>\n<p style=\"text-align: justify;\">La semana reci\u00e9n pasada en el plenario del Consejo Regional de Ays\u00e9n, se presentaron una serie de iniciativas que se encuentran elegibles en Subdere, o sea, susceptibles de ser ejecutados, pero que no contaban con asignaci\u00f3n de recursos. Es por ello que, se requer\u00eda aprobar la transferencia de fondos desde el Gobierno Regional a la Subsecretaria de Desarrollo Regional y Administrativo.<\/p>\n<p style=\"text-align: justify;\">La comuna de Ays\u00e9n tiene, 8 proyectos en esa condici\u00f3n, por ello, era muy importante que esto sea aprobado. Inicialmente, la Gobernadora Andrea Mac\u00edas Palma, hab\u00eda solicitado la aprobaci\u00f3n de m\u00e1s de 5 mil millones de pesos para diversas iniciativas regionales y el Consejo solo dio luz verde a aquellas que estaban elegibles, siendo un monto de 3.200 millones.<\/p>\n<p style=\"text-align: justify;\">\u201cInicialmente como ejecutivo, yo hab\u00eda hecho una propuesta que era mucho mayor, que consideraba tambi\u00e9n aquellos proyectos que hoy est\u00e1n evaluaci\u00f3n y que en alg\u00fan minuto van a quedar elegibles, porque quer\u00edamos garantizar finalmente que, todos los proyectos que est\u00e9n en condici\u00f3n de ser financiados se financien. Sin embargo, no fue acogida esta propuesta por parte del Consejo, quienes se allanaron a poder financiar solo proyectos que est\u00e1n elegibles y esa es una cifra que supera un poco m\u00e1s de los 3 mil millones de pesos. As\u00ed es que, contenta tambi\u00e9n, porque eso finalmente se traduce en un impacto en los propios territorios, que es lo que buscamos desde el Gobierno Regional\u201d, se\u00f1al\u00f3 la Gobernadora Andrea Mac\u00edas.<\/p>\n<p style=\"text-align: justify;\">Valorando el permanente apoyo de la Gobernadora Regional y su Consejo a las iniciativas de la comuna de Ays\u00e9n, el Alcalde Julio Uribe Alvarado, destac\u00f3 la cantidad de proyectos aprobados para el territorio.<\/p>\n<p style=\"text-align: justify;\">\u201cNosotros como Municipio, estamos cercano a los ocho proyectos aprobados, por lo tanto, esto nos viene muy bien, sobre todo para la comunidad de Ma\u00f1ihuales, que estaba esperando su proyecto, Estero Copa, reposici\u00f3n de aceras en el centro de Ays\u00e9n, como tambi\u00e9n, algunos estacionamientos que ten\u00edamos presentados. Nos vamos muy conformes, la aprobaci\u00f3n fue un\u00e1nime, as\u00ed es que, seguimos creciendo los ayseninos\u201d.<\/p>\n<p style=\"text-align: justify;\">Finalmente, y para siete comunas de la regi\u00f3n, se podr\u00e1n financiar alrededor de treinta iniciativas, gracias al traspaso de recursos aprobados en el pleno del Consejo Regional y donde cada uno de los proyecto considera la contrataci\u00f3n de mano de obra local.<\/p>\n<p style=\"text-align: justify;\"><strong>\u00a0<\/strong><\/p>\n<\/div><\/section><\/div><div  style='height:50px' class='hr hr-invisible   avia-builder-el-6  el_after_av_one_full  el_before_av_social_share '><span class='hr-inner ' ><span class='hr-inner-style'><\/span><\/span><\/div><\/p>\n<div  class='av-social-sharing-box  avia-builder-el-7  el_after_av_hr  el_before_av_hr  '><div class='av-share-box'><h5 class='av-share-link-description av-no-toc '>Compartir esta noticia<\/h5><ul class='av-share-box-list noLightbox'><li class='av-share-link av-social-link-facebook' ><a target=\"_blank\" aria-label=\"Compartir en Facebook\" href='https:\/\/www.facebook.com\/sharer.php?u=https:\/\/radiorevelacionfm.cl\/?p=43272&#038;t=Traspaso%20de%20recursos%20del%20Gobierno%20Regional%20a%20Subdere%20permitir%C3%A1n%20financiar%208%20iniciativas%20para%20la%20comuna%20de%20Ays%C3%A9n' aria-hidden='false' data-av_icon='\ue8f3' data-av_iconfont='entypo-fontello' title='' data-avia-related-tooltip='Compartir en Facebook' rel=\"noopener\"><span class='avia_hidden_link_text'>Compartir en Facebook<\/span><\/a><\/li><li class='av-share-link av-social-link-twitter' ><a target=\"_blank\" aria-label=\"Compartir en Twitter\" href='https:\/\/twitter.com\/share?text=Traspaso%20de%20recursos%20del%20Gobierno%20Regional%20a%20Subdere%20permitir%C3%A1n%20financiar%208%20iniciativas%20para%20la%20comuna%20de%20Ays%C3%A9n&#038;url=https:\/\/radiorevelacionfm.cl\/?p=43272' aria-hidden='false' data-av_icon='\ue8f1' data-av_iconfont='entypo-fontello' title='' data-avia-related-tooltip='Compartir en Twitter' rel=\"noopener\"><span class='avia_hidden_link_text'>Compartir en Twitter<\/span><\/a><\/li><li class='av-share-link av-social-link-whatsapp' ><a target=\"_blank\" aria-label=\"Compartir en Whatsapp\" href='https:\/\/api.whatsapp.com\/send?text=https:\/\/radiorevelacionfm.cl\/?p=43272' aria-hidden='false' data-av_icon='\uf232' data-av_iconfont='entypo-fontello' title='' data-avia-related-tooltip='Compartir en Whatsapp' rel=\"noopener\"><span class='avia_hidden_link_text'>Compartir en Whatsapp<\/span><\/a><\/li><li class='av-share-link av-social-link-linkedin' ><a target=\"_blank\" aria-label=\"Compartir en LinkedIn\" href='https:\/\/linkedin.com\/shareArticle?mini=true&#038;title=Traspaso%20de%20recursos%20del%20Gobierno%20Regional%20a%20Subdere%20permitir%C3%A1n%20financiar%208%20iniciativas%20para%20la%20comuna%20de%20Ays%C3%A9n&#038;url=https:\/\/radiorevelacionfm.cl\/?p=43272' aria-hidden='false' data-av_icon='\ue8fc' data-av_iconfont='entypo-fontello' title='' data-avia-related-tooltip='Compartir en LinkedIn' rel=\"noopener\"><span class='avia_hidden_link_text'>Compartir en LinkedIn<\/span><\/a><\/li><li class='av-share-link av-social-link-mail' ><a  aria-label=\"Compartir por correo\" href='mailto:?subject=Traspaso%20de%20recursos%20del%20Gobierno%20Regional%20a%20Subdere%20permitir%C3%A1n%20financiar%208%20iniciativas%20para%20la%20comuna%20de%20Ays%C3%A9n&#038;body=https:\/\/radiorevelacionfm.cl\/?p=43272' aria-hidden='false' data-av_icon='\ue805' data-av_iconfont='entypo-fontello' title='' data-avia-related-tooltip='Compartir por correo'><span class='avia_hidden_link_text'>Compartir por correo<\/span><\/a><\/li><\/ul><\/div><\/div>\n<div  style='height:50px' class='hr hr-invisible   avia-builder-el-8  el_after_av_social_share  el_before_av_comments_list '><span class='hr-inner ' ><span class='hr-inner-style'><\/span><\/span><\/div>\n<div  class='av-buildercomment  av-blog-meta-html-info-disabled av-blog-meta-tag-disabled  '><\/div>\n","protected":false},"excerpt":{"rendered":"","protected":false},"author":1,"featured_media":43273,"comment_status":"open","ping_status":"open","sticky":false,"template":"","format":"standard","meta":{"footnotes":""},"categories":[38],"tags":[],"class_list":["post-43272","post","type-post","status-publish","format-standard","has-post-thumbnail","hentry","category-regional"],"jetpack_featured_media_url":"https:\/\/radiorevelacionfm.cl\/wp-content\/uploads\/2024\/06\/CORE-1-1-1.jpeg","_links":{"self":[{"href":"https:\/\/radiorevelacionfm.cl\/index.php?rest_route=\/wp\/v2\/posts\/43272","targetHints":{"allow":["GET"]}}],"collection":[{"href":"https:\/\/radiorevelacionfm.cl\/index.php?rest_route=\/wp\/v2\/posts"}],"about":[{"href":"https:\/\/radiorevelacionfm.cl\/index.php?rest_route=\/wp\/v2\/types\/post"}],"author":[{"embeddable":true,"href":"https:\/\/radiorevelacionfm.cl\/index.php?rest_route=\/wp\/v2\/users\/1"}],"replies":[{"embeddable":true,"href":"https:\/\/radiorevelacionfm.cl\/index.php?rest_route=%2Fwp%2Fv2%2Fcomments&post=43272"}],"version-history":[{"count":1,"href":"https:\/\/radiorevelacionfm.cl\/index.php?rest_route=\/wp\/v2\/posts\/43272\/revisions"}],"predecessor-version":[{"id":43274,"href":"https:\/\/radiorevelacionfm.cl\/index.php?rest_route=\/wp\/v2\/posts\/43272\/revisions\/43274"}],"wp:featuredmedia":[{"embeddable":true,"href":"https:\/\/radiorevelacionfm.cl\/index.php?rest_route=\/wp\/v2\/media\/43273"}],"wp:attachment":[{"href":"https:\/\/radiorevelacionfm.cl\/index.php?rest_route=%2Fwp%2Fv2%2Fmedia&parent=43272"}],"wp:term":[{"taxonomy":"category","embeddable":true,"href":"https:\/\/radiorevelacionfm.cl\/index.php?rest_route=%2Fwp%2Fv2%2Fcategories&post=43272"},{"taxonomy":"post_tag","embeddable":true,"href":"https:\/\/radiorevelacionfm.cl\/index.php?rest_route=%2Fwp%2Fv2%2Ftags&post=43272"}],"curies":[{"name":"wp","href":"https:\/\/api.w.org\/{rel}","templated":true}]}}