{"id":43269,"date":"2024-06-17T15:36:00","date_gmt":"2024-06-17T18:36:00","guid":{"rendered":"https:\/\/radiorevelacionfm.cl\/?p=43269"},"modified":"2024-06-17T15:36:00","modified_gmt":"2024-06-17T18:36:00","slug":"exito-en-la-entrega-de-motores-e-implementos-para-la-pesca-artesanal-en-la-comuna-de-cisnes","status":"publish","type":"post","link":"https:\/\/radiorevelacionfm.cl\/?p=43269","title":{"rendered":"\u00c9xito en la entrega de motores e implementos para la Pesca Artesanal en la comuna de Cisnes"},"content":{"rendered":"<div class=\"flex_column av_one_full  flex_column_div av-zero-column-padding first  avia-builder-el-0  el_before_av_one_full  avia-builder-el-first  \" style='border-radius:0px; '><div  class='avia-image-container  av-styling-    avia-builder-el-1  avia-builder-el-no-sibling  avia-align-center '  itemprop=\"image\" itemscope=\"itemscope\" itemtype=\"https:\/\/schema.org\/ImageObject\"  ><div class='avia-image-container-inner'><div class='avia-image-overlay-wrap'><img decoding=\"async\" class='wp-image-43270 avia-img-lazy-loading-not-43270 avia_image' src=\"https:\/\/radiorevelacionfm.cl\/wp-content\/uploads\/2024\/06\/nota-pesca-artesanal-1_optimized.jpg\" alt='' title='nota,-pesca-artesanal-(1)_optimized' height=\"600\" width=\"1067\"  itemprop=\"thumbnailUrl\" srcset=\"https:\/\/radiorevelacionfm.cl\/wp-content\/uploads\/2024\/06\/nota-pesca-artesanal-1_optimized.jpg 1067w, https:\/\/radiorevelacionfm.cl\/wp-content\/uploads\/2024\/06\/nota-pesca-artesanal-1_optimized-300x169.jpg 300w, https:\/\/radiorevelacionfm.cl\/wp-content\/uploads\/2024\/06\/nota-pesca-artesanal-1_optimized-1030x579.jpg 1030w, https:\/\/radiorevelacionfm.cl\/wp-content\/uploads\/2024\/06\/nota-pesca-artesanal-1_optimized-768x432.jpg 768w, https:\/\/radiorevelacionfm.cl\/wp-content\/uploads\/2024\/06\/nota-pesca-artesanal-1_optimized-705x396.jpg 705w, https:\/\/radiorevelacionfm.cl\/wp-content\/uploads\/2024\/06\/nota-pesca-artesanal-1_optimized-450x253.jpg 450w, https:\/\/radiorevelacionfm.cl\/wp-content\/uploads\/2024\/06\/nota-pesca-artesanal-1_optimized-600x337.jpg 600w\" sizes=\"(max-width: 1067px) 100vw, 1067px\" \/><\/div><\/div><\/div><\/div><div class=\"flex_column av_one_full  flex_column_div av-zero-column-padding first  avia-builder-el-2  el_after_av_one_full  el_before_av_one_full  column-top-margin\" style='border-radius:0px; '><section class=\"av_textblock_section \"  itemscope=\"itemscope\" itemtype=\"https:\/\/schema.org\/BlogPosting\" itemprop=\"blogPost\" ><div class='avia_textblock  '   itemprop=\"text\" ><p style=\"text-align: center;\"><span style=\"font-size: 18pt;\"><strong>\u00c9xito en la\u00a0<\/strong><strong>e<\/strong><strong>ntrega de\u00a0<\/strong><strong>m<\/strong><strong>otores e\u00a0<\/strong><strong>i<\/strong><strong>mplementos para la Pesca Artesanal en\u00a0<\/strong><strong>la comuna de Cisnes<\/strong><\/span><\/p>\n<div id=\"gtx-trans\" style=\"position: absolute; left: -50px; top: 4.31534px;\">\n<div class=\"gtx-trans-icon\"><\/div>\n<\/div>\n<\/div><\/section><\/div><div class=\"flex_column av_one_full  flex_column_div av-zero-column-padding first  avia-builder-el-4  el_after_av_one_full  el_before_av_hr  column-top-margin\" style='border-radius:0px; '><section class=\"av_textblock_section \"  itemscope=\"itemscope\" itemtype=\"https:\/\/schema.org\/BlogPosting\" itemprop=\"blogPost\" ><div class='avia_textblock  '   itemprop=\"text\" ><p style=\"font-weight: 400; text-align: justify;\">Este viernes, el alcalde Francisco Roncagliolo se uni\u00f3 a un significativo evento para nuestra comunidad de Cisnes, marcando un hito en el impulso a la pesca artesanal local. Se llev\u00f3 a cabo la entrega de motores e implementos esenciales como parte del programa de Fomento y Diversificaci\u00f3n de la Pesca Artesanal, iniciativa financiada por el Gobierno Regional de Ays\u00e9n y ejecutada por la Fundaci\u00f3n para la Superaci\u00f3n de la Pobreza.<\/p>\n<p style=\"font-weight: 400; text-align: justify;\">Hasta la fecha, se han distribuido un total de 21 motores en nuestra comuna, con uno adicional en camino. Adem\u00e1s, 42 personas han sido beneficiadas con nueva indumentaria dise\u00f1ada espec\u00edficamente para la pesca y la recolecci\u00f3n en las orillas.<\/p>\n<p style=\"font-weight: 400; text-align: justify;\">El compromiso de la Municipalidad es claro: continuar promoviendo el trabajo colaborativo que favorezca a los vecinos, priorizando el desarrollo sostenible de la pesca artesanal. Esta actividad no solo es crucial para la econom\u00eda local, sino que tambi\u00e9n es fundamental para la identidad cultural de la comunidad de Cisnes.<\/p>\n<p style=\"font-weight: 400; text-align: justify;\">El alcalde Francisco Roncagliolo, se\u00f1al\u00f3 \u201cEstoy muy contento con la entrega de motores e implementos, pero tambi\u00e9n queremos invitar a poner el foco en el sentido que existe una fuerte crisis en la pesca regional y es necesario abordarla con todos los actores que est\u00e9n convocados para que apoyemos a nuestros pescadores de norte a sur de la regi\u00f3n Ays\u00e9n\u201d.<\/p>\n<p style=\"font-weight: 400; text-align: justify;\">La consejera regional, Paola Rodr\u00edguez destaca \u201ccon esta entrega esperamos fortalecer el trabajo y apoyarlos, era un compromiso que ten\u00edamos con los miembros de la pesca artesanal\u201d.<\/p>\n<p style=\"font-weight: 400; text-align: justify;\">En esta primera entrega fueron Don Luis Anti\u00f1anco y Don Pascual C\u00e1rcamo que recibieron los equipos para sus lanchas, desde el municipio se\u00f1alan que seguir\u00e1n trabajando juntos a distintos actores para fortalecer la pesca artesanal y mejorar la calidad de vida en la comuna.<\/p>\n<\/div><\/section><\/div><div  style='height:50px' class='hr hr-invisible   avia-builder-el-6  el_after_av_one_full  el_before_av_social_share '><span class='hr-inner ' ><span class='hr-inner-style'><\/span><\/span><\/div><\/p>\n<div  class='av-social-sharing-box  avia-builder-el-7  el_after_av_hr  el_before_av_hr  '><div class='av-share-box'><h5 class='av-share-link-description av-no-toc '>Compartir esta noticia<\/h5><ul class='av-share-box-list noLightbox'><li class='av-share-link av-social-link-facebook' ><a target=\"_blank\" aria-label=\"Compartir en Facebook\" href='https:\/\/www.facebook.com\/sharer.php?u=https:\/\/radiorevelacionfm.cl\/?p=43269&#038;t=%C3%89xito%20en%20la%20entrega%20de%20motores%20e%20implementos%20para%20la%20Pesca%20Artesanal%20en%20la%20comuna%20de%20Cisnes' aria-hidden='false' data-av_icon='\ue8f3' data-av_iconfont='entypo-fontello' title='' data-avia-related-tooltip='Compartir en Facebook' rel=\"noopener\"><span class='avia_hidden_link_text'>Compartir en Facebook<\/span><\/a><\/li><li class='av-share-link av-social-link-twitter' ><a target=\"_blank\" aria-label=\"Compartir en Twitter\" href='https:\/\/twitter.com\/share?text=%C3%89xito%20en%20la%20entrega%20de%20motores%20e%20implementos%20para%20la%20Pesca%20Artesanal%20en%20la%20comuna%20de%20Cisnes&#038;url=https:\/\/radiorevelacionfm.cl\/?p=43269' aria-hidden='false' data-av_icon='\ue8f1' data-av_iconfont='entypo-fontello' title='' data-avia-related-tooltip='Compartir en Twitter' rel=\"noopener\"><span class='avia_hidden_link_text'>Compartir en Twitter<\/span><\/a><\/li><li class='av-share-link av-social-link-whatsapp' ><a target=\"_blank\" aria-label=\"Compartir en Whatsapp\" href='https:\/\/api.whatsapp.com\/send?text=https:\/\/radiorevelacionfm.cl\/?p=43269' aria-hidden='false' data-av_icon='\uf232' data-av_iconfont='entypo-fontello' title='' data-avia-related-tooltip='Compartir en Whatsapp' rel=\"noopener\"><span class='avia_hidden_link_text'>Compartir en Whatsapp<\/span><\/a><\/li><li class='av-share-link av-social-link-linkedin' ><a target=\"_blank\" aria-label=\"Compartir en LinkedIn\" href='https:\/\/linkedin.com\/shareArticle?mini=true&#038;title=%C3%89xito%20en%20la%20entrega%20de%20motores%20e%20implementos%20para%20la%20Pesca%20Artesanal%20en%20la%20comuna%20de%20Cisnes&#038;url=https:\/\/radiorevelacionfm.cl\/?p=43269' aria-hidden='false' data-av_icon='\ue8fc' data-av_iconfont='entypo-fontello' title='' data-avia-related-tooltip='Compartir en LinkedIn' rel=\"noopener\"><span class='avia_hidden_link_text'>Compartir en LinkedIn<\/span><\/a><\/li><li class='av-share-link av-social-link-mail' ><a  aria-label=\"Compartir por correo\" href='mailto:?subject=%C3%89xito%20en%20la%20entrega%20de%20motores%20e%20implementos%20para%20la%20Pesca%20Artesanal%20en%20la%20comuna%20de%20Cisnes&#038;body=https:\/\/radiorevelacionfm.cl\/?p=43269' aria-hidden='false' data-av_icon='\ue805' data-av_iconfont='entypo-fontello' title='' data-avia-related-tooltip='Compartir por correo'><span class='avia_hidden_link_text'>Compartir por correo<\/span><\/a><\/li><\/ul><\/div><\/div>\n<div  style='height:50px' class='hr hr-invisible   avia-builder-el-8  el_after_av_social_share  el_before_av_comments_list '><span class='hr-inner ' ><span class='hr-inner-style'><\/span><\/span><\/div>\n<div  class='av-buildercomment  av-blog-meta-html-info-disabled av-blog-meta-tag-disabled  '><\/div>\n","protected":false},"excerpt":{"rendered":"","protected":false},"author":1,"featured_media":43270,"comment_status":"open","ping_status":"open","sticky":false,"template":"","format":"standard","meta":{"footnotes":""},"categories":[38],"tags":[],"class_list":["post-43269","post","type-post","status-publish","format-standard","has-post-thumbnail","hentry","category-regional"],"jetpack_featured_media_url":"https:\/\/radiorevelacionfm.cl\/wp-content\/uploads\/2024\/06\/nota-pesca-artesanal-1_optimized.jpg","_links":{"self":[{"href":"https:\/\/radiorevelacionfm.cl\/index.php?rest_route=\/wp\/v2\/posts\/43269","targetHints":{"allow":["GET"]}}],"collection":[{"href":"https:\/\/radiorevelacionfm.cl\/index.php?rest_route=\/wp\/v2\/posts"}],"about":[{"href":"https:\/\/radiorevelacionfm.cl\/index.php?rest_route=\/wp\/v2\/types\/post"}],"author":[{"embeddable":true,"href":"https:\/\/radiorevelacionfm.cl\/index.php?rest_route=\/wp\/v2\/users\/1"}],"replies":[{"embeddable":true,"href":"https:\/\/radiorevelacionfm.cl\/index.php?rest_route=%2Fwp%2Fv2%2Fcomments&post=43269"}],"version-history":[{"count":1,"href":"https:\/\/radiorevelacionfm.cl\/index.php?rest_route=\/wp\/v2\/posts\/43269\/revisions"}],"predecessor-version":[{"id":43271,"href":"https:\/\/radiorevelacionfm.cl\/index.php?rest_route=\/wp\/v2\/posts\/43269\/revisions\/43271"}],"wp:featuredmedia":[{"embeddable":true,"href":"https:\/\/radiorevelacionfm.cl\/index.php?rest_route=\/wp\/v2\/media\/43270"}],"wp:attachment":[{"href":"https:\/\/radiorevelacionfm.cl\/index.php?rest_route=%2Fwp%2Fv2%2Fmedia&parent=43269"}],"wp:term":[{"taxonomy":"category","embeddable":true,"href":"https:\/\/radiorevelacionfm.cl\/index.php?rest_route=%2Fwp%2Fv2%2Fcategories&post=43269"},{"taxonomy":"post_tag","embeddable":true,"href":"https:\/\/radiorevelacionfm.cl\/index.php?rest_route=%2Fwp%2Fv2%2Ftags&post=43269"}],"curies":[{"name":"wp","href":"https:\/\/api.w.org\/{rel}","templated":true}]}}