{"id":43267,"date":"2024-06-17T11:34:51","date_gmt":"2024-06-17T14:34:51","guid":{"rendered":"https:\/\/radiorevelacionfm.cl\/?p=43267"},"modified":"2024-06-17T11:34:51","modified_gmt":"2024-06-17T14:34:51","slug":"estadio-anfa-de-puerto-aysen-contara-con-completa-renovacion-de-carpeta-de-pasto-sintetico","status":"publish","type":"post","link":"https:\/\/radiorevelacionfm.cl\/?p=43267","title":{"rendered":"Estadio Anfa de Puerto Ays\u00e9n contar\u00e1 con completa renovaci\u00f3n de carpeta de pasto sint\u00e9tico"},"content":{"rendered":"<div class=\"flex_column av_one_full  flex_column_div av-zero-column-padding first  avia-builder-el-0  el_before_av_one_full  avia-builder-el-first  \" style='border-radius:0px; '><div  class='avia-image-container  av-styling-    avia-builder-el-1  avia-builder-el-no-sibling  avia-align-center '  itemprop=\"image\" itemscope=\"itemscope\" itemtype=\"https:\/\/schema.org\/ImageObject\"  ><div class='avia-image-container-inner'><div class='avia-image-overlay-wrap'><img decoding=\"async\" class='wp-image-43065 avia-img-lazy-loading-not-43065 avia_image' src=\"https:\/\/radiorevelacionfm.cl\/wp-content\/uploads\/2024\/06\/estadio-anfa-aysen2-1_optimized.jpg\" alt='' title='estadio-anfa-aysen2-(1)_optimized' height=\"600\" width=\"1069\"  itemprop=\"thumbnailUrl\" srcset=\"https:\/\/radiorevelacionfm.cl\/wp-content\/uploads\/2024\/06\/estadio-anfa-aysen2-1_optimized.jpg 1069w, https:\/\/radiorevelacionfm.cl\/wp-content\/uploads\/2024\/06\/estadio-anfa-aysen2-1_optimized-300x168.jpg 300w, https:\/\/radiorevelacionfm.cl\/wp-content\/uploads\/2024\/06\/estadio-anfa-aysen2-1_optimized-1030x578.jpg 1030w, https:\/\/radiorevelacionfm.cl\/wp-content\/uploads\/2024\/06\/estadio-anfa-aysen2-1_optimized-768x431.jpg 768w, https:\/\/radiorevelacionfm.cl\/wp-content\/uploads\/2024\/06\/estadio-anfa-aysen2-1_optimized-705x396.jpg 705w, https:\/\/radiorevelacionfm.cl\/wp-content\/uploads\/2024\/06\/estadio-anfa-aysen2-1_optimized-450x253.jpg 450w, https:\/\/radiorevelacionfm.cl\/wp-content\/uploads\/2024\/06\/estadio-anfa-aysen2-1_optimized-600x337.jpg 600w\" sizes=\"(max-width: 1069px) 100vw, 1069px\" \/><\/div><\/div><\/div><\/div><div class=\"flex_column av_one_full  flex_column_div av-zero-column-padding first  avia-builder-el-2  el_after_av_one_full  el_before_av_one_full  column-top-margin\" style='border-radius:0px; '><section class=\"av_textblock_section \"  itemscope=\"itemscope\" itemtype=\"https:\/\/schema.org\/BlogPosting\" itemprop=\"blogPost\" ><div class='avia_textblock  '   itemprop=\"text\" ><p style=\"text-align: center;\"><strong><span style=\"font-size: 18pt;\">Estadio Anfa de Puerto Ays\u00e9n contar\u00e1 con completa renovaci\u00f3n de carpeta de pasto sint\u00e9tico<\/span><\/strong><\/p>\n<div id=\"gtx-trans\" style=\"position: absolute; left: -50px; top: 4.31534px;\">\n<div class=\"gtx-trans-icon\"><\/div>\n<\/div>\n<\/div><\/section><\/div><div class=\"flex_column av_one_full  flex_column_div av-zero-column-padding first  avia-builder-el-4  el_after_av_one_full  el_before_av_hr  column-top-margin\" style='border-radius:0px; '><section class=\"av_textblock_section \"  itemscope=\"itemscope\" itemtype=\"https:\/\/schema.org\/BlogPosting\" itemprop=\"blogPost\" ><div class='avia_textblock  '   itemprop=\"text\" ><p style=\"text-align: justify;\">La Secretaria Regional Ministerial de Obras P\u00fablicas (S), Paola Az\u00f3car Betancur inform\u00f3 que Contralor\u00eda Regional tom\u00f3 raz\u00f3n de Convenio Mandato efectuado entre el Gobierno Regional de Ays\u00e9n y la Direcci\u00f3n Regional de Arquitectura del MOP, que contiene el aumento de presupuesto aprobado por el Consejo Regional de Ays\u00e9n para reponer elementos esenciales, como cancha de pasto sint\u00e9tico y cierre perimetral, en el Estadio ANFA, ubicado en Puerto Ays\u00e9n.<\/p>\n<p style=\"text-align: justify;\">Con este acto administrativo, la Direcci\u00f3n Regional de Arquitectura del MOP adjudica a la Empresa Constructora Santa Eduarda SPA, las anheladas obras que comenzar\u00e1n la \u00faltima semana de este mes, tienen un plazo de ejecuci\u00f3n de 180 d\u00edas y una inversi\u00f3n del Gobierno Regional y su Consejo de $802 millones. As\u00ed lo confirm\u00f3, Paola Az\u00f3car Betancur.<\/p>\n<p style=\"text-align: justify;\">\u00a0\u201cA fines de este mes vamos a iniciar las obras de reposici\u00f3n de la cancha de pasto sint\u00e9tico en el Estadio ANFA. Un proyecto que ha sido muy anhelado por los dirigentes y por las personas que practican deporte y que se movilizan alrededor de esta actividad. Este proyecto ha sido financiado por el Gobierno Regional y su Consejo. Estas obras nos permitir\u00e1n avanzar como gobierno en construir infraestructura que tiene un evidente car\u00e1cter social y que contribuye a que m\u00e1s personas puedan contar con acceso a la pr\u00e1ctica del deporte en un lugar seguro, acondicionado para estos efectos, as\u00ed como tambi\u00e9n abre este espacio asociado al deporte a otros Clubes que integran ANFA. Vamos a mejorar las condiciones\u00a0 en que los deportistas se desarrollan y aportar a la recreaci\u00f3n y al fomento de una vida sana entre ni\u00f1os, ni\u00f1as, j\u00f3venes, adultos y adultos mayores, junto con crear empleo para 20 personas promedio, dinamizando la econom\u00eda local este a\u00f1o de reactivaci\u00f3n econ\u00f3mica\u201d, indic\u00f3 la SEREMI MOP (S).<\/p>\n<p style=\"text-align: justify;\">Entre los trabajos se contempla el cambio completo de la carpeta de pasto sint\u00e9tico del Estadio, la reposici\u00f3n del cierre perimetral, el cambio de las bancas de suplentes, caseta de control, construcci\u00f3n de veredas peatonales, malla deportiva de protecci\u00f3n, asta de bandera y la instalaci\u00f3n de basureros, entre otros.<\/p>\n<p style=\"text-align: justify;\">El presidente de ANFA Ays\u00e9n, Esquivel Bravo Guti\u00e9rrez, coment\u00f3 que con esta noticia se culmina un proceso muy importante para la Asociaci\u00f3n en Puerto Ays\u00e9n y para la comunidad deportiva integrada por dos instituciones afiliadas, que incluyen un cuadro infantil, primera, segunda y tercera infantil, serie juveniles, serie reservas, serie de honor, senior, s\u00faper senior y damas, para quienes era muy necesario poder contar con un buen recinto deportivo, por lo que hace varios a\u00f1os que est\u00e1n trabajando en esto. \u201cEstamos muy agradecidos, estamos muy contentos respecto a esto porque de verdad nuestra carpeta en el Estadio Anfa ya tiene 18 a\u00f1os y ya ameritaba este cambio realmente, as\u00ed que por supuesto no puedo dejar de agradecer a la Gobernadora y a su Consejo por el financiamiento y el aumento de recursos para la obra y tambi\u00e9n al equipo de Arquitectura del MOP ya que es la Unidad T\u00e9cnica que va a ejecutar el trabajo en nuestra ciudad, as\u00ed es que solamente muchas palabras de agradecimiento, es muy importante para toda nuestra comunidad deportiva esta gran noticia que hoy d\u00eda nos dan\u201d, concluy\u00f3 el dirigente.<\/p>\n<\/div><\/section><\/div><div  style='height:50px' class='hr hr-invisible   avia-builder-el-6  el_after_av_one_full  el_before_av_social_share '><span class='hr-inner ' ><span class='hr-inner-style'><\/span><\/span><\/div><\/p>\n<div  class='av-social-sharing-box  avia-builder-el-7  el_after_av_hr  el_before_av_hr  '><div class='av-share-box'><h5 class='av-share-link-description av-no-toc '>Compartir esta noticia<\/h5><ul class='av-share-box-list noLightbox'><li class='av-share-link av-social-link-facebook' ><a target=\"_blank\" aria-label=\"Compartir en Facebook\" href='https:\/\/www.facebook.com\/sharer.php?u=https:\/\/radiorevelacionfm.cl\/?p=43267&#038;t=Estadio%20Anfa%20de%20Puerto%20Ays%C3%A9n%20contar%C3%A1%20con%20completa%20renovaci%C3%B3n%20de%20carpeta%20de%20pasto%20sint%C3%A9tico' aria-hidden='false' data-av_icon='\ue8f3' data-av_iconfont='entypo-fontello' title='' data-avia-related-tooltip='Compartir en Facebook' rel=\"noopener\"><span class='avia_hidden_link_text'>Compartir en Facebook<\/span><\/a><\/li><li class='av-share-link av-social-link-twitter' ><a target=\"_blank\" aria-label=\"Compartir en Twitter\" href='https:\/\/twitter.com\/share?text=Estadio%20Anfa%20de%20Puerto%20Ays%C3%A9n%20contar%C3%A1%20con%20completa%20renovaci%C3%B3n%20de%20carpeta%20de%20pasto%20sint%C3%A9tico&#038;url=https:\/\/radiorevelacionfm.cl\/?p=43267' aria-hidden='false' data-av_icon='\ue8f1' data-av_iconfont='entypo-fontello' title='' data-avia-related-tooltip='Compartir en Twitter' rel=\"noopener\"><span class='avia_hidden_link_text'>Compartir en Twitter<\/span><\/a><\/li><li class='av-share-link av-social-link-whatsapp' ><a target=\"_blank\" aria-label=\"Compartir en Whatsapp\" href='https:\/\/api.whatsapp.com\/send?text=https:\/\/radiorevelacionfm.cl\/?p=43267' aria-hidden='false' data-av_icon='\uf232' data-av_iconfont='entypo-fontello' title='' data-avia-related-tooltip='Compartir en Whatsapp' rel=\"noopener\"><span class='avia_hidden_link_text'>Compartir en Whatsapp<\/span><\/a><\/li><li class='av-share-link av-social-link-linkedin' ><a target=\"_blank\" aria-label=\"Compartir en LinkedIn\" href='https:\/\/linkedin.com\/shareArticle?mini=true&#038;title=Estadio%20Anfa%20de%20Puerto%20Ays%C3%A9n%20contar%C3%A1%20con%20completa%20renovaci%C3%B3n%20de%20carpeta%20de%20pasto%20sint%C3%A9tico&#038;url=https:\/\/radiorevelacionfm.cl\/?p=43267' aria-hidden='false' data-av_icon='\ue8fc' data-av_iconfont='entypo-fontello' title='' data-avia-related-tooltip='Compartir en LinkedIn' rel=\"noopener\"><span class='avia_hidden_link_text'>Compartir en LinkedIn<\/span><\/a><\/li><li class='av-share-link av-social-link-mail' ><a  aria-label=\"Compartir por correo\" href='mailto:?subject=Estadio%20Anfa%20de%20Puerto%20Ays%C3%A9n%20contar%C3%A1%20con%20completa%20renovaci%C3%B3n%20de%20carpeta%20de%20pasto%20sint%C3%A9tico&#038;body=https:\/\/radiorevelacionfm.cl\/?p=43267' aria-hidden='false' data-av_icon='\ue805' data-av_iconfont='entypo-fontello' title='' data-avia-related-tooltip='Compartir por correo'><span class='avia_hidden_link_text'>Compartir por correo<\/span><\/a><\/li><\/ul><\/div><\/div>\n<div  style='height:50px' class='hr hr-invisible   avia-builder-el-8  el_after_av_social_share  el_before_av_comments_list '><span class='hr-inner ' ><span class='hr-inner-style'><\/span><\/span><\/div>\n<div  class='av-buildercomment  av-blog-meta-html-info-disabled av-blog-meta-tag-disabled  '><\/div>\n","protected":false},"excerpt":{"rendered":"","protected":false},"author":1,"featured_media":43065,"comment_status":"open","ping_status":"open","sticky":false,"template":"","format":"standard","meta":{"footnotes":""},"categories":[38],"tags":[],"class_list":["post-43267","post","type-post","status-publish","format-standard","has-post-thumbnail","hentry","category-regional"],"jetpack_featured_media_url":"https:\/\/radiorevelacionfm.cl\/wp-content\/uploads\/2024\/06\/estadio-anfa-aysen2-1_optimized.jpg","_links":{"self":[{"href":"https:\/\/radiorevelacionfm.cl\/index.php?rest_route=\/wp\/v2\/posts\/43267","targetHints":{"allow":["GET"]}}],"collection":[{"href":"https:\/\/radiorevelacionfm.cl\/index.php?rest_route=\/wp\/v2\/posts"}],"about":[{"href":"https:\/\/radiorevelacionfm.cl\/index.php?rest_route=\/wp\/v2\/types\/post"}],"author":[{"embeddable":true,"href":"https:\/\/radiorevelacionfm.cl\/index.php?rest_route=\/wp\/v2\/users\/1"}],"replies":[{"embeddable":true,"href":"https:\/\/radiorevelacionfm.cl\/index.php?rest_route=%2Fwp%2Fv2%2Fcomments&post=43267"}],"version-history":[{"count":1,"href":"https:\/\/radiorevelacionfm.cl\/index.php?rest_route=\/wp\/v2\/posts\/43267\/revisions"}],"predecessor-version":[{"id":43268,"href":"https:\/\/radiorevelacionfm.cl\/index.php?rest_route=\/wp\/v2\/posts\/43267\/revisions\/43268"}],"wp:featuredmedia":[{"embeddable":true,"href":"https:\/\/radiorevelacionfm.cl\/index.php?rest_route=\/wp\/v2\/media\/43065"}],"wp:attachment":[{"href":"https:\/\/radiorevelacionfm.cl\/index.php?rest_route=%2Fwp%2Fv2%2Fmedia&parent=43267"}],"wp:term":[{"taxonomy":"category","embeddable":true,"href":"https:\/\/radiorevelacionfm.cl\/index.php?rest_route=%2Fwp%2Fv2%2Fcategories&post=43267"},{"taxonomy":"post_tag","embeddable":true,"href":"https:\/\/radiorevelacionfm.cl\/index.php?rest_route=%2Fwp%2Fv2%2Ftags&post=43267"}],"curies":[{"name":"wp","href":"https:\/\/api.w.org\/{rel}","templated":true}]}}