{"id":43264,"date":"2024-06-17T11:23:22","date_gmt":"2024-06-17T14:23:22","guid":{"rendered":"https:\/\/radiorevelacionfm.cl\/?p=43264"},"modified":"2024-06-17T11:23:22","modified_gmt":"2024-06-17T14:23:22","slug":"agrupaysen-participa-en-conversatorio-macro-zona-sur-austral-sobre-la-ley-de-acuicultura-y-ley-lafkenche","status":"publish","type":"post","link":"https:\/\/radiorevelacionfm.cl\/?p=43264","title":{"rendered":"Agrupaysen participa en conversatorio macro zona sur austral sobre la ley de acuicultura y ley lafkenche"},"content":{"rendered":"<div class=\"flex_column av_one_full  flex_column_div av-zero-column-padding first  avia-builder-el-0  el_before_av_one_full  avia-builder-el-first  \" style='border-radius:0px; '><div  class='avia-image-container  av-styling-    avia-builder-el-1  avia-builder-el-no-sibling  avia-align-center '  itemprop=\"image\" itemscope=\"itemscope\" itemtype=\"https:\/\/schema.org\/ImageObject\"  ><div class='avia-image-container-inner'><div class='avia-image-overlay-wrap'><img decoding=\"async\" class='wp-image-43265 avia-img-lazy-loading-not-43265 avia_image' src=\"https:\/\/radiorevelacionfm.cl\/wp-content\/uploads\/2024\/06\/tome2-1_optimized.jpeg\" alt='' title='tome2-(1)_optimized' height=\"600\" width=\"800\"  itemprop=\"thumbnailUrl\" srcset=\"https:\/\/radiorevelacionfm.cl\/wp-content\/uploads\/2024\/06\/tome2-1_optimized.jpeg 800w, https:\/\/radiorevelacionfm.cl\/wp-content\/uploads\/2024\/06\/tome2-1_optimized-300x225.jpeg 300w, https:\/\/radiorevelacionfm.cl\/wp-content\/uploads\/2024\/06\/tome2-1_optimized-768x576.jpeg 768w, https:\/\/radiorevelacionfm.cl\/wp-content\/uploads\/2024\/06\/tome2-1_optimized-705x529.jpeg 705w, https:\/\/radiorevelacionfm.cl\/wp-content\/uploads\/2024\/06\/tome2-1_optimized-450x338.jpeg 450w, https:\/\/radiorevelacionfm.cl\/wp-content\/uploads\/2024\/06\/tome2-1_optimized-600x450.jpeg 600w\" sizes=\"(max-width: 800px) 100vw, 800px\" \/><\/div><\/div><\/div><\/div><div class=\"flex_column av_one_full  flex_column_div av-zero-column-padding first  avia-builder-el-2  el_after_av_one_full  el_before_av_one_full  column-top-margin\" style='border-radius:0px; '><section class=\"av_textblock_section \"  itemscope=\"itemscope\" itemtype=\"https:\/\/schema.org\/BlogPosting\" itemprop=\"blogPost\" ><div class='avia_textblock  '   itemprop=\"text\" ><p style=\"text-align: center;\"><strong><span style=\"font-size: 18pt;\">Agrupaysen participa en conversatorio macro zona sur austral sobre la ley de acuicultura y ley lafkenche<\/span><\/strong><\/p>\n<div id=\"gtx-trans\" style=\"position: absolute; left: -50px; top: 4.31534px;\">\n<div class=\"gtx-trans-icon\"><\/div>\n<\/div>\n<\/div><\/section><\/div><div class=\"flex_column av_one_full  flex_column_div av-zero-column-padding first  avia-builder-el-4  el_after_av_one_full  el_before_av_hr  column-top-margin\" style='border-radius:0px; '><section class=\"av_textblock_section \"  itemscope=\"itemscope\" itemtype=\"https:\/\/schema.org\/BlogPosting\" itemprop=\"blogPost\" ><div class='avia_textblock  '   itemprop=\"text\" ><p style=\"text-align: justify;\"><em>Convocado por l\u00edderes del sector acu\u00edcola y organizaciones laborales, el conversatorio realizado en Tom\u00e9 se enfoc\u00f3 en las complejidades y el futuro de la Ley de Acuicultura y Ley Lafkenche, contando con la participaci\u00f3n activa de AGRUPAYSEN.<\/em><\/p>\n<p style=\"text-align: justify;\">Tom\u00e9, Regi\u00f3n del Bio Bio \u2013 En un evento organizado por la Fundaci\u00f3n M\u00e1s Fuerza M\u00e1s Sur, el Instituto del Mar Capit\u00e1n Williams: Fundaci\u00f3n Condell, junto con el sindicato 3 Yadran y la Multisindical de Trabajadores Salmoneros, Pesquer\u00edas y Ramas Afines (M.T.S.A.), l\u00edderes de la industria del salm\u00f3n y representantes laborales se reunieron en Tom\u00e9 para dialogar sobre las regulaciones que impactan el sector. AGRUPAYSEN, invitada al evento, comparti\u00f3 valiosas experiencias sobre las implicaciones de la Ley Lafkenche en la regi\u00f3n de Ays\u00e9n.<\/p>\n<p style=\"text-align: justify;\">Hern\u00e1n Rebolledo, director de la Asociaci\u00f3n Gremial De Prestadores De Servicios Acu\u00edcolas De La Regi\u00f3n De Ays\u00e9n &#8211; AGRUPAYSEN, resalt\u00f3 la importancia de compartir las experiencias de Ays\u00e9n con otros participantes, enfoc\u00e1ndose en c\u00f3mo la Ley Lafkenche ha impactado en su regi\u00f3n. \u201cNos pidieron compartir nuestra experiencia de terreno, las realidades locales que hemos enfrentado con las solicitudes ECMPO en Ays\u00e9n. Este encuentro ha sido sumamente enriquecedor, no solo para nosotros, sino tambi\u00e9n para entender mejor las din\u00e1micas en otras regiones y colaborar hacia una gesti\u00f3n m\u00e1s efectiva del borde costero\u201d, coment\u00f3 Rebolledo.<\/p>\n<p style=\"text-align: justify;\">Por otra parte, V\u00edctor Devia, presidente de la Fundaci\u00f3n M\u00e1s Fuerza M\u00e1s Sur, explic\u00f3 el prop\u00f3sito de la serie de conversatorios: \u201cLa gira comenz\u00f3 aqu\u00ed en Tom\u00e9 y continuar\u00e1 en Chonchi, Ays\u00e9n, Puerto Montt, Magallanes y Valpara\u00edso. Nuestro objetivo es profundizar en c\u00f3mo la ley Lafkenche est\u00e1 impactando social y econ\u00f3micamente en nuestras comunidades y buscar caminos para su posible mejora.\u201d<\/p>\n<p style=\"text-align: justify;\">Alejandro Santiba\u00f1ez, presidente de la Multisindical de Trabajadores Salmoneros, destac\u00f3 la necesidad de informaci\u00f3n accesible y relevante para los trabajadores del sector. \u201cesta iniciativa nace de los trabajadores del salm\u00f3n con el objetivo de entregar\u00a0 informaci\u00f3n directa, ver\u00e1s y oportuna referente a los temas que hoy nos convocan que son la ley Lafkenche la preocupaci\u00f3n que nace en los territorios\u00a0 y la futura ley de acuicultura que hoy d\u00eda es un tema que no queremos que se complejice y por lo tanto queremos justamente llegar con informaci\u00f3n a tiempo y en observaciones justamente al parlamento para que esto se realice la mejor forma\u201d.<\/p>\n<p style=\"text-align: justify;\">El conversatorio en Tom\u00e9 es el primero de una serie de encuentros planeados a lo largo de Chile, incluyendo futuras sesiones en Chonchi, Ays\u00e9n, Puerto Montt, Magallanes y Valpara\u00edso. Estos eventos buscan expandir el alcance de las discusiones, permitiendo que m\u00e1s comunidades y sectores se involucren en la configuraci\u00f3n de pol\u00edticas que afecten\u00a0 el manejo de los recursos costeros de Chile.<\/p>\n<\/div><\/section><\/div><div  style='height:50px' class='hr hr-invisible   avia-builder-el-6  el_after_av_one_full  el_before_av_social_share '><span class='hr-inner ' ><span class='hr-inner-style'><\/span><\/span><\/div><\/p>\n<div  class='av-social-sharing-box  avia-builder-el-7  el_after_av_hr  el_before_av_hr  '><div class='av-share-box'><h5 class='av-share-link-description av-no-toc '>Compartir esta noticia<\/h5><ul class='av-share-box-list noLightbox'><li class='av-share-link av-social-link-facebook' ><a target=\"_blank\" aria-label=\"Compartir en Facebook\" href='https:\/\/www.facebook.com\/sharer.php?u=https:\/\/radiorevelacionfm.cl\/?p=43264&#038;t=Agrupaysen%20participa%20en%20conversatorio%20macro%20zona%20sur%20austral%20sobre%20la%20ley%20de%20acuicultura%20y%20ley%20lafkenche' aria-hidden='false' data-av_icon='\ue8f3' data-av_iconfont='entypo-fontello' title='' data-avia-related-tooltip='Compartir en Facebook' rel=\"noopener\"><span class='avia_hidden_link_text'>Compartir en Facebook<\/span><\/a><\/li><li class='av-share-link av-social-link-twitter' ><a target=\"_blank\" aria-label=\"Compartir en Twitter\" href='https:\/\/twitter.com\/share?text=Agrupaysen%20participa%20en%20conversatorio%20macro%20zona%20sur%20austral%20sobre%20la%20ley%20de%20acuicultura%20y%20ley%20lafkenche&#038;url=https:\/\/radiorevelacionfm.cl\/?p=43264' aria-hidden='false' data-av_icon='\ue8f1' data-av_iconfont='entypo-fontello' title='' data-avia-related-tooltip='Compartir en Twitter' rel=\"noopener\"><span class='avia_hidden_link_text'>Compartir en Twitter<\/span><\/a><\/li><li class='av-share-link av-social-link-whatsapp' ><a target=\"_blank\" aria-label=\"Compartir en Whatsapp\" href='https:\/\/api.whatsapp.com\/send?text=https:\/\/radiorevelacionfm.cl\/?p=43264' aria-hidden='false' data-av_icon='\uf232' data-av_iconfont='entypo-fontello' title='' data-avia-related-tooltip='Compartir en Whatsapp' rel=\"noopener\"><span class='avia_hidden_link_text'>Compartir en Whatsapp<\/span><\/a><\/li><li class='av-share-link av-social-link-linkedin' ><a target=\"_blank\" aria-label=\"Compartir en LinkedIn\" href='https:\/\/linkedin.com\/shareArticle?mini=true&#038;title=Agrupaysen%20participa%20en%20conversatorio%20macro%20zona%20sur%20austral%20sobre%20la%20ley%20de%20acuicultura%20y%20ley%20lafkenche&#038;url=https:\/\/radiorevelacionfm.cl\/?p=43264' aria-hidden='false' data-av_icon='\ue8fc' data-av_iconfont='entypo-fontello' title='' data-avia-related-tooltip='Compartir en LinkedIn' rel=\"noopener\"><span class='avia_hidden_link_text'>Compartir en LinkedIn<\/span><\/a><\/li><li class='av-share-link av-social-link-mail' ><a  aria-label=\"Compartir por correo\" href='mailto:?subject=Agrupaysen%20participa%20en%20conversatorio%20macro%20zona%20sur%20austral%20sobre%20la%20ley%20de%20acuicultura%20y%20ley%20lafkenche&#038;body=https:\/\/radiorevelacionfm.cl\/?p=43264' aria-hidden='false' data-av_icon='\ue805' data-av_iconfont='entypo-fontello' title='' data-avia-related-tooltip='Compartir por correo'><span class='avia_hidden_link_text'>Compartir por correo<\/span><\/a><\/li><\/ul><\/div><\/div>\n<div  style='height:50px' class='hr hr-invisible   avia-builder-el-8  el_after_av_social_share  el_before_av_comments_list '><span class='hr-inner ' ><span class='hr-inner-style'><\/span><\/span><\/div>\n<div  class='av-buildercomment  av-blog-meta-html-info-disabled av-blog-meta-tag-disabled  '><\/div>\n","protected":false},"excerpt":{"rendered":"","protected":false},"author":1,"featured_media":43265,"comment_status":"open","ping_status":"open","sticky":false,"template":"","format":"standard","meta":{"footnotes":""},"categories":[38],"tags":[],"class_list":["post-43264","post","type-post","status-publish","format-standard","has-post-thumbnail","hentry","category-regional"],"jetpack_featured_media_url":"https:\/\/radiorevelacionfm.cl\/wp-content\/uploads\/2024\/06\/tome2-1_optimized.jpeg","_links":{"self":[{"href":"https:\/\/radiorevelacionfm.cl\/index.php?rest_route=\/wp\/v2\/posts\/43264","targetHints":{"allow":["GET"]}}],"collection":[{"href":"https:\/\/radiorevelacionfm.cl\/index.php?rest_route=\/wp\/v2\/posts"}],"about":[{"href":"https:\/\/radiorevelacionfm.cl\/index.php?rest_route=\/wp\/v2\/types\/post"}],"author":[{"embeddable":true,"href":"https:\/\/radiorevelacionfm.cl\/index.php?rest_route=\/wp\/v2\/users\/1"}],"replies":[{"embeddable":true,"href":"https:\/\/radiorevelacionfm.cl\/index.php?rest_route=%2Fwp%2Fv2%2Fcomments&post=43264"}],"version-history":[{"count":1,"href":"https:\/\/radiorevelacionfm.cl\/index.php?rest_route=\/wp\/v2\/posts\/43264\/revisions"}],"predecessor-version":[{"id":43266,"href":"https:\/\/radiorevelacionfm.cl\/index.php?rest_route=\/wp\/v2\/posts\/43264\/revisions\/43266"}],"wp:featuredmedia":[{"embeddable":true,"href":"https:\/\/radiorevelacionfm.cl\/index.php?rest_route=\/wp\/v2\/media\/43265"}],"wp:attachment":[{"href":"https:\/\/radiorevelacionfm.cl\/index.php?rest_route=%2Fwp%2Fv2%2Fmedia&parent=43264"}],"wp:term":[{"taxonomy":"category","embeddable":true,"href":"https:\/\/radiorevelacionfm.cl\/index.php?rest_route=%2Fwp%2Fv2%2Fcategories&post=43264"},{"taxonomy":"post_tag","embeddable":true,"href":"https:\/\/radiorevelacionfm.cl\/index.php?rest_route=%2Fwp%2Fv2%2Ftags&post=43264"}],"curies":[{"name":"wp","href":"https:\/\/api.w.org\/{rel}","templated":true}]}}