{"id":43261,"date":"2024-06-16T18:05:47","date_gmt":"2024-06-16T21:05:47","guid":{"rendered":"https:\/\/radiorevelacionfm.cl\/?p=43261"},"modified":"2024-06-16T18:05:47","modified_gmt":"2024-06-16T21:05:47","slug":"26-anos-celebro-el-circulo-de-hijos-y-amigos-de-chiloe-en-puerto-aysen","status":"publish","type":"post","link":"https:\/\/radiorevelacionfm.cl\/?p=43261","title":{"rendered":"26 a\u00f1os celebr\u00f3 el \u201cCirculo de Hijos y Amigos de Chilo\u00e9\u201d en Puerto Ays\u00e9n"},"content":{"rendered":"<div class=\"flex_column av_one_full  flex_column_div av-zero-column-padding first  avia-builder-el-0  el_before_av_one_full  avia-builder-el-first  \" style='border-radius:0px; '><div  class='avia-image-container  av-styling-    avia-builder-el-1  avia-builder-el-no-sibling  avia-align-center '  itemprop=\"image\" itemscope=\"itemscope\" itemtype=\"https:\/\/schema.org\/ImageObject\"  ><div class='avia-image-container-inner'><div class='avia-image-overlay-wrap'><img decoding=\"async\" class='wp-image-43262 avia-img-lazy-loading-not-43262 avia_image' src=\"https:\/\/radiorevelacionfm.cl\/wp-content\/uploads\/2024\/06\/circulo-hijos-y-amigos-chiloe-1-1_optimized-1.jpg\" alt='' title='circulo-hijos-y-amigos-chiloe-1-(1)_optimized (1)' height=\"600\" width=\"1332\"  itemprop=\"thumbnailUrl\" srcset=\"https:\/\/radiorevelacionfm.cl\/wp-content\/uploads\/2024\/06\/circulo-hijos-y-amigos-chiloe-1-1_optimized-1.jpg 1332w, https:\/\/radiorevelacionfm.cl\/wp-content\/uploads\/2024\/06\/circulo-hijos-y-amigos-chiloe-1-1_optimized-1-300x135.jpg 300w, https:\/\/radiorevelacionfm.cl\/wp-content\/uploads\/2024\/06\/circulo-hijos-y-amigos-chiloe-1-1_optimized-1-1030x464.jpg 1030w, https:\/\/radiorevelacionfm.cl\/wp-content\/uploads\/2024\/06\/circulo-hijos-y-amigos-chiloe-1-1_optimized-1-768x346.jpg 768w, https:\/\/radiorevelacionfm.cl\/wp-content\/uploads\/2024\/06\/circulo-hijos-y-amigos-chiloe-1-1_optimized-1-705x318.jpg 705w, https:\/\/radiorevelacionfm.cl\/wp-content\/uploads\/2024\/06\/circulo-hijos-y-amigos-chiloe-1-1_optimized-1-450x203.jpg 450w, https:\/\/radiorevelacionfm.cl\/wp-content\/uploads\/2024\/06\/circulo-hijos-y-amigos-chiloe-1-1_optimized-1-600x270.jpg 600w\" sizes=\"(max-width: 1332px) 100vw, 1332px\" \/><\/div><\/div><\/div><\/div><div class=\"flex_column av_one_full  flex_column_div av-zero-column-padding first  avia-builder-el-2  el_after_av_one_full  el_before_av_one_full  column-top-margin\" style='border-radius:0px; '><section class=\"av_textblock_section \"  itemscope=\"itemscope\" itemtype=\"https:\/\/schema.org\/BlogPosting\" itemprop=\"blogPost\" ><div class='avia_textblock  '   itemprop=\"text\" ><p style=\"text-align: center;\"><strong><span style=\"font-size: 18pt;\">26 a\u00f1os celebr\u00f3 el \u201cCirculo de Hijos y Amigos de Chilo\u00e9\u201d en Puerto Ays\u00e9n<\/span><\/strong><\/p>\n<div id=\"gtx-trans\" style=\"position: absolute; left: -50px; top: 4.31534px;\">\n<div class=\"gtx-trans-icon\"><\/div>\n<\/div>\n<\/div><\/section><\/div><div class=\"flex_column av_one_full  flex_column_div av-zero-column-padding first  avia-builder-el-4  el_after_av_one_full  el_before_av_hr  column-top-margin\" style='border-radius:0px; '><section class=\"av_textblock_section \"  itemscope=\"itemscope\" itemtype=\"https:\/\/schema.org\/BlogPosting\" itemprop=\"blogPost\" ><div class='avia_textblock  '   itemprop=\"text\" ><p style=\"text-align: justify;\">En la actividad estuvo el Alcalde Julio Uribe y la directora de la Dideco del Municipio local Nadia Bravo, jornada que fue acompa\u00f1ada en lo musical por el grupo parte de la entidad cultural \u201cChiloAys\u00e9n\u201d.<\/p>\n<p style=\"text-align: justify;\">El mes de junio, pero del a\u00f1o 1998, se cre\u00f3 en Puerto Ays\u00e9n el \u201cCirculo de Hijos y Amigos de Chilo\u00e9\u201d, organizaci\u00f3n liderada por el conocido gestor cultural y folclorista Jos\u00e9 Pincol, quien, junto a un importante grupo de vecinos con or\u00edgenes chilotes, se re\u00fanen permanentemente a realizar actividades y disfrutar de la m\u00fasica de la isla grande, mediante su grupo \u201cChiloAys\u00e9n\u201d.<\/p>\n<p style=\"text-align: justify;\">Pr\u00e1cticamente desde sus inicios, a\u00f1o a a\u00f1o, el Alcalde Julio Uribe, acompa\u00f1a la celebraci\u00f3n del aniversario de esta reconocida organizaci\u00f3n.<\/p>\n<p style=\"text-align: justify;\">\u201cAlgo que nos caracteriza, es estar siempre protegiendo la cultura, apoyando a nuestras organizaciones y en eso estamos hoy en d\u00eda. Como siempre, no nos perdemos aniversario del Circulo Hijos y Amigos de Chilo\u00e9, ellos son unos comprometidos con Ays\u00e9n, con el folclore. Por lo tanto, siempre estamos atentos, pendientes con qu\u00e9 cosas podemos colaborar. Creo que es una instituci\u00f3n que se ha ganado el respeto de toda nuestra comunidad y con don Jos\u00e9 somos amigos hace ya varios a\u00f1os, desde el 2008 cuando asumo como Consejero Regional, desde ese entonces, estamos involucrados, colabor\u00e1ndoles con los diferentes proyectos y siempre tirando para adelante la cultura Chilota y Aysenina\u201d, se\u00f1al\u00f3 el edil.<\/p>\n<p style=\"text-align: justify;\">\u201cQueda harto hilo en el carrete para trabajar por la cultura\u201d, de esta forma, Jos\u00e9 Pincol, presidente del Circulo Hijos y Amigos de Chilo\u00e9, inici\u00f3 sus palabras en la celebraci\u00f3n n\u00famero 26 de la organizaci\u00f3n. \u201cPretendemos seguir mucho m\u00e1s todav\u00eda, porque queda mucha fuerza y queda mucho hilo en el carrete para trabajar por la cultura, por lo que es nuestra identidad y para estar junto al pueblo de Ays\u00e9n. El 10 de junio del a\u00f1o 1998, se crea esta organizaci\u00f3n, con la necesidad de preservar y difundir nuestra cultura Chilota, para no olvidarnos de las viejas tradiciones que trajimos de la isla. Hemos trabajado bien, con proyectos, todos los a\u00f1os distintas cosas hacemos, folclore, artesan\u00edas, comida, tejidos, entre otras actividades\u201d.<\/p>\n<p style=\"text-align: justify;\">Jos\u00e9 Pincol, destac\u00f3 el permanente trabajo con otras organizaciones, servicios p\u00fablicos, autoridades y en particular con el alcalde de Ays\u00e9n, Julio Uribe y el Municipio.<\/p>\n<\/div><\/section><\/div><div  style='height:50px' class='hr hr-invisible   avia-builder-el-6  el_after_av_one_full  el_before_av_social_share '><span class='hr-inner ' ><span class='hr-inner-style'><\/span><\/span><\/div><\/p>\n<div  class='av-social-sharing-box  avia-builder-el-7  el_after_av_hr  el_before_av_hr  '><div class='av-share-box'><h5 class='av-share-link-description av-no-toc '>Compartir esta noticia<\/h5><ul class='av-share-box-list noLightbox'><li class='av-share-link av-social-link-facebook' ><a target=\"_blank\" aria-label=\"Compartir en Facebook\" href='https:\/\/www.facebook.com\/sharer.php?u=https:\/\/radiorevelacionfm.cl\/?p=43261&#038;t=26%20a%C3%B1os%20celebr%C3%B3%20el%20%E2%80%9CCirculo%20de%20Hijos%20y%20Amigos%20de%20Chilo%C3%A9%E2%80%9D%20en%20Puerto%20Ays%C3%A9n' aria-hidden='false' data-av_icon='\ue8f3' data-av_iconfont='entypo-fontello' title='' data-avia-related-tooltip='Compartir en Facebook' rel=\"noopener\"><span class='avia_hidden_link_text'>Compartir en Facebook<\/span><\/a><\/li><li class='av-share-link av-social-link-twitter' ><a target=\"_blank\" aria-label=\"Compartir en Twitter\" href='https:\/\/twitter.com\/share?text=26%20a%C3%B1os%20celebr%C3%B3%20el%20%E2%80%9CCirculo%20de%20Hijos%20y%20Amigos%20de%20Chilo%C3%A9%E2%80%9D%20en%20Puerto%20Ays%C3%A9n&#038;url=https:\/\/radiorevelacionfm.cl\/?p=43261' aria-hidden='false' data-av_icon='\ue8f1' data-av_iconfont='entypo-fontello' title='' data-avia-related-tooltip='Compartir en Twitter' rel=\"noopener\"><span class='avia_hidden_link_text'>Compartir en Twitter<\/span><\/a><\/li><li class='av-share-link av-social-link-whatsapp' ><a target=\"_blank\" aria-label=\"Compartir en Whatsapp\" href='https:\/\/api.whatsapp.com\/send?text=https:\/\/radiorevelacionfm.cl\/?p=43261' aria-hidden='false' data-av_icon='\uf232' data-av_iconfont='entypo-fontello' title='' data-avia-related-tooltip='Compartir en Whatsapp' rel=\"noopener\"><span class='avia_hidden_link_text'>Compartir en Whatsapp<\/span><\/a><\/li><li class='av-share-link av-social-link-linkedin' ><a target=\"_blank\" aria-label=\"Compartir en LinkedIn\" href='https:\/\/linkedin.com\/shareArticle?mini=true&#038;title=26%20a%C3%B1os%20celebr%C3%B3%20el%20%E2%80%9CCirculo%20de%20Hijos%20y%20Amigos%20de%20Chilo%C3%A9%E2%80%9D%20en%20Puerto%20Ays%C3%A9n&#038;url=https:\/\/radiorevelacionfm.cl\/?p=43261' aria-hidden='false' data-av_icon='\ue8fc' data-av_iconfont='entypo-fontello' title='' data-avia-related-tooltip='Compartir en LinkedIn' rel=\"noopener\"><span class='avia_hidden_link_text'>Compartir en LinkedIn<\/span><\/a><\/li><li class='av-share-link av-social-link-mail' ><a  aria-label=\"Compartir por correo\" href='mailto:?subject=26%20a%C3%B1os%20celebr%C3%B3%20el%20%E2%80%9CCirculo%20de%20Hijos%20y%20Amigos%20de%20Chilo%C3%A9%E2%80%9D%20en%20Puerto%20Ays%C3%A9n&#038;body=https:\/\/radiorevelacionfm.cl\/?p=43261' aria-hidden='false' data-av_icon='\ue805' data-av_iconfont='entypo-fontello' title='' data-avia-related-tooltip='Compartir por correo'><span class='avia_hidden_link_text'>Compartir por correo<\/span><\/a><\/li><\/ul><\/div><\/div>\n<div  style='height:50px' class='hr hr-invisible   avia-builder-el-8  el_after_av_social_share  el_before_av_comments_list '><span class='hr-inner ' ><span class='hr-inner-style'><\/span><\/span><\/div>\n<div  class='av-buildercomment  av-blog-meta-html-info-disabled av-blog-meta-tag-disabled  '><\/div>\n","protected":false},"excerpt":{"rendered":"","protected":false},"author":1,"featured_media":43262,"comment_status":"open","ping_status":"open","sticky":false,"template":"","format":"standard","meta":{"footnotes":""},"categories":[38],"tags":[],"class_list":["post-43261","post","type-post","status-publish","format-standard","has-post-thumbnail","hentry","category-regional"],"jetpack_featured_media_url":"https:\/\/radiorevelacionfm.cl\/wp-content\/uploads\/2024\/06\/circulo-hijos-y-amigos-chiloe-1-1_optimized-1.jpg","_links":{"self":[{"href":"https:\/\/radiorevelacionfm.cl\/index.php?rest_route=\/wp\/v2\/posts\/43261","targetHints":{"allow":["GET"]}}],"collection":[{"href":"https:\/\/radiorevelacionfm.cl\/index.php?rest_route=\/wp\/v2\/posts"}],"about":[{"href":"https:\/\/radiorevelacionfm.cl\/index.php?rest_route=\/wp\/v2\/types\/post"}],"author":[{"embeddable":true,"href":"https:\/\/radiorevelacionfm.cl\/index.php?rest_route=\/wp\/v2\/users\/1"}],"replies":[{"embeddable":true,"href":"https:\/\/radiorevelacionfm.cl\/index.php?rest_route=%2Fwp%2Fv2%2Fcomments&post=43261"}],"version-history":[{"count":1,"href":"https:\/\/radiorevelacionfm.cl\/index.php?rest_route=\/wp\/v2\/posts\/43261\/revisions"}],"predecessor-version":[{"id":43263,"href":"https:\/\/radiorevelacionfm.cl\/index.php?rest_route=\/wp\/v2\/posts\/43261\/revisions\/43263"}],"wp:featuredmedia":[{"embeddable":true,"href":"https:\/\/radiorevelacionfm.cl\/index.php?rest_route=\/wp\/v2\/media\/43262"}],"wp:attachment":[{"href":"https:\/\/radiorevelacionfm.cl\/index.php?rest_route=%2Fwp%2Fv2%2Fmedia&parent=43261"}],"wp:term":[{"taxonomy":"category","embeddable":true,"href":"https:\/\/radiorevelacionfm.cl\/index.php?rest_route=%2Fwp%2Fv2%2Fcategories&post=43261"},{"taxonomy":"post_tag","embeddable":true,"href":"https:\/\/radiorevelacionfm.cl\/index.php?rest_route=%2Fwp%2Fv2%2Ftags&post=43261"}],"curies":[{"name":"wp","href":"https:\/\/api.w.org\/{rel}","templated":true}]}}