{"id":4326,"date":"2021-05-20T10:39:56","date_gmt":"2021-05-20T13:39:56","guid":{"rendered":"https:\/\/radiorevelacionfm.cl\/?p=4326"},"modified":"2021-05-20T10:39:56","modified_gmt":"2021-05-20T13:39:56","slug":"ya-estan-abiertas-las-postulaciones-al-programa-reactivate-pyme-2021-de-sercotec","status":"publish","type":"post","link":"https:\/\/radiorevelacionfm.cl\/?p=4326","title":{"rendered":"Ya est\u00e1n abiertas las postulaciones al programa React\u00edvate Pyme 2021 de Sercotec"},"content":{"rendered":"<div class=\"flex_column av_one_full  flex_column_div av-zero-column-padding first  avia-builder-el-0  el_before_av_one_full  avia-builder-el-first  \" style='border-radius:0px; '><div  class='avia-image-container  av-styling-    avia-builder-el-1  avia-builder-el-no-sibling  avia-align-center '  itemprop=\"image\" itemscope=\"itemscope\" itemtype=\"https:\/\/schema.org\/ImageObject\"  ><div class='avia-image-container-inner'><div class='avia-image-overlay-wrap'><img decoding=\"async\" class='wp-image-0 avia-img-lazy-loading-not-0 avia_image' src=\"https:\/\/radiorevelacionfm.cl\/wp-content\/uploads\/2021\/05\/LANZAMIENTO-REACTIVATE-PYME-2021-4-1.jpeg\" alt='' title=''   itemprop=\"thumbnailUrl\"  \/><\/div><\/div><\/div><\/div>\n<div class=\"flex_column av_one_full  flex_column_div av-zero-column-padding first  avia-builder-el-2  el_after_av_one_full  el_before_av_one_full  column-top-margin\" style='border-radius:0px; '><section class=\"av_textblock_section \"  itemscope=\"itemscope\" itemtype=\"https:\/\/schema.org\/BlogPosting\" itemprop=\"blogPost\" ><div class='avia_textblock  '   itemprop=\"text\" ><p style=\"text-align: center;\"><strong><span style=\"font-size: 18pt;\">Ya est\u00e1n abiertas las postulaciones al programa React\u00edvate Pyme 2021 de Sercotec<\/span><\/strong><\/p>\n<div id=\"gtx-trans\" style=\"position: absolute; left: -50px; top: 4.31534px;\">\n<div class=\"gtx-trans-icon\"><\/div>\n<\/div>\n<\/div><\/section><\/div>\n<div class=\"flex_column av_one_full  flex_column_div av-zero-column-padding first  avia-builder-el-4  el_after_av_one_full  el_before_av_hr  column-top-margin\" style='border-radius:0px; '><section class=\"av_textblock_section \"  itemscope=\"itemscope\" itemtype=\"https:\/\/schema.org\/BlogPosting\" itemprop=\"blogPost\" ><div class='avia_textblock  '   itemprop=\"text\" ><p style=\"text-align: justify;\">Son cerca de 200 pymes las que podr\u00e1n ser beneficiadas en la regi\u00f3n, seg\u00fan el c\u00e1lculo de las autoridades en esta nueva convocatoria del programa Reactiva tu pyme de Sercotec, tan esperado para los peque\u00f1os y medianos empresarios de la regi\u00f3n que han sufrido bajas en sus ventas producto de la pandemia.<\/p>\n<p style=\"text-align: justify;\">La Intendenta Margarita Ossa valor\u00f3 la medida e indic\u00f3 que \u201cEste es un programa que tiene como prop\u00f3sito apoyar a las micro y peque\u00f1as empresas de cualquier sector econ\u00f3mico del pa\u00eds, cuyo objetivo es entregar una ayuda continua a todos aquellos que se vieron dr\u00e1sticamente afectados por la pandemia del Covid-19. En ese sentido, el Gobierno va a entregar 870 millones de pesos para la Regi\u00f3n de Ays\u00e9n, como parte de las medidas de reactivaci\u00f3n econ\u00f3mica que buscan beneficiar a 200 pymes del territorio\u201d.<\/p>\n<p style=\"text-align: justify;\">En tanto Paulina Retamal, propietaria del taller de textiles y lanas\u00a0<i>koorto<\/i>\u00a0realiz\u00f3 un llamado a todas las pymes a participar \u201cEste tiempo no ha sido f\u00e1cil para los emprendedores y Pymes de la regi\u00f3n. Es por eso que iniciativas como \u00e9stas vienen a apoyarnos en nuestro modelo de negocios. En el caso particular de nuestro taller, nosotros confeccionamos productos con materias primas muy escasas hoy en el mercado y que est\u00e1n a un alto costo. Adem\u00e1s, en esta ocasi\u00f3n tambi\u00e9n podemos justificar otros gastos que hemos tenido en el marco de la pandemia, as\u00ed que invitamos a sumarse a este llamado a concursos de Sercotec\u201d.<\/p>\n<p style=\"text-align: justify;\">Para el Seremi de Econom\u00eda Carlos Pacheco esta medida viene a \u201capoyar a nuestras pymes que tan mal lo est\u00e1n pasando, recordar que en la capital Coyhaique, comuna donde se agrupa la mayor cantidad de pymes de la regi\u00f3n, se encuentra actualmente en fase 1 cuarentena, lo que significa que muchas de ellas se encuentran entregando sus productos y servicios de manera remota o Delivery. Es por esto que este instrumento viene a reforzar en parte los gastos que han tenido durante estos largos meses de pandemia\u201d.<\/p>\n<p style=\"text-align: justify;\">Por su parte Cinthya Pantanalli, Directora Regional de Sercotec realiz\u00f3 un llamado aquellas Pymes que realizaron ventas anuales iguales o superiores a 100 uf ($2.960.000 aprox.) postulen en la p\u00e1gina\u00a0<a href=\"http:\/\/sercotec.cl\/\" target=\"_blank\" rel=\"noopener\" data-saferedirecturl=\"https:\/\/www.google.com\/url?q=http:\/\/sercotec.cl\/&amp;source=gmail&amp;ust=1621604135980000&amp;usg=AFQjCNGGbKXHbt5iskSj8cjERUURkEVumQ\">sercotec.cl<\/a>, ubiquen el banner de la regi\u00f3n de Ays\u00e9n y su respectiva comuna para poder acceder a este importante instrumento de apoyo que este a\u00f1o incluye gastos retroactivos hasta marzo del a\u00f1o 2020 y que est\u00e1n claramente explicados en la web para el conocimiento e informaci\u00f3n de los interesados de esta convocatoria. Es importante que lo hagan cuanto antes ya que el concurso se cierra el pr\u00f3ximo lunes\u201d, inform\u00f3 la autoridad.<\/p>\n<p style=\"text-align: justify;\"><b>\u00bfQui\u00e9nes pueden acceder?<\/b><\/p>\n<p style=\"text-align: justify;\">Micro y peque\u00f1as empresas con inicio de actividades en primera categor\u00eda ante el Servicio de Impuestos Internos, hasta el 30 de junio de 2019 o hasta el 31 de julio de 2019 (dependiendo de la regi\u00f3n) y estar vigente al inicio de esta convocatoria.<\/p>\n<p style=\"text-align: justify;\">Registrar ventas netas mayores o iguales a 100 UF e inferiores o iguales a 25.000 UF, desde febrero 2020 a enero 2021.<\/p>\n<p style=\"text-align: justify;\">Haber disminuido las ventas producto de la crisis sanitaria por Covid-19, comparando los per\u00edodos: julio-agosto-septiembre 2019, con julio-agosto-septiembre 2020.<\/p>\n<p style=\"text-align: justify;\">Otros requisitos establecidos en las Bases de Convocatoria en el siguiente enlace:\u00a0<a href=\"https:\/\/www.sercotec.cl\/reactivate-pyme-comunas-de-coyhaique-y-aysen-2021\/\" target=\"_blank\" rel=\"noopener\" data-saferedirecturl=\"https:\/\/www.google.com\/url?q=https:\/\/www.sercotec.cl\/reactivate-pyme-comunas-de-coyhaique-y-aysen-2021\/&amp;source=gmail&amp;ust=1621604135980000&amp;usg=AFQjCNHFU2GVqVPEdVWqbFESh7V8HeCEYA\">https:\/\/www.sercotec.<wbr \/>cl\/reactivate-pyme-comunas-de-<wbr \/>coyhaique-y-aysen-2021\/<\/a><\/p>\n<\/div><\/section><\/div><div  style='height:50px' class='hr hr-invisible   avia-builder-el-6  el_after_av_one_full  el_before_av_social_share '><span class='hr-inner ' ><span class='hr-inner-style'><\/span><\/span><\/div><\/p>\n<div  class='av-social-sharing-box  avia-builder-el-7  el_after_av_hr  el_before_av_hr  '><div class='av-share-box'><h5 class='av-share-link-description av-no-toc '>Compartir esta noticia<\/h5><ul class='av-share-box-list noLightbox'><li class='av-share-link av-social-link-facebook' ><a target=\"_blank\" aria-label=\"Compartir en Facebook\" href='https:\/\/www.facebook.com\/sharer.php?u=https:\/\/radiorevelacionfm.cl\/?p=4326&#038;t=Ya%20est%C3%A1n%20abiertas%20las%20postulaciones%20al%20programa%20React%C3%ADvate%20Pyme%202021%20de%20Sercotec' aria-hidden='false' data-av_icon='\ue8f3' data-av_iconfont='entypo-fontello' title='' data-avia-related-tooltip='Compartir en Facebook' rel=\"noopener\"><span class='avia_hidden_link_text'>Compartir en Facebook<\/span><\/a><\/li><li class='av-share-link av-social-link-twitter' ><a target=\"_blank\" aria-label=\"Compartir en Twitter\" href='https:\/\/twitter.com\/share?text=Ya%20est%C3%A1n%20abiertas%20las%20postulaciones%20al%20programa%20React%C3%ADvate%20Pyme%202021%20de%20Sercotec&#038;url=https:\/\/radiorevelacionfm.cl\/?p=4326' aria-hidden='false' data-av_icon='\ue8f1' data-av_iconfont='entypo-fontello' title='' data-avia-related-tooltip='Compartir en Twitter' rel=\"noopener\"><span class='avia_hidden_link_text'>Compartir en Twitter<\/span><\/a><\/li><li class='av-share-link av-social-link-whatsapp' ><a target=\"_blank\" aria-label=\"Compartir en Whatsapp\" href='https:\/\/api.whatsapp.com\/send?text=https:\/\/radiorevelacionfm.cl\/?p=4326' aria-hidden='false' data-av_icon='\uf232' data-av_iconfont='entypo-fontello' title='' data-avia-related-tooltip='Compartir en Whatsapp' rel=\"noopener\"><span class='avia_hidden_link_text'>Compartir en Whatsapp<\/span><\/a><\/li><li class='av-share-link av-social-link-linkedin' ><a target=\"_blank\" aria-label=\"Compartir en LinkedIn\" href='https:\/\/linkedin.com\/shareArticle?mini=true&#038;title=Ya%20est%C3%A1n%20abiertas%20las%20postulaciones%20al%20programa%20React%C3%ADvate%20Pyme%202021%20de%20Sercotec&#038;url=https:\/\/radiorevelacionfm.cl\/?p=4326' aria-hidden='false' data-av_icon='\ue8fc' data-av_iconfont='entypo-fontello' title='' data-avia-related-tooltip='Compartir en LinkedIn' rel=\"noopener\"><span class='avia_hidden_link_text'>Compartir en LinkedIn<\/span><\/a><\/li><li class='av-share-link av-social-link-mail' ><a  aria-label=\"Compartir por correo\" href='mailto:?subject=Ya%20est%C3%A1n%20abiertas%20las%20postulaciones%20al%20programa%20React%C3%ADvate%20Pyme%202021%20de%20Sercotec&#038;body=https:\/\/radiorevelacionfm.cl\/?p=4326' aria-hidden='false' data-av_icon='\ue805' data-av_iconfont='entypo-fontello' title='' data-avia-related-tooltip='Compartir por correo'><span class='avia_hidden_link_text'>Compartir por correo<\/span><\/a><\/li><\/ul><\/div><\/div>\n<div  style='height:50px' class='hr hr-invisible   avia-builder-el-8  el_after_av_social_share  el_before_av_comments_list '><span class='hr-inner ' ><span class='hr-inner-style'><\/span><\/span><\/div>\n<div  class='av-buildercomment  av-blog-meta-html-info-disabled av-blog-meta-tag-disabled  '><\/div>\n","protected":false},"excerpt":{"rendered":"","protected":false},"author":1,"featured_media":0,"comment_status":"open","ping_status":"open","sticky":false,"template":"","format":"standard","meta":{"footnotes":""},"categories":[37],"tags":[],"class_list":["post-4326","post","type-post","status-publish","format-standard","hentry","category-economia"],"jetpack_featured_media_url":"","_links":{"self":[{"href":"https:\/\/radiorevelacionfm.cl\/index.php?rest_route=\/wp\/v2\/posts\/4326","targetHints":{"allow":["GET"]}}],"collection":[{"href":"https:\/\/radiorevelacionfm.cl\/index.php?rest_route=\/wp\/v2\/posts"}],"about":[{"href":"https:\/\/radiorevelacionfm.cl\/index.php?rest_route=\/wp\/v2\/types\/post"}],"author":[{"embeddable":true,"href":"https:\/\/radiorevelacionfm.cl\/index.php?rest_route=\/wp\/v2\/users\/1"}],"replies":[{"embeddable":true,"href":"https:\/\/radiorevelacionfm.cl\/index.php?rest_route=%2Fwp%2Fv2%2Fcomments&post=4326"}],"version-history":[{"count":2,"href":"https:\/\/radiorevelacionfm.cl\/index.php?rest_route=\/wp\/v2\/posts\/4326\/revisions"}],"predecessor-version":[{"id":4337,"href":"https:\/\/radiorevelacionfm.cl\/index.php?rest_route=\/wp\/v2\/posts\/4326\/revisions\/4337"}],"wp:attachment":[{"href":"https:\/\/radiorevelacionfm.cl\/index.php?rest_route=%2Fwp%2Fv2%2Fmedia&parent=4326"}],"wp:term":[{"taxonomy":"category","embeddable":true,"href":"https:\/\/radiorevelacionfm.cl\/index.php?rest_route=%2Fwp%2Fv2%2Fcategories&post=4326"},{"taxonomy":"post_tag","embeddable":true,"href":"https:\/\/radiorevelacionfm.cl\/index.php?rest_route=%2Fwp%2Fv2%2Ftags&post=4326"}],"curies":[{"name":"wp","href":"https:\/\/api.w.org\/{rel}","templated":true}]}}