{"id":43255,"date":"2024-06-16T16:50:41","date_gmt":"2024-06-16T19:50:41","guid":{"rendered":"https:\/\/radiorevelacionfm.cl\/?p=43255"},"modified":"2024-06-16T16:50:41","modified_gmt":"2024-06-16T19:50:41","slug":"vecinos-as-de-la-poblacion-clotario-blest-de-coyhaique-celebraron-la-pavimentacion-de-sus-tres-ultimas-calles-de-tierra","status":"publish","type":"post","link":"https:\/\/radiorevelacionfm.cl\/?p=43255","title":{"rendered":"Vecinos\/as de la Poblaci\u00f3n Clotario Blest de Coyhaique celebraron la pavimentaci\u00f3n de sus tres \u00faltimas calles de tierra"},"content":{"rendered":"<div class=\"flex_column av_one_full  flex_column_div av-zero-column-padding first  avia-builder-el-0  el_before_av_one_full  avia-builder-el-first  \" style='border-radius:0px; '><div  class='avia-image-container  av-styling-    avia-builder-el-1  avia-builder-el-no-sibling  avia-align-center '  itemprop=\"image\" itemscope=\"itemscope\" itemtype=\"https:\/\/schema.org\/ImageObject\"  ><div class='avia-image-container-inner'><div class='avia-image-overlay-wrap'><img decoding=\"async\" class='wp-image-43256 avia-img-lazy-loading-not-43256 avia_image' src=\"https:\/\/radiorevelacionfm.cl\/wp-content\/uploads\/2024\/06\/corte-de-cinta-que-da-por-inauguradas-las-ultimas-tres-calles-de-tierra-en-la-poblacion-clotartio-blest-de-coyhaique-1_optimized-1.jpg\" alt='' title='corte-de-cinta-que-da-por-inauguradas-las-ultimas-tres-calles-de-tierra-en-la-poblaci\u00f3n-clotartio-blest-de-coyhaique-(1)_optimized (1)' height=\"600\" width=\"1066\"  itemprop=\"thumbnailUrl\" srcset=\"https:\/\/radiorevelacionfm.cl\/wp-content\/uploads\/2024\/06\/corte-de-cinta-que-da-por-inauguradas-las-ultimas-tres-calles-de-tierra-en-la-poblacion-clotartio-blest-de-coyhaique-1_optimized-1.jpg 1066w, https:\/\/radiorevelacionfm.cl\/wp-content\/uploads\/2024\/06\/corte-de-cinta-que-da-por-inauguradas-las-ultimas-tres-calles-de-tierra-en-la-poblacion-clotartio-blest-de-coyhaique-1_optimized-1-300x169.jpg 300w, https:\/\/radiorevelacionfm.cl\/wp-content\/uploads\/2024\/06\/corte-de-cinta-que-da-por-inauguradas-las-ultimas-tres-calles-de-tierra-en-la-poblacion-clotartio-blest-de-coyhaique-1_optimized-1-1030x580.jpg 1030w, https:\/\/radiorevelacionfm.cl\/wp-content\/uploads\/2024\/06\/corte-de-cinta-que-da-por-inauguradas-las-ultimas-tres-calles-de-tierra-en-la-poblacion-clotartio-blest-de-coyhaique-1_optimized-1-768x432.jpg 768w, https:\/\/radiorevelacionfm.cl\/wp-content\/uploads\/2024\/06\/corte-de-cinta-que-da-por-inauguradas-las-ultimas-tres-calles-de-tierra-en-la-poblacion-clotartio-blest-de-coyhaique-1_optimized-1-705x397.jpg 705w, https:\/\/radiorevelacionfm.cl\/wp-content\/uploads\/2024\/06\/corte-de-cinta-que-da-por-inauguradas-las-ultimas-tres-calles-de-tierra-en-la-poblacion-clotartio-blest-de-coyhaique-1_optimized-1-450x253.jpg 450w, https:\/\/radiorevelacionfm.cl\/wp-content\/uploads\/2024\/06\/corte-de-cinta-que-da-por-inauguradas-las-ultimas-tres-calles-de-tierra-en-la-poblacion-clotartio-blest-de-coyhaique-1_optimized-1-600x338.jpg 600w\" sizes=\"(max-width: 1066px) 100vw, 1066px\" \/><\/div><\/div><\/div><\/div><div class=\"flex_column av_one_full  flex_column_div av-zero-column-padding first  avia-builder-el-2  el_after_av_one_full  el_before_av_one_full  column-top-margin\" style='border-radius:0px; '><section class=\"av_textblock_section \"  itemscope=\"itemscope\" itemtype=\"https:\/\/schema.org\/BlogPosting\" itemprop=\"blogPost\" ><div class='avia_textblock  '   itemprop=\"text\" ><p style=\"text-align: center;\"><span style=\"font-size: 18pt;\"><strong>Vecinos\/as de la Poblaci\u00f3n Clotario Blest de Coyhaique celebraron la pavimentaci\u00f3n de sus tres \u00faltimas calles de tierra<\/strong><\/span><\/p>\n<div id=\"gtx-trans\" style=\"position: absolute; left: -50px; top: 4.31534px;\">\n<div class=\"gtx-trans-icon\"><\/div>\n<\/div>\n<\/div><\/section><\/div><div class=\"flex_column av_one_full  flex_column_div av-zero-column-padding first  avia-builder-el-4  el_after_av_one_full  el_before_av_hr  column-top-margin\" style='border-radius:0px; '><section class=\"av_textblock_section \"  itemscope=\"itemscope\" itemtype=\"https:\/\/schema.org\/BlogPosting\" itemprop=\"blogPost\" ><div class='avia_textblock  '   itemprop=\"text\" ><p style=\"text-align: justify;\">Con participaci\u00f3n de dirigentes, autoridades y vecinos se realiz\u00f3 el pasado viernes la ceremonia de inauguraci\u00f3n de pavimentos ejecutados en varias calles y pasajes de la segunda y tercera etapa de la Poblaci\u00f3n Clotario Blest Rifo de Coyhaique. Se trata de un proyecto seleccionado en el llamado N\u00b0 31 del Programa de Pavimentaci\u00f3n Participativa del Ministerio de Vivienda y Urbanismo (Minvu), el que se pudo hacer realidad con una inversi\u00f3n cercana a los 320 millones de pesos provenientes del Minvu y del Gobierno Regional, que asumi\u00f3 la cuota que correspond\u00eda al municipio y a los mismos vecinos.<\/p>\n<p style=\"text-align: justify;\">Con estos recursos se logr\u00f3 pavimentar m\u00e1s de 460 metros lineales de calzadas y aceras, lo que en este caso representa unas nueve cuadras de las calles Williams Sanders, Regidor Osvaldo Alinco y Juan Panterriu, las que eran una antigua demanda de los vecinos del sector. De esta forma, se favorece el desplazamiento, la seguridad y la calidad de vida de al menos 270 familias que han ido dando vida a este gran barrio que ya tiene m\u00e1s de dos d\u00e9cadas de existencia.<\/p>\n<p style=\"text-align: justify;\">El Alcalde de Coyhaique, Carlos Gatica, destac\u00f3 la concreci\u00f3n de estas obras que ser\u00e1n complementadas con otros adelantos orientados tambi\u00e9n a mejorar la vida de las familias del barrio. \u201cAgradecer igual al Gobierno Regional porque aprob\u00f3 los recursos que el municipio no ten\u00eda en su momento para poder finalizar esta obra. La verdad es que muy, muy contentos por esto, seguimos avanzando en la recuperaci\u00f3n de dos multicanchas que est\u00e1n en este sector, que fue un compromiso que adquirimos tambi\u00e9n, y que son parte de lo que queremos hacer, que es la recuperaci\u00f3n de los espacios p\u00fablicos y la recuperaci\u00f3n de las veredas y las calles, porque esto est\u00e1 enmarcado tambi\u00e9n en ese plan de recuperaci\u00f3n\u201d, indic\u00f3.<\/p>\n<p style=\"text-align: justify;\">El Seremi de Vivienda (S), Rodrigo D\u00edaz, destac\u00f3 el trabajo y el compromiso conjunto que permiten concretar proyectos tan relevantes para la comunidad como son las pavimentaciones: \u201cEstas obras son fundamentales para el Ministerio de Vivienda y Urbanismo, que hace muy buenas casas, pero tambi\u00e9n pavimentos participativos. Aqu\u00ed tenemos el cumplimiento efectivo del compromiso de la Seremi Paulina Ruz con los vecinos de la poblaci\u00f3n Clotario Blest, respecto de una demanda muy sentida. Cuando se articula el Estado a trav\u00e9s del Ministerio, a trav\u00e9s del municipio, a trav\u00e9s del Gobierno Regional, finalmente los \u00fanicos beneficiados son los vecinos. Y eso es lo que hoy d\u00eda ac\u00e1 celebramos y destacamos junto a los dirigentes\u201d, manifest\u00f3.<\/p>\n<p style=\"text-align: justify;\">Para la presidenta de la Junta de Vecinos, Sandra Vargas, se trata de un motivo de gran orgullo para la comunidad, un avance que se debe reconocer y valorar.\u00a0 \u201cPrimero quiero agradecer a nuestras autoridades y a toda mi directiva, porque hoy somos la voz de nuestros vecinos y vecinas. Agradecemos al alcalde, a nuestros consejeros y a nuestra Seremi Paulina que siempre est\u00e1 trabajando a full con nosotros. Cuando t\u00fa trabajas en unidad con nuestro Gobierno siempre vas a tener dignidad y bienestar para nuestros vecinos. Hoy tenemos una calle hermosa y tambi\u00e9n decirles que estas eran las tres calles que nos faltaban, por lo que ya tenemos toda nuestra poblaci\u00f3n pavimentada gracias a nuestra din\u00e1mica y gracias a nuestras autoridades\u201d, precis\u00f3.<\/p>\n<p style=\"text-align: justify;\">El Delegado Presidencial Regional Subrogante, Samuel Navarro, coincidi\u00f3 en destacar estas obras de pavimentaci\u00f3n como un ejemplo de coordinaci\u00f3n y compromiso compartido, elementos claves para construir las ciudades y la regi\u00f3n que todos so\u00f1amos. \u201cEste es un adelanto importante y demuestra que el trabajo mancomunado entre el Gobierno Regional, la municipalidad y el Ministerio de Vivienda rinde sus frutos, tiene resultados. Llamamos, como en otros aspectos de la vida, a continuar potenciando este trabajo conjunto para mejorar la calidad de vida de las personas. Ese es el llamado que hacemos como Gobierno en forma permanente, ese es el trabajo que hacemos y pedimos para beneficio de nuestra comunidad\u201d, afirm\u00f3.<\/p>\n<p style=\"text-align: justify;\">Finalmente, las autoridades recordaron que en base a los proyectos aprobados en el llamado 32 del Programa, se est\u00e1n pavimentado actualmente m\u00e1s de siete kil\u00f3metros lineales de calles y pasajes en varias comunas de la regi\u00f3n, con una inversi\u00f3n que supera los 7 mil 300 millones de pesos. De igual forma en los pr\u00f3ximos meses se iniciar\u00e1n proyectos seleccionados en el llamado 33, donde se contemplan obras por otros 2 mil 400 millones de pesos, recursos que permitir\u00e1n intervenir calles, pasajes y veredas en localidades como Puerto Ays\u00e9n, Puerto Puyuhuapi, Villa \u00d1irehuao, Caleta Tortel o Coyhaique, entre otras.<\/p>\n<\/div><\/section><\/div><div  style='height:50px' class='hr hr-invisible   avia-builder-el-6  el_after_av_one_full  el_before_av_social_share '><span class='hr-inner ' ><span class='hr-inner-style'><\/span><\/span><\/div><\/p>\n<div  class='av-social-sharing-box  avia-builder-el-7  el_after_av_hr  el_before_av_hr  '><div class='av-share-box'><h5 class='av-share-link-description av-no-toc '>Compartir esta noticia<\/h5><ul class='av-share-box-list noLightbox'><li class='av-share-link av-social-link-facebook' ><a target=\"_blank\" aria-label=\"Compartir en Facebook\" href='https:\/\/www.facebook.com\/sharer.php?u=https:\/\/radiorevelacionfm.cl\/?p=43255&#038;t=Vecinos%2Fas%20de%20la%20Poblaci%C3%B3n%20Clotario%20Blest%20de%20Coyhaique%20celebraron%20la%20pavimentaci%C3%B3n%20de%20sus%20tres%20%C3%BAltimas%20calles%20de%20tierra' aria-hidden='false' data-av_icon='\ue8f3' data-av_iconfont='entypo-fontello' title='' data-avia-related-tooltip='Compartir en Facebook' rel=\"noopener\"><span class='avia_hidden_link_text'>Compartir en Facebook<\/span><\/a><\/li><li class='av-share-link av-social-link-twitter' ><a target=\"_blank\" aria-label=\"Compartir en Twitter\" href='https:\/\/twitter.com\/share?text=Vecinos%2Fas%20de%20la%20Poblaci%C3%B3n%20Clotario%20Blest%20de%20Coyhaique%20celebraron%20la%20pavimentaci%C3%B3n%20de%20sus%20tres%20%C3%BAltimas%20calles%20de%20tierra&#038;url=https:\/\/radiorevelacionfm.cl\/?p=43255' aria-hidden='false' data-av_icon='\ue8f1' data-av_iconfont='entypo-fontello' title='' data-avia-related-tooltip='Compartir en Twitter' rel=\"noopener\"><span class='avia_hidden_link_text'>Compartir en Twitter<\/span><\/a><\/li><li class='av-share-link av-social-link-whatsapp' ><a target=\"_blank\" aria-label=\"Compartir en Whatsapp\" href='https:\/\/api.whatsapp.com\/send?text=https:\/\/radiorevelacionfm.cl\/?p=43255' aria-hidden='false' data-av_icon='\uf232' data-av_iconfont='entypo-fontello' title='' data-avia-related-tooltip='Compartir en Whatsapp' rel=\"noopener\"><span class='avia_hidden_link_text'>Compartir en Whatsapp<\/span><\/a><\/li><li class='av-share-link av-social-link-linkedin' ><a target=\"_blank\" aria-label=\"Compartir en LinkedIn\" href='https:\/\/linkedin.com\/shareArticle?mini=true&#038;title=Vecinos%2Fas%20de%20la%20Poblaci%C3%B3n%20Clotario%20Blest%20de%20Coyhaique%20celebraron%20la%20pavimentaci%C3%B3n%20de%20sus%20tres%20%C3%BAltimas%20calles%20de%20tierra&#038;url=https:\/\/radiorevelacionfm.cl\/?p=43255' aria-hidden='false' data-av_icon='\ue8fc' data-av_iconfont='entypo-fontello' title='' data-avia-related-tooltip='Compartir en LinkedIn' rel=\"noopener\"><span class='avia_hidden_link_text'>Compartir en LinkedIn<\/span><\/a><\/li><li class='av-share-link av-social-link-mail' ><a  aria-label=\"Compartir por correo\" href='mailto:?subject=Vecinos%2Fas%20de%20la%20Poblaci%C3%B3n%20Clotario%20Blest%20de%20Coyhaique%20celebraron%20la%20pavimentaci%C3%B3n%20de%20sus%20tres%20%C3%BAltimas%20calles%20de%20tierra&#038;body=https:\/\/radiorevelacionfm.cl\/?p=43255' aria-hidden='false' data-av_icon='\ue805' data-av_iconfont='entypo-fontello' title='' data-avia-related-tooltip='Compartir por correo'><span class='avia_hidden_link_text'>Compartir por correo<\/span><\/a><\/li><\/ul><\/div><\/div>\n<div  style='height:50px' class='hr hr-invisible   avia-builder-el-8  el_after_av_social_share  el_before_av_comments_list '><span class='hr-inner ' ><span class='hr-inner-style'><\/span><\/span><\/div>\n<div  class='av-buildercomment  av-blog-meta-html-info-disabled av-blog-meta-tag-disabled  '><\/div>\n","protected":false},"excerpt":{"rendered":"","protected":false},"author":1,"featured_media":43256,"comment_status":"open","ping_status":"open","sticky":false,"template":"","format":"standard","meta":{"footnotes":""},"categories":[38],"tags":[],"class_list":["post-43255","post","type-post","status-publish","format-standard","has-post-thumbnail","hentry","category-regional"],"jetpack_featured_media_url":"https:\/\/radiorevelacionfm.cl\/wp-content\/uploads\/2024\/06\/corte-de-cinta-que-da-por-inauguradas-las-ultimas-tres-calles-de-tierra-en-la-poblacion-clotartio-blest-de-coyhaique-1_optimized-1.jpg","_links":{"self":[{"href":"https:\/\/radiorevelacionfm.cl\/index.php?rest_route=\/wp\/v2\/posts\/43255","targetHints":{"allow":["GET"]}}],"collection":[{"href":"https:\/\/radiorevelacionfm.cl\/index.php?rest_route=\/wp\/v2\/posts"}],"about":[{"href":"https:\/\/radiorevelacionfm.cl\/index.php?rest_route=\/wp\/v2\/types\/post"}],"author":[{"embeddable":true,"href":"https:\/\/radiorevelacionfm.cl\/index.php?rest_route=\/wp\/v2\/users\/1"}],"replies":[{"embeddable":true,"href":"https:\/\/radiorevelacionfm.cl\/index.php?rest_route=%2Fwp%2Fv2%2Fcomments&post=43255"}],"version-history":[{"count":1,"href":"https:\/\/radiorevelacionfm.cl\/index.php?rest_route=\/wp\/v2\/posts\/43255\/revisions"}],"predecessor-version":[{"id":43257,"href":"https:\/\/radiorevelacionfm.cl\/index.php?rest_route=\/wp\/v2\/posts\/43255\/revisions\/43257"}],"wp:featuredmedia":[{"embeddable":true,"href":"https:\/\/radiorevelacionfm.cl\/index.php?rest_route=\/wp\/v2\/media\/43256"}],"wp:attachment":[{"href":"https:\/\/radiorevelacionfm.cl\/index.php?rest_route=%2Fwp%2Fv2%2Fmedia&parent=43255"}],"wp:term":[{"taxonomy":"category","embeddable":true,"href":"https:\/\/radiorevelacionfm.cl\/index.php?rest_route=%2Fwp%2Fv2%2Fcategories&post=43255"},{"taxonomy":"post_tag","embeddable":true,"href":"https:\/\/radiorevelacionfm.cl\/index.php?rest_route=%2Fwp%2Fv2%2Ftags&post=43255"}],"curies":[{"name":"wp","href":"https:\/\/api.w.org\/{rel}","templated":true}]}}