{"id":43252,"date":"2024-06-15T20:16:24","date_gmt":"2024-06-15T23:16:24","guid":{"rendered":"https:\/\/radiorevelacionfm.cl\/?p=43252"},"modified":"2024-06-15T20:16:24","modified_gmt":"2024-06-15T23:16:24","slug":"prision-preventiva-e-internacion-provisoria-para-imputados-en-dos-casos-de-secuestros-y-robo-con-violencia-ocurridos-en-coyhaique","status":"publish","type":"post","link":"https:\/\/radiorevelacionfm.cl\/?p=43252","title":{"rendered":"Prisi\u00f3n preventiva e internaci\u00f3n provisoria para imputados en dos casos de secuestros y robo con violencia ocurridos en Coyhaique"},"content":{"rendered":"<div class=\"flex_column av_one_full  flex_column_div av-zero-column-padding first  avia-builder-el-0  el_before_av_one_full  avia-builder-el-first  \" style='border-radius:0px; '><div  class='avia-image-container  av-styling-    avia-builder-el-1  avia-builder-el-no-sibling  avia-align-center '  itemprop=\"image\" itemscope=\"itemscope\" itemtype=\"https:\/\/schema.org\/ImageObject\"  ><div class='avia-image-container-inner'><div class='avia-image-overlay-wrap'><img decoding=\"async\" class='wp-image-43253 avia-img-lazy-loading-not-43253 avia_image' src=\"https:\/\/radiorevelacionfm.cl\/wp-content\/uploads\/2024\/06\/foto-garantia-1_optimized-1.jpg\" alt='' title='foto-garantia-(1)_optimized (1)' height=\"600\" width=\"1187\"  itemprop=\"thumbnailUrl\" srcset=\"https:\/\/radiorevelacionfm.cl\/wp-content\/uploads\/2024\/06\/foto-garantia-1_optimized-1.jpg 1187w, https:\/\/radiorevelacionfm.cl\/wp-content\/uploads\/2024\/06\/foto-garantia-1_optimized-1-300x152.jpg 300w, https:\/\/radiorevelacionfm.cl\/wp-content\/uploads\/2024\/06\/foto-garantia-1_optimized-1-1030x521.jpg 1030w, https:\/\/radiorevelacionfm.cl\/wp-content\/uploads\/2024\/06\/foto-garantia-1_optimized-1-768x388.jpg 768w, https:\/\/radiorevelacionfm.cl\/wp-content\/uploads\/2024\/06\/foto-garantia-1_optimized-1-705x356.jpg 705w, https:\/\/radiorevelacionfm.cl\/wp-content\/uploads\/2024\/06\/foto-garantia-1_optimized-1-450x227.jpg 450w, https:\/\/radiorevelacionfm.cl\/wp-content\/uploads\/2024\/06\/foto-garantia-1_optimized-1-600x303.jpg 600w\" sizes=\"(max-width: 1187px) 100vw, 1187px\" \/><\/div><\/div><\/div><\/div><div class=\"flex_column av_one_full  flex_column_div av-zero-column-padding first  avia-builder-el-2  el_after_av_one_full  el_before_av_one_full  column-top-margin\" style='border-radius:0px; '><section class=\"av_textblock_section \"  itemscope=\"itemscope\" itemtype=\"https:\/\/schema.org\/BlogPosting\" itemprop=\"blogPost\" ><div class='avia_textblock  '   itemprop=\"text\" ><p style=\"text-align: center;\"><strong><span style=\"font-size: 18pt;\">Prisi\u00f3n preventiva e internaci\u00f3n provisoria para imputados en dos casos de secuestros y robo con violencia ocurridos en Coyhaique<\/span><\/strong><\/p>\n<div id=\"gtx-trans\" style=\"position: absolute; left: -50px; top: 4.31534px;\">\n<div class=\"gtx-trans-icon\"><\/div>\n<\/div>\n<\/div><\/section><\/div><div class=\"flex_column av_one_full  flex_column_div av-zero-column-padding first  avia-builder-el-4  el_after_av_one_full  el_before_av_hr  column-top-margin\" style='border-radius:0px; '><section class=\"av_textblock_section \"  itemscope=\"itemscope\" itemtype=\"https:\/\/schema.org\/BlogPosting\" itemprop=\"blogPost\" ><div class='avia_textblock  '   itemprop=\"text\" ><div><\/div>\n<div style=\"text-align: justify;\"><span style=\"text-align: justify;\">El Juzgado de Garant\u00eda de Coyhaique dej\u00f3 hoy \u2013s\u00e1bado 15 de junio\u2013 sujetos a la medida cautelar de prisi\u00f3n preventiva a S.E.B.G. y a internaci\u00f3n provisoria a dos menores de edad, imputados por el Ministerio P\u00fablico como autores de los delitos consumados de secuestro y robo con violencia. Il\u00edcitos perpetrados el mi\u00e9rcoles reci\u00e9n pasado, en la ciudad.<\/span><\/div>\n<div>\n<p class=\"v1MsoNormal\" style=\"text-align: justify;\">En la audiencia de formalizaci\u00f3n (causa rol 1.440-2024), el magistrado Mario Devaud Ojeda orden\u00f3 el ingreso de\u00a0S.E.B.G. al Centro de Cumplimiento Penitenciario de Coyhaique y la internaci\u00f3n provisoria de los adolescentes, por considerar que la libertad de los imputados\u00a0constituye un peligro para la seguridad de la sociedad. Adem\u00e1s, fij\u00f3 en 75 d\u00edas el plazo de investigaci\u00f3n.<\/p>\n<p class=\"v1MsoNormal\" style=\"text-align: justify;\">Seg\u00fan el ente persecutor, entre las 18:15 y 21:00 horas del 12 de junio de 2024, los imputados, junto a un tercero desconocido, mantuvieron encerrada a la primera v\u00edctima al interior de su veh\u00edculo particular. Privado de libertad e intimidado con pistolas en la cabeza, los imputados lo trasladaron por diversas calles de la ciudad de Coyhaique.<\/p>\n<p class=\"v1MsoNormal\" style=\"text-align: justify;\">En dicho contexto, a las 18:50 horas aproximadamente, en la intersecci\u00f3n de las calles Ca\u00f1ete con Los Cipreses, tres de los malhechores descendieron del veh\u00edculo para abordar a una segunda v\u00edctima, a la cual, el igual que en el primer plagio, golpearon con pistolas en la cabeza y obligaron a subirse al asiento trasero de su propio veh\u00edculo, entre uno de los adolescentes y el tercero a\u00fan no identificado, quienes entre golpes en la cabeza, lo registran y apropian de su billetera, en la cual manten\u00eda $150.000\u00a0en dinero en efectivo y una tarjeta bancaria de su suegra.<\/p>\n<p class=\"v1MsoNormal\" style=\"text-align: justify;\">Posteriormente, y tras reunir a ambas v\u00edctimas en el veh\u00edculo de una de ellas, los imputados procedieron a trasladarlas por diversas calles de la ciudad, hasta que liberaron a uno de los retenidos, a las 20:58 horas, y aproximadamente a las 21, al otro.<\/p>\n<p class=\"v1MsoNormal\" style=\"text-align: justify;\">A consecuencia de las agresiones, las v\u00edctimas resultaron con lesiones de car\u00e1cter leve.<\/p>\n<p style=\"text-align: justify;\"><strong>CASO OCURRIDO LA PRIMERA SEMANA DE JUNIO\u00a0<\/strong><\/p>\n<p class=\"v1MsoNormal\" style=\"text-align: justify;\">El Juzgado de Garant\u00eda de Coyhaique dej\u00f3 hoy \u2013s\u00e1bado 15 de junio\u2013 sujeto a la medida cautelar de prisi\u00f3n preventiva a Germ\u00e1n Gerardo Trivi\u00f1o \u00d1ancul, imputado por el Ministerio P\u00fablico como autor de los delitos consumados de secuestro y microtr\u00e1fico. Il\u00edcito perpetrado el lunes de la semana reci\u00e9n pasada, en la ciudad.<\/p>\n<p class=\"v1MsoNormal\" style=\"text-align: justify;\">En la audiencia de formalizaci\u00f3n (causa rol 1.346-2024), el magistrado Mario Devaud Ojeda orden\u00f3 el ingreso de Trivi\u00f1o \u00d1ancul al Centro de Cumplimiento Penitenciario de Coyhaique, por considerar que la libertad del imputado constituye un peligro para la seguridad de la sociedad. Adem\u00e1s, fij\u00f3 en 90 d\u00edas el plazo de investigaci\u00f3n.<\/p>\n<p class=\"v1MsoNormal\" style=\"text-align: justify;\">Seg\u00fan el ente persecutor, alrededor de las tres de la tarde del 3 junio del 2024, el imputado y otros dos sujetos no identificados se trasladaban por la v\u00eda p\u00fablica a bordo de una camioneta marca KIA, modelo Sportage. Al llegar a la villa Terrazas del Sol de la ciudad de Coyhaique, se bajaron del veh\u00edculo el imputado y uno de sus acompa\u00f1antes, quienes portando armas de fuego se acercaron a la v\u00edctima y obligaron a subir a la camioneta bajo la amenaza de que, si no lo hac\u00eda, le \u00abiban a volar una pierna\u00bb. Una vez en la parte trasera del m\u00f3vil, en medio de dos de los captores, la v\u00edctima fue retenida y trasladada en contra de su voluntad, por diversas calles de la ciudad hasta que la abandonaron en las inmediaciones del Museo Regional de Coyhaique.<\/p>\n<p class=\"v1MsoNormal\" style=\"text-align: justify;\">Finalmente, el jueves 13 junio de 2024, alrededor de las 19:55 horas, personal policial dio cumplimiento a la orden de entrada y registro a un domicilio de la ciudad de Puerto Ays\u00e9n, inmueble donde procedieron a la detenci\u00f3n de Trivi\u00f1o \u00d1ancul, quien se encontraba en posesi\u00f3n de dos bolsas de marihuana, por un peso bruto de 25 gramos. Sustancia que estaba destinada al tr\u00e1fico il\u00edcito de droga en peque\u00f1as cantidades.<\/p>\n<\/div>\n<\/div><\/section><\/div><div  style='height:50px' class='hr hr-invisible   avia-builder-el-6  el_after_av_one_full  el_before_av_social_share '><span class='hr-inner ' ><span class='hr-inner-style'><\/span><\/span><\/div><\/p>\n<div  class='av-social-sharing-box  avia-builder-el-7  el_after_av_hr  el_before_av_hr  '><div class='av-share-box'><h5 class='av-share-link-description av-no-toc '>Compartir esta noticia<\/h5><ul class='av-share-box-list noLightbox'><li class='av-share-link av-social-link-facebook' ><a target=\"_blank\" aria-label=\"Compartir en Facebook\" href='https:\/\/www.facebook.com\/sharer.php?u=https:\/\/radiorevelacionfm.cl\/?p=43252&#038;t=Prisi%C3%B3n%20preventiva%20e%20internaci%C3%B3n%20provisoria%20para%20imputados%20en%20dos%20casos%20de%20secuestros%20y%20robo%20con%20violencia%20ocurridos%20en%20Coyhaique' aria-hidden='false' data-av_icon='\ue8f3' data-av_iconfont='entypo-fontello' title='' data-avia-related-tooltip='Compartir en Facebook' rel=\"noopener\"><span class='avia_hidden_link_text'>Compartir en Facebook<\/span><\/a><\/li><li class='av-share-link av-social-link-twitter' ><a target=\"_blank\" aria-label=\"Compartir en Twitter\" href='https:\/\/twitter.com\/share?text=Prisi%C3%B3n%20preventiva%20e%20internaci%C3%B3n%20provisoria%20para%20imputados%20en%20dos%20casos%20de%20secuestros%20y%20robo%20con%20violencia%20ocurridos%20en%20Coyhaique&#038;url=https:\/\/radiorevelacionfm.cl\/?p=43252' aria-hidden='false' data-av_icon='\ue8f1' data-av_iconfont='entypo-fontello' title='' data-avia-related-tooltip='Compartir en Twitter' rel=\"noopener\"><span class='avia_hidden_link_text'>Compartir en Twitter<\/span><\/a><\/li><li class='av-share-link av-social-link-whatsapp' ><a target=\"_blank\" aria-label=\"Compartir en Whatsapp\" href='https:\/\/api.whatsapp.com\/send?text=https:\/\/radiorevelacionfm.cl\/?p=43252' aria-hidden='false' data-av_icon='\uf232' data-av_iconfont='entypo-fontello' title='' data-avia-related-tooltip='Compartir en Whatsapp' rel=\"noopener\"><span class='avia_hidden_link_text'>Compartir en Whatsapp<\/span><\/a><\/li><li class='av-share-link av-social-link-linkedin' ><a target=\"_blank\" aria-label=\"Compartir en LinkedIn\" href='https:\/\/linkedin.com\/shareArticle?mini=true&#038;title=Prisi%C3%B3n%20preventiva%20e%20internaci%C3%B3n%20provisoria%20para%20imputados%20en%20dos%20casos%20de%20secuestros%20y%20robo%20con%20violencia%20ocurridos%20en%20Coyhaique&#038;url=https:\/\/radiorevelacionfm.cl\/?p=43252' aria-hidden='false' data-av_icon='\ue8fc' data-av_iconfont='entypo-fontello' title='' data-avia-related-tooltip='Compartir en LinkedIn' rel=\"noopener\"><span class='avia_hidden_link_text'>Compartir en LinkedIn<\/span><\/a><\/li><li class='av-share-link av-social-link-mail' ><a  aria-label=\"Compartir por correo\" href='mailto:?subject=Prisi%C3%B3n%20preventiva%20e%20internaci%C3%B3n%20provisoria%20para%20imputados%20en%20dos%20casos%20de%20secuestros%20y%20robo%20con%20violencia%20ocurridos%20en%20Coyhaique&#038;body=https:\/\/radiorevelacionfm.cl\/?p=43252' aria-hidden='false' data-av_icon='\ue805' data-av_iconfont='entypo-fontello' title='' data-avia-related-tooltip='Compartir por correo'><span class='avia_hidden_link_text'>Compartir por correo<\/span><\/a><\/li><\/ul><\/div><\/div>\n<div  style='height:50px' class='hr hr-invisible   avia-builder-el-8  el_after_av_social_share  el_before_av_comments_list '><span class='hr-inner ' ><span class='hr-inner-style'><\/span><\/span><\/div>\n<div  class='av-buildercomment  av-blog-meta-html-info-disabled av-blog-meta-tag-disabled  '><\/div>\n","protected":false},"excerpt":{"rendered":"","protected":false},"author":1,"featured_media":43253,"comment_status":"open","ping_status":"open","sticky":false,"template":"","format":"standard","meta":{"footnotes":""},"categories":[55],"tags":[],"class_list":["post-43252","post","type-post","status-publish","format-standard","has-post-thumbnail","hentry","category-justicia"],"jetpack_featured_media_url":"https:\/\/radiorevelacionfm.cl\/wp-content\/uploads\/2024\/06\/foto-garantia-1_optimized-1.jpg","_links":{"self":[{"href":"https:\/\/radiorevelacionfm.cl\/index.php?rest_route=\/wp\/v2\/posts\/43252","targetHints":{"allow":["GET"]}}],"collection":[{"href":"https:\/\/radiorevelacionfm.cl\/index.php?rest_route=\/wp\/v2\/posts"}],"about":[{"href":"https:\/\/radiorevelacionfm.cl\/index.php?rest_route=\/wp\/v2\/types\/post"}],"author":[{"embeddable":true,"href":"https:\/\/radiorevelacionfm.cl\/index.php?rest_route=\/wp\/v2\/users\/1"}],"replies":[{"embeddable":true,"href":"https:\/\/radiorevelacionfm.cl\/index.php?rest_route=%2Fwp%2Fv2%2Fcomments&post=43252"}],"version-history":[{"count":1,"href":"https:\/\/radiorevelacionfm.cl\/index.php?rest_route=\/wp\/v2\/posts\/43252\/revisions"}],"predecessor-version":[{"id":43254,"href":"https:\/\/radiorevelacionfm.cl\/index.php?rest_route=\/wp\/v2\/posts\/43252\/revisions\/43254"}],"wp:featuredmedia":[{"embeddable":true,"href":"https:\/\/radiorevelacionfm.cl\/index.php?rest_route=\/wp\/v2\/media\/43253"}],"wp:attachment":[{"href":"https:\/\/radiorevelacionfm.cl\/index.php?rest_route=%2Fwp%2Fv2%2Fmedia&parent=43252"}],"wp:term":[{"taxonomy":"category","embeddable":true,"href":"https:\/\/radiorevelacionfm.cl\/index.php?rest_route=%2Fwp%2Fv2%2Fcategories&post=43252"},{"taxonomy":"post_tag","embeddable":true,"href":"https:\/\/radiorevelacionfm.cl\/index.php?rest_route=%2Fwp%2Fv2%2Ftags&post=43252"}],"curies":[{"name":"wp","href":"https:\/\/api.w.org\/{rel}","templated":true}]}}