{"id":43249,"date":"2024-06-15T17:46:26","date_gmt":"2024-06-15T20:46:26","guid":{"rendered":"https:\/\/radiorevelacionfm.cl\/?p=43249"},"modified":"2024-06-15T17:53:24","modified_gmt":"2024-06-15T20:53:24","slug":"coyhaique-en-prision-preventiva-imputado-por-secuestro-ocurrido-el-3-de-junio","status":"publish","type":"post","link":"https:\/\/radiorevelacionfm.cl\/?p=43249","title":{"rendered":"Coyhaique: En prisi\u00f3n preventiva qued\u00f3 imputado por secuestro ocurrido el 3 de junio"},"content":{"rendered":"<div class=\"flex_column av_one_full  flex_column_div av-zero-column-padding first  avia-builder-el-0  el_before_av_one_full  avia-builder-el-first  \" style='border-radius:0px; '><div  class='avia-image-container  av-styling-    avia-builder-el-1  avia-builder-el-no-sibling  avia-align-center '  itemprop=\"image\" itemscope=\"itemscope\" itemtype=\"https:\/\/schema.org\/ImageObject\"  ><div class='avia-image-container-inner'><div class='avia-image-overlay-wrap'><img decoding=\"async\" class='wp-image-42869 avia-img-lazy-loading-not-42869 avia_image' src=\"https:\/\/radiorevelacionfm.cl\/wp-content\/uploads\/2024\/06\/090a78f9-aa86-4418-ae76-b7c3b1d0ee69-1_optimized.jpg\" alt='' title='090a78f9-aa86-4418-ae76-b7c3b1d0ee69-(1)_optimized' height=\"600\" width=\"800\"  itemprop=\"thumbnailUrl\" srcset=\"https:\/\/radiorevelacionfm.cl\/wp-content\/uploads\/2024\/06\/090a78f9-aa86-4418-ae76-b7c3b1d0ee69-1_optimized.jpg 800w, https:\/\/radiorevelacionfm.cl\/wp-content\/uploads\/2024\/06\/090a78f9-aa86-4418-ae76-b7c3b1d0ee69-1_optimized-300x225.jpg 300w, https:\/\/radiorevelacionfm.cl\/wp-content\/uploads\/2024\/06\/090a78f9-aa86-4418-ae76-b7c3b1d0ee69-1_optimized-768x576.jpg 768w, https:\/\/radiorevelacionfm.cl\/wp-content\/uploads\/2024\/06\/090a78f9-aa86-4418-ae76-b7c3b1d0ee69-1_optimized-705x529.jpg 705w, https:\/\/radiorevelacionfm.cl\/wp-content\/uploads\/2024\/06\/090a78f9-aa86-4418-ae76-b7c3b1d0ee69-1_optimized-450x338.jpg 450w, https:\/\/radiorevelacionfm.cl\/wp-content\/uploads\/2024\/06\/090a78f9-aa86-4418-ae76-b7c3b1d0ee69-1_optimized-600x450.jpg 600w\" sizes=\"(max-width: 800px) 100vw, 800px\" \/><\/div><\/div><\/div><\/div>\n<div class=\"flex_column av_one_full  flex_column_div av-zero-column-padding first  avia-builder-el-2  el_after_av_one_full  el_before_av_one_full  column-top-margin\" style='border-radius:0px; '><section class=\"av_textblock_section \"  itemscope=\"itemscope\" itemtype=\"https:\/\/schema.org\/BlogPosting\" itemprop=\"blogPost\" ><div class='avia_textblock  '   itemprop=\"text\" ><p style=\"text-align: center;\"><span style=\"font-size: 18pt;\"><b>Coyhaique: En prisi\u00f3n preventiva qued\u00f3 imputado por secuestro ocurrido el 3 de junio<\/b><\/span><\/p>\n<div id=\"gtx-trans\" style=\"position: absolute; left: -50px; top: 4.31534px;\">\n<div class=\"gtx-trans-icon\"><\/div>\n<\/div>\n<\/div><\/section><\/div><div class=\"flex_column av_one_full  flex_column_div av-zero-column-padding first  avia-builder-el-4  el_after_av_one_full  el_before_av_hr  column-top-margin\" style='border-radius:0px; '><section class=\"av_textblock_section \"  itemscope=\"itemscope\" itemtype=\"https:\/\/schema.org\/BlogPosting\" itemprop=\"blogPost\" ><div class='avia_textblock  '   itemprop=\"text\" ><p style=\"font-weight: 400; text-align: justify;\">Al llegar a una villa del sector alto de Coyhaique, se bajaron dos de los involucrados, entre ellos el imputado formalizado hoy, quienes -premunidos de armas de fuego-, se acercaron a la v\u00edctima a quien amenazaron para subir al autom\u00f3vil.<\/p>\n<p style=\"font-weight: 400; text-align: justify;\">La Fiscal\u00eda Local de Coyhaique formaliz\u00f3 este s\u00e1bado a un sujeto por el delito de secuestro, hecho ocurrido la tarde del 3 de junio en Coyhaique. Adem\u00e1s, el imputado fue detenido en Puerto Ays\u00e9n por detectives de la Brigada Antinarc\u00f3ticos de la PDI por microtr\u00e1fico de drogas.<\/p>\n<p style=\"font-weight: 400; text-align: justify;\">De acuerdo a lo expuesto en la audiencia por el fiscal jefe de Coyhaique, Jos\u00e9 Moris, el 3 de junio alrededor de las 15:00 horas, el imputado de 20 a\u00f1os junto a otros dos sujetos, se trasladaban por la v\u00eda p\u00fablica en un veh\u00edculo blanco. Al llegar a una villa del sector alto de Coyhaique, se bajaron dos de los involucrados, entre ellos el imputado formalizado hoy, quienes -premunidos de armas de fuego-, se acercaron a la v\u00edctima a quien amenazaron para que subir al autom\u00f3vil.<\/p>\n<p style=\"font-weight: 400; text-align: justify;\">Una vez en el interior del m\u00f3vil, los imputados segu\u00edan amenazando a la v\u00edctima con armas de fuego, traslad\u00e1ndola por diversas calles hasta dejarla en las inmediaciones de un recinto p\u00fablico, ubicado en el sector de Tejas Verdes de Coyhaique. En este caso, las diligencias investigativas fueron solicitadas por el Ministerio P\u00fablico a la Brigada de Homicidios de la PDI.<\/p>\n<p style=\"font-weight: 400; text-align: justify;\"><strong>MICROTR\u00c1FICO<\/strong><\/p>\n<p style=\"font-weight: 400; text-align: justify;\">Como parte de esta investigaci\u00f3n, el jueves reci\u00e9n pasado alrededor de las 19.55 horas, personal de la Brigada Antinarc\u00f3ticos de la PDI, concurri\u00f3 hasta el domicilio del imputado en Puerto Ays\u00e9n, lugar donde fue sorprendido en posesi\u00f3n de dos bolsas de nylon con cannabis sativa, con un peso bruto de 25 gramos, dinero en efectivo y una pesa digital, especies que estaban en el dormitorio del imputado.<\/p>\n<p style=\"font-weight: 400; text-align: justify;\">A solicitud de la Fiscal\u00eda, el imputado fue puesto en prisi\u00f3n preventiva por el Juzgado de Garant\u00eda, el cual estableci\u00f3 un plazo de 80 d\u00edas para el t\u00e9rmino de las diligencias.<\/p>\n<p style=\"font-weight: 400; text-align: justify;\"><strong>OTRO DETENIDO<\/strong><\/p>\n<p style=\"font-weight: 400; text-align: justify;\">En el marco de esta causa, el 04 de junio alrededor de las 02.27 horas de la madrugada, otro imputado, quien fue formalizado como encubridor por la Fiscal\u00eda, fue sorprendido conduciendo el veh\u00edculo utilizado para el secuestro, por calle Almirante Simpson de esta comuna.<\/p>\n<p style=\"font-weight: 400; text-align: justify;\">En dicha circunstancia, fue fiscalizado por personal de Carabineros de la Primera Comisar\u00eda, quienes se percataron que el m\u00f3vil estaba con olor a cloro, para ocultar los efectos del delito e impedir su descubrimiento.<\/p>\n<p style=\"font-weight: 400; text-align: justify;\">Para este segundo imputado, quien ya fue formalizado, el Ministerio P\u00fablico solicit\u00f3 las medidas cautelares de arraigo nacional y comunal, adem\u00e1s de la prohibici\u00f3n de acercarse a la v\u00edctima de este hecho, petici\u00f3n que fue acogida por el Juzgado de Garant\u00eda.<\/p>\n<\/div><\/section><\/div><\/p>\n<div  style='height:50px' class='hr hr-invisible   avia-builder-el-6  el_after_av_one_full  el_before_av_social_share '><span class='hr-inner ' ><span class='hr-inner-style'><\/span><\/span><\/div>\n<div  class='av-social-sharing-box  avia-builder-el-7  el_after_av_hr  el_before_av_hr  '><div class='av-share-box'><h5 class='av-share-link-description av-no-toc '>Compartir esta noticia<\/h5><ul class='av-share-box-list noLightbox'><li class='av-share-link av-social-link-facebook' ><a target=\"_blank\" aria-label=\"Compartir en Facebook\" href='https:\/\/www.facebook.com\/sharer.php?u=https:\/\/radiorevelacionfm.cl\/?p=43249&#038;t=Coyhaique%3A%20En%20prisi%C3%B3n%20preventiva%20qued%C3%B3%20imputado%20por%20secuestro%20ocurrido%20el%203%20de%20junio' aria-hidden='false' data-av_icon='\ue8f3' data-av_iconfont='entypo-fontello' title='' data-avia-related-tooltip='Compartir en Facebook' rel=\"noopener\"><span class='avia_hidden_link_text'>Compartir en Facebook<\/span><\/a><\/li><li class='av-share-link av-social-link-twitter' ><a target=\"_blank\" aria-label=\"Compartir en Twitter\" href='https:\/\/twitter.com\/share?text=Coyhaique%3A%20En%20prisi%C3%B3n%20preventiva%20qued%C3%B3%20imputado%20por%20secuestro%20ocurrido%20el%203%20de%20junio&#038;url=https:\/\/radiorevelacionfm.cl\/?p=43249' aria-hidden='false' data-av_icon='\ue8f1' data-av_iconfont='entypo-fontello' title='' data-avia-related-tooltip='Compartir en Twitter' rel=\"noopener\"><span class='avia_hidden_link_text'>Compartir en Twitter<\/span><\/a><\/li><li class='av-share-link av-social-link-whatsapp' ><a target=\"_blank\" aria-label=\"Compartir en Whatsapp\" href='https:\/\/api.whatsapp.com\/send?text=https:\/\/radiorevelacionfm.cl\/?p=43249' aria-hidden='false' data-av_icon='\uf232' data-av_iconfont='entypo-fontello' title='' data-avia-related-tooltip='Compartir en Whatsapp' rel=\"noopener\"><span class='avia_hidden_link_text'>Compartir en Whatsapp<\/span><\/a><\/li><li class='av-share-link av-social-link-linkedin' ><a target=\"_blank\" aria-label=\"Compartir en LinkedIn\" href='https:\/\/linkedin.com\/shareArticle?mini=true&#038;title=Coyhaique%3A%20En%20prisi%C3%B3n%20preventiva%20qued%C3%B3%20imputado%20por%20secuestro%20ocurrido%20el%203%20de%20junio&#038;url=https:\/\/radiorevelacionfm.cl\/?p=43249' aria-hidden='false' data-av_icon='\ue8fc' data-av_iconfont='entypo-fontello' title='' data-avia-related-tooltip='Compartir en LinkedIn' rel=\"noopener\"><span class='avia_hidden_link_text'>Compartir en LinkedIn<\/span><\/a><\/li><li class='av-share-link av-social-link-mail' ><a  aria-label=\"Compartir por correo\" href='mailto:?subject=Coyhaique%3A%20En%20prisi%C3%B3n%20preventiva%20qued%C3%B3%20imputado%20por%20secuestro%20ocurrido%20el%203%20de%20junio&#038;body=https:\/\/radiorevelacionfm.cl\/?p=43249' aria-hidden='false' data-av_icon='\ue805' data-av_iconfont='entypo-fontello' title='' data-avia-related-tooltip='Compartir por correo'><span class='avia_hidden_link_text'>Compartir por correo<\/span><\/a><\/li><\/ul><\/div><\/div>\n<div  style='height:50px' class='hr hr-invisible   avia-builder-el-8  el_after_av_social_share  el_before_av_comments_list '><span class='hr-inner ' ><span class='hr-inner-style'><\/span><\/span><\/div>\n<div  class='av-buildercomment  av-blog-meta-html-info-disabled av-blog-meta-tag-disabled  '><\/div>\n","protected":false},"excerpt":{"rendered":"","protected":false},"author":1,"featured_media":42869,"comment_status":"open","ping_status":"open","sticky":false,"template":"","format":"standard","meta":{"footnotes":""},"categories":[55],"tags":[],"class_list":["post-43249","post","type-post","status-publish","format-standard","has-post-thumbnail","hentry","category-justicia"],"jetpack_featured_media_url":"https:\/\/radiorevelacionfm.cl\/wp-content\/uploads\/2024\/06\/090a78f9-aa86-4418-ae76-b7c3b1d0ee69-1_optimized.jpg","_links":{"self":[{"href":"https:\/\/radiorevelacionfm.cl\/index.php?rest_route=\/wp\/v2\/posts\/43249","targetHints":{"allow":["GET"]}}],"collection":[{"href":"https:\/\/radiorevelacionfm.cl\/index.php?rest_route=\/wp\/v2\/posts"}],"about":[{"href":"https:\/\/radiorevelacionfm.cl\/index.php?rest_route=\/wp\/v2\/types\/post"}],"author":[{"embeddable":true,"href":"https:\/\/radiorevelacionfm.cl\/index.php?rest_route=\/wp\/v2\/users\/1"}],"replies":[{"embeddable":true,"href":"https:\/\/radiorevelacionfm.cl\/index.php?rest_route=%2Fwp%2Fv2%2Fcomments&post=43249"}],"version-history":[{"count":2,"href":"https:\/\/radiorevelacionfm.cl\/index.php?rest_route=\/wp\/v2\/posts\/43249\/revisions"}],"predecessor-version":[{"id":43251,"href":"https:\/\/radiorevelacionfm.cl\/index.php?rest_route=\/wp\/v2\/posts\/43249\/revisions\/43251"}],"wp:featuredmedia":[{"embeddable":true,"href":"https:\/\/radiorevelacionfm.cl\/index.php?rest_route=\/wp\/v2\/media\/42869"}],"wp:attachment":[{"href":"https:\/\/radiorevelacionfm.cl\/index.php?rest_route=%2Fwp%2Fv2%2Fmedia&parent=43249"}],"wp:term":[{"taxonomy":"category","embeddable":true,"href":"https:\/\/radiorevelacionfm.cl\/index.php?rest_route=%2Fwp%2Fv2%2Fcategories&post=43249"},{"taxonomy":"post_tag","embeddable":true,"href":"https:\/\/radiorevelacionfm.cl\/index.php?rest_route=%2Fwp%2Fv2%2Ftags&post=43249"}],"curies":[{"name":"wp","href":"https:\/\/api.w.org\/{rel}","templated":true}]}}