{"id":43246,"date":"2024-06-15T17:19:25","date_gmt":"2024-06-15T20:19:25","guid":{"rendered":"https:\/\/radiorevelacionfm.cl\/?p=43246"},"modified":"2024-06-15T17:19:25","modified_gmt":"2024-06-15T20:19:25","slug":"formalizan-a-banda-que-asalto-y-secuestro-a-dos-victimas-en-coyhaique","status":"publish","type":"post","link":"https:\/\/radiorevelacionfm.cl\/?p=43246","title":{"rendered":"Formalizan a banda que asalt\u00f3 y secuestr\u00f3 a dos v\u00edctimas en Coyhaique"},"content":{"rendered":"<div class=\"flex_column av_one_full  flex_column_div av-zero-column-padding first  avia-builder-el-0  el_before_av_one_full  avia-builder-el-first  \" style='border-radius:0px; '><div  class='avia-image-container  av-styling-    avia-builder-el-1  avia-builder-el-no-sibling  avia-align-center '  itemprop=\"image\" itemscope=\"itemscope\" itemtype=\"https:\/\/schema.org\/ImageObject\"  ><div class='avia-image-container-inner'><div class='avia-image-overlay-wrap'><img decoding=\"async\" class='wp-image-43247 avia-img-lazy-loading-not-43247 avia_image' src=\"https:\/\/radiorevelacionfm.cl\/wp-content\/uploads\/2024\/06\/15_06_2024Aysen-1-1.jpg\" alt='' title='15_06_2024Aysen (1) (1)' height=\"600\" width=\"1057\"  itemprop=\"thumbnailUrl\" srcset=\"https:\/\/radiorevelacionfm.cl\/wp-content\/uploads\/2024\/06\/15_06_2024Aysen-1-1.jpg 1057w, https:\/\/radiorevelacionfm.cl\/wp-content\/uploads\/2024\/06\/15_06_2024Aysen-1-1-300x170.jpg 300w, https:\/\/radiorevelacionfm.cl\/wp-content\/uploads\/2024\/06\/15_06_2024Aysen-1-1-1030x585.jpg 1030w, https:\/\/radiorevelacionfm.cl\/wp-content\/uploads\/2024\/06\/15_06_2024Aysen-1-1-768x436.jpg 768w, https:\/\/radiorevelacionfm.cl\/wp-content\/uploads\/2024\/06\/15_06_2024Aysen-1-1-705x400.jpg 705w, https:\/\/radiorevelacionfm.cl\/wp-content\/uploads\/2024\/06\/15_06_2024Aysen-1-1-450x255.jpg 450w, https:\/\/radiorevelacionfm.cl\/wp-content\/uploads\/2024\/06\/15_06_2024Aysen-1-1-600x341.jpg 600w\" sizes=\"(max-width: 1057px) 100vw, 1057px\" \/><\/div><\/div><\/div><\/div><div class=\"flex_column av_one_full  flex_column_div av-zero-column-padding first  avia-builder-el-2  el_after_av_one_full  el_before_av_one_full  column-top-margin\" style='border-radius:0px; '><section class=\"av_textblock_section \"  itemscope=\"itemscope\" itemtype=\"https:\/\/schema.org\/BlogPosting\" itemprop=\"blogPost\" ><div class='avia_textblock  '   itemprop=\"text\" ><p style=\"text-align: center;\"><strong><span style=\"font-size: 18pt;\">Formalizan a banda que asalt\u00f3 y secuestr\u00f3 a dos v\u00edctimas en Coyhaique<\/span><\/strong><\/p>\n<div id=\"gtx-trans\" style=\"position: absolute; left: -50px; top: 4.31534px;\">\n<div class=\"gtx-trans-icon\"><\/div>\n<\/div>\n<\/div><\/section><\/div><div class=\"flex_column av_one_full  flex_column_div av-zero-column-padding first  avia-builder-el-4  el_after_av_one_full  el_before_av_hr  column-top-margin\" style='border-radius:0px; '><section class=\"av_textblock_section \"  itemscope=\"itemscope\" itemtype=\"https:\/\/schema.org\/BlogPosting\" itemprop=\"blogPost\" ><div class='avia_textblock  '   itemprop=\"text\" ><p class=\"v1MsoNormal\" style=\"text-align: justify;\">Imputados fueron puestos en prisi\u00f3n preventiva e internaci\u00f3n provisoria. Sujetos fueron detenidos por Carabineros y las diligencias investigativas estuvieron a cargo de la Brigada Investigadora de Robos de la PDI.<\/p>\n<p class=\"v1MsoNormal\" style=\"text-align: justify;\">Hoy s\u00e1bado a mediod\u00eda fueron formalizados tres imputados, dos de ellos menores de edad, quienes secuestraron a una v\u00edctima en Coyhaique y paralelamente asaltaron de forma violenta a una segunda persona en horas de la tarde del mi\u00e9rcoles 12 de junio de este a\u00f1o.<\/p>\n<p class=\"v1MsoNormal\" style=\"text-align: justify;\">Los sujetos de 20, 17 y 16 a\u00f1os, fueron detenidos por personal de Carabineros de la Primera Comisar\u00eda, en tanto que las diligencias y pericias investigativas posteriores fueron solicitadas por el Ministerio P\u00fablico a la Brigada Investigadora de Robos y el Laboratorio de Criminal\u00edstica de la PDI.<\/p>\n<p class=\"v1MsoNormal\" style=\"text-align: justify;\"><strong>HECHOS<\/strong><\/p>\n<p class=\"v1MsoNormal\" style=\"text-align: justify;\">Seg\u00fan explic\u00f3 en la audiencia de formalizaci\u00f3n el abogado asistente de la Fiscal\u00eda Local de Coyhaique, Sebasti\u00e1n Vild\u00f3sola, en compa\u00f1\u00eda del fiscal jefe de Coyhaique, Jos\u00e9 Moris, los imputados secuestraron cerca de las 18.15 horas a una primera v\u00edctima, conductor de una aplicaci\u00f3n m\u00f3vil, en las inmediaciones de calle 1 con Divisadero, apunt\u00e1ndolo con pistolas en su cabeza, mientras se trasladaban en el veh\u00edculo por diferentes calles de la ciudad.<\/p>\n<p class=\"v1MsoNormal\" style=\"text-align: justify;\">Cerca de las 18.50 horas, los imputados concurren a calle Ca\u00f1ete con Los Cipreses de Coyhaique, donde los sujetos abordan a una segunda v\u00edctima a quien golpean con las pistolas en su cabeza, oblig\u00e1ndolo a subir a un segundo veh\u00edculo, con los imputados en su interior. La v\u00edctima es mantenida en el autom\u00f3vil bajo amenaza y tras ser registrada, le sustraen su billetera con dinero en efectivo y una tarjeta bancaria.<\/p>\n<p class=\"v1MsoNormal\" style=\"text-align: justify;\">Luego la v\u00edctima de este delito es trasladada al auto del conductor de la aplicaci\u00f3n m\u00f3vil, quien hab\u00eda sido secuestrado y ambos afectados son trasladadas por distintas calles de Coyhaique, entre las que se incluyen el sector alto de Coyhaique, Tejas Verdes, Las Bandurrias y poblaci\u00f3n Los Glaciares.<\/p>\n<p class=\"v1MsoNormal\" style=\"text-align: justify;\">Cerca de las 21.00 horas, la v\u00edctima del robo con violencia agravado logra huir y luego los imputados abandonaron a la v\u00edctima del secuestro.<\/p>\n<p class=\"v1MsoNormal\" style=\"text-align: justify;\">A solicitud de la Fiscal\u00eda, los imputados fueron puestos en prisi\u00f3n preventiva e internaci\u00f3n provisoria, por su participaci\u00f3n como coautores de robo con violencia agravado por retenci\u00f3n de v\u00edctima y secuestro<\/p>\n<p class=\"v1MsoNormal\" style=\"text-align: justify;\">El plazo establecido para el t\u00e9rmino de la investigaci\u00f3n fue fijado por el juez Mario Devaud en 75 d\u00edas.<\/p>\n<p class=\"v1MsoNormal\" style=\"text-align: justify;\"><strong>PDI<\/strong><\/p>\n<p class=\"v1MsoNormal\" style=\"text-align: justify;\">Por su parte, el Subprefecto V\u00edctor Toledo, jefe de la Brigada Investigadora de Robos Coyhaique, indic\u00f3 en relaci\u00f3n a este caso, que \u201ccon el trabajo investigativo desarrollado y una r\u00e1pida coordinaci\u00f3n con el Ministerio P\u00fablico, se comenzaron a desarrollar diversas diligencias investigativas, entre ellas an\u00e1lisis criminal, levantamiento de declaraciones, trabajo con peritos de nuestro Laboratorio de Criminal\u00edstica Regional entre otras t\u00e9cnicas de investigaci\u00f3n, logrando inicialmente establecer la din\u00e1mica delictual y de esta forma posicionar en los diferentes sitios de sucesos y sus ramificaciones a tres de sus integrantes, entre ellos los dos menores de edad\u201d.<\/p>\n<p class=\"v1MsoNormal\" style=\"text-align: justify;\">El Subprefecto Toledo agreg\u00f3 que estos antecedentes \u201cfueron aportados e informados al fiscal a cargo y que permitieron que el d\u00eda de hoy en la audiencia de control de detenci\u00f3n, estas tres personas quedaran con la medida de Prisi\u00f3n Preventiva para el adulto e internaci\u00f3n provisoria para los dos menores. Estas tres personas cuentan con antecedentes policiales previos, principalmente por delitos contra la propiedad\u201d.<\/p>\n<\/div><\/section><\/div><div  style='height:50px' class='hr hr-invisible   avia-builder-el-6  el_after_av_one_full  el_before_av_social_share '><span class='hr-inner ' ><span class='hr-inner-style'><\/span><\/span><\/div><\/p>\n<div  class='av-social-sharing-box  avia-builder-el-7  el_after_av_hr  el_before_av_hr  '><div class='av-share-box'><h5 class='av-share-link-description av-no-toc '>Compartir esta noticia<\/h5><ul class='av-share-box-list noLightbox'><li class='av-share-link av-social-link-facebook' ><a target=\"_blank\" aria-label=\"Compartir en Facebook\" href='https:\/\/www.facebook.com\/sharer.php?u=https:\/\/radiorevelacionfm.cl\/?p=43246&#038;t=Formalizan%20a%20banda%20que%20asalt%C3%B3%20y%20secuestr%C3%B3%20a%20dos%20v%C3%ADctimas%20en%20Coyhaique' aria-hidden='false' data-av_icon='\ue8f3' data-av_iconfont='entypo-fontello' title='' data-avia-related-tooltip='Compartir en Facebook' rel=\"noopener\"><span class='avia_hidden_link_text'>Compartir en Facebook<\/span><\/a><\/li><li class='av-share-link av-social-link-twitter' ><a target=\"_blank\" aria-label=\"Compartir en Twitter\" href='https:\/\/twitter.com\/share?text=Formalizan%20a%20banda%20que%20asalt%C3%B3%20y%20secuestr%C3%B3%20a%20dos%20v%C3%ADctimas%20en%20Coyhaique&#038;url=https:\/\/radiorevelacionfm.cl\/?p=43246' aria-hidden='false' data-av_icon='\ue8f1' data-av_iconfont='entypo-fontello' title='' data-avia-related-tooltip='Compartir en Twitter' rel=\"noopener\"><span class='avia_hidden_link_text'>Compartir en Twitter<\/span><\/a><\/li><li class='av-share-link av-social-link-whatsapp' ><a target=\"_blank\" aria-label=\"Compartir en Whatsapp\" href='https:\/\/api.whatsapp.com\/send?text=https:\/\/radiorevelacionfm.cl\/?p=43246' aria-hidden='false' data-av_icon='\uf232' data-av_iconfont='entypo-fontello' title='' data-avia-related-tooltip='Compartir en Whatsapp' rel=\"noopener\"><span class='avia_hidden_link_text'>Compartir en Whatsapp<\/span><\/a><\/li><li class='av-share-link av-social-link-linkedin' ><a target=\"_blank\" aria-label=\"Compartir en LinkedIn\" href='https:\/\/linkedin.com\/shareArticle?mini=true&#038;title=Formalizan%20a%20banda%20que%20asalt%C3%B3%20y%20secuestr%C3%B3%20a%20dos%20v%C3%ADctimas%20en%20Coyhaique&#038;url=https:\/\/radiorevelacionfm.cl\/?p=43246' aria-hidden='false' data-av_icon='\ue8fc' data-av_iconfont='entypo-fontello' title='' data-avia-related-tooltip='Compartir en LinkedIn' rel=\"noopener\"><span class='avia_hidden_link_text'>Compartir en LinkedIn<\/span><\/a><\/li><li class='av-share-link av-social-link-mail' ><a  aria-label=\"Compartir por correo\" href='mailto:?subject=Formalizan%20a%20banda%20que%20asalt%C3%B3%20y%20secuestr%C3%B3%20a%20dos%20v%C3%ADctimas%20en%20Coyhaique&#038;body=https:\/\/radiorevelacionfm.cl\/?p=43246' aria-hidden='false' data-av_icon='\ue805' data-av_iconfont='entypo-fontello' title='' data-avia-related-tooltip='Compartir por correo'><span class='avia_hidden_link_text'>Compartir por correo<\/span><\/a><\/li><\/ul><\/div><\/div>\n<div  style='height:50px' class='hr hr-invisible   avia-builder-el-8  el_after_av_social_share  el_before_av_comments_list '><span class='hr-inner ' ><span class='hr-inner-style'><\/span><\/span><\/div>\n<div  class='av-buildercomment  av-blog-meta-html-info-disabled av-blog-meta-tag-disabled  '><\/div>\n","protected":false},"excerpt":{"rendered":"","protected":false},"author":1,"featured_media":43247,"comment_status":"open","ping_status":"open","sticky":false,"template":"","format":"standard","meta":{"footnotes":""},"categories":[55],"tags":[],"class_list":["post-43246","post","type-post","status-publish","format-standard","has-post-thumbnail","hentry","category-justicia"],"jetpack_featured_media_url":"https:\/\/radiorevelacionfm.cl\/wp-content\/uploads\/2024\/06\/15_06_2024Aysen-1-1.jpg","_links":{"self":[{"href":"https:\/\/radiorevelacionfm.cl\/index.php?rest_route=\/wp\/v2\/posts\/43246","targetHints":{"allow":["GET"]}}],"collection":[{"href":"https:\/\/radiorevelacionfm.cl\/index.php?rest_route=\/wp\/v2\/posts"}],"about":[{"href":"https:\/\/radiorevelacionfm.cl\/index.php?rest_route=\/wp\/v2\/types\/post"}],"author":[{"embeddable":true,"href":"https:\/\/radiorevelacionfm.cl\/index.php?rest_route=\/wp\/v2\/users\/1"}],"replies":[{"embeddable":true,"href":"https:\/\/radiorevelacionfm.cl\/index.php?rest_route=%2Fwp%2Fv2%2Fcomments&post=43246"}],"version-history":[{"count":1,"href":"https:\/\/radiorevelacionfm.cl\/index.php?rest_route=\/wp\/v2\/posts\/43246\/revisions"}],"predecessor-version":[{"id":43248,"href":"https:\/\/radiorevelacionfm.cl\/index.php?rest_route=\/wp\/v2\/posts\/43246\/revisions\/43248"}],"wp:featuredmedia":[{"embeddable":true,"href":"https:\/\/radiorevelacionfm.cl\/index.php?rest_route=\/wp\/v2\/media\/43247"}],"wp:attachment":[{"href":"https:\/\/radiorevelacionfm.cl\/index.php?rest_route=%2Fwp%2Fv2%2Fmedia&parent=43246"}],"wp:term":[{"taxonomy":"category","embeddable":true,"href":"https:\/\/radiorevelacionfm.cl\/index.php?rest_route=%2Fwp%2Fv2%2Fcategories&post=43246"},{"taxonomy":"post_tag","embeddable":true,"href":"https:\/\/radiorevelacionfm.cl\/index.php?rest_route=%2Fwp%2Fv2%2Ftags&post=43246"}],"curies":[{"name":"wp","href":"https:\/\/api.w.org\/{rel}","templated":true}]}}