{"id":43243,"date":"2024-06-14T21:22:35","date_gmt":"2024-06-15T00:22:35","guid":{"rendered":"https:\/\/radiorevelacionfm.cl\/?p=43243"},"modified":"2024-06-14T21:22:35","modified_gmt":"2024-06-15T00:22:35","slug":"residuos-equivalentes-a-mas-de-3-000-hogares-de-aysen-fueron-despachados-para-el-reciclaje","status":"publish","type":"post","link":"https:\/\/radiorevelacionfm.cl\/?p=43243","title":{"rendered":"Residuos equivalentes a m\u00e1s de 3.000 hogares de Ays\u00e9n fueron despachados para el reciclaje"},"content":{"rendered":"<div class=\"flex_column av_one_full  flex_column_div av-zero-column-padding first  avia-builder-el-0  el_before_av_one_full  avia-builder-el-first  \" style='border-radius:0px; '><div  class='avia-image-container  av-styling-    avia-builder-el-1  avia-builder-el-no-sibling  avia-align-center '  itemprop=\"image\" itemscope=\"itemscope\" itemtype=\"https:\/\/schema.org\/ImageObject\"  ><div class='avia-image-container-inner'><div class='avia-image-overlay-wrap'><img decoding=\"async\" class='wp-image-43244 avia-img-lazy-loading-not-43244 avia_image' src=\"https:\/\/radiorevelacionfm.cl\/wp-content\/uploads\/2024\/06\/despacho50t01-1_optimized-1.jpg\" alt='' title='despacho50t01-(1)_optimized (1)' height=\"600\" width=\"800\"  itemprop=\"thumbnailUrl\" srcset=\"https:\/\/radiorevelacionfm.cl\/wp-content\/uploads\/2024\/06\/despacho50t01-1_optimized-1.jpg 800w, https:\/\/radiorevelacionfm.cl\/wp-content\/uploads\/2024\/06\/despacho50t01-1_optimized-1-300x225.jpg 300w, https:\/\/radiorevelacionfm.cl\/wp-content\/uploads\/2024\/06\/despacho50t01-1_optimized-1-768x576.jpg 768w, https:\/\/radiorevelacionfm.cl\/wp-content\/uploads\/2024\/06\/despacho50t01-1_optimized-1-705x529.jpg 705w, https:\/\/radiorevelacionfm.cl\/wp-content\/uploads\/2024\/06\/despacho50t01-1_optimized-1-450x338.jpg 450w, https:\/\/radiorevelacionfm.cl\/wp-content\/uploads\/2024\/06\/despacho50t01-1_optimized-1-600x450.jpg 600w\" sizes=\"(max-width: 800px) 100vw, 800px\" \/><\/div><\/div><\/div><\/div><div class=\"flex_column av_one_full  flex_column_div av-zero-column-padding first  avia-builder-el-2  el_after_av_one_full  el_before_av_one_full  column-top-margin\" style='border-radius:0px; '><section class=\"av_textblock_section \"  itemscope=\"itemscope\" itemtype=\"https:\/\/schema.org\/BlogPosting\" itemprop=\"blogPost\" ><div class='avia_textblock  '   itemprop=\"text\" ><p style=\"text-align: center;\"><strong><span style=\"font-size: 18pt;\">Residuos equivalentes a m\u00e1s de 3.000 hogares de Ays\u00e9n fueron despachados para el reciclaje <\/span><\/strong><\/p>\n<div id=\"gtx-trans\" style=\"position: absolute; left: -50px; top: 4.31534px;\">\n<div class=\"gtx-trans-icon\"><\/div>\n<\/div>\n<\/div><\/section><\/div><div class=\"flex_column av_one_full  flex_column_div av-zero-column-padding first  avia-builder-el-4  el_after_av_one_full  el_before_av_hr  column-top-margin\" style='border-radius:0px; '><section class=\"av_textblock_section \"  itemscope=\"itemscope\" itemtype=\"https:\/\/schema.org\/BlogPosting\" itemprop=\"blogPost\" ><div class='avia_textblock  '   itemprop=\"text\" ><p style=\"text-align: justify;\">Un nuevo cap\u00edtulo para el cuidado y protecci\u00f3n del ambiente efectu\u00f3 Empresas Bahamonde desde su Planta de Recicaje. Esto, tras efectuar una serie de despachos entre mayo y junio de 2024 que permitiron darle una nueva vida en econom\u00eda circular a 50 toneladas de residuos entre cabos, plumavit y pl\u00e1sticos provenientes de la industria acu\u00edcola regional. La acci\u00f3n consolida el giro que inici\u00f3 la reconocida empresa ayseina desde agosto de 2023 permitiendo crear una soluci\u00f3n confiable para proveedores el rubro y grandes empresas.<\/p>\n<p style=\"text-align: justify;\">En este sentido, Diego D\u00edaz C\u00e1rcamo, Ingeniero Civil Industrial y Jefe de Proyectos de Empresas Bahamonde destac\u00f3 que \u201cpara nosotros como empresa local es importante relevar las acciones que desarrollan todos nuestros trabajadores. En este sentido y gracias a un amplio esfuerzo, realizamos distintos despachos de elementos que provienen de la industria acu\u00edcola para que estos materiales tenga un nuevo uso a trav\u00e9s del reciclaje\u201d.<\/p>\n<p style=\"text-align: justify;\">A\u00f1adiendo que \u201ces as\u00ed como enviamos para procesar 50 toneladas de residuos entre cabos, pl\u00e1sticos y plumavit, lo que equivale al promedio de residuos domiciliarios de 3.000 hogares de Ays\u00e9n. Al ver estos n\u00fameros sabemos que estamos en la direcci\u00f3n correcta para construir un Ays\u00e9n de futuro con acento en el cuidado ambiental. Pero principalmente, nos enorgullece trabajar por preservar las costas m\u00e1s lindas de Chile desde la Patagonia \u2013 Ays\u00e9n\u201d, explic\u00f3 el personero de la empresa.<\/p>\n<p style=\"text-align: justify;\">Cabe destacar que, Empresas Bahamonde, efectua desde agosto de 2023 reciclaje en el \u00e1mbito industrial asociado a la salomicultura. Sin embargo, desde el a\u00f1o 2024 se encuentra efectuando un programa piloto pionero en la Regi\u00f3n para el reciclaje domiciliario a gran escala denominado \u201cPuntos Verdes\u201d gracias a m\u00faltiples alianzas p\u00fablico \u2013 privadas.<\/p>\n<\/div><\/section><\/div><div  style='height:50px' class='hr hr-invisible   avia-builder-el-6  el_after_av_one_full  el_before_av_social_share '><span class='hr-inner ' ><span class='hr-inner-style'><\/span><\/span><\/div><\/p>\n<div  class='av-social-sharing-box  avia-builder-el-7  el_after_av_hr  el_before_av_hr  '><div class='av-share-box'><h5 class='av-share-link-description av-no-toc '>Compartir esta noticia<\/h5><ul class='av-share-box-list noLightbox'><li class='av-share-link av-social-link-facebook' ><a target=\"_blank\" aria-label=\"Compartir en Facebook\" href='https:\/\/www.facebook.com\/sharer.php?u=https:\/\/radiorevelacionfm.cl\/?p=43243&#038;t=Residuos%20equivalentes%20a%20m%C3%A1s%20de%203.000%20hogares%20de%20Ays%C3%A9n%20fueron%20despachados%20para%20el%20reciclaje' aria-hidden='false' data-av_icon='\ue8f3' data-av_iconfont='entypo-fontello' title='' data-avia-related-tooltip='Compartir en Facebook' rel=\"noopener\"><span class='avia_hidden_link_text'>Compartir en Facebook<\/span><\/a><\/li><li class='av-share-link av-social-link-twitter' ><a target=\"_blank\" aria-label=\"Compartir en Twitter\" href='https:\/\/twitter.com\/share?text=Residuos%20equivalentes%20a%20m%C3%A1s%20de%203.000%20hogares%20de%20Ays%C3%A9n%20fueron%20despachados%20para%20el%20reciclaje&#038;url=https:\/\/radiorevelacionfm.cl\/?p=43243' aria-hidden='false' data-av_icon='\ue8f1' data-av_iconfont='entypo-fontello' title='' data-avia-related-tooltip='Compartir en Twitter' rel=\"noopener\"><span class='avia_hidden_link_text'>Compartir en Twitter<\/span><\/a><\/li><li class='av-share-link av-social-link-whatsapp' ><a target=\"_blank\" aria-label=\"Compartir en Whatsapp\" href='https:\/\/api.whatsapp.com\/send?text=https:\/\/radiorevelacionfm.cl\/?p=43243' aria-hidden='false' data-av_icon='\uf232' data-av_iconfont='entypo-fontello' title='' data-avia-related-tooltip='Compartir en Whatsapp' rel=\"noopener\"><span class='avia_hidden_link_text'>Compartir en Whatsapp<\/span><\/a><\/li><li class='av-share-link av-social-link-linkedin' ><a target=\"_blank\" aria-label=\"Compartir en LinkedIn\" href='https:\/\/linkedin.com\/shareArticle?mini=true&#038;title=Residuos%20equivalentes%20a%20m%C3%A1s%20de%203.000%20hogares%20de%20Ays%C3%A9n%20fueron%20despachados%20para%20el%20reciclaje&#038;url=https:\/\/radiorevelacionfm.cl\/?p=43243' aria-hidden='false' data-av_icon='\ue8fc' data-av_iconfont='entypo-fontello' title='' data-avia-related-tooltip='Compartir en LinkedIn' rel=\"noopener\"><span class='avia_hidden_link_text'>Compartir en LinkedIn<\/span><\/a><\/li><li class='av-share-link av-social-link-mail' ><a  aria-label=\"Compartir por correo\" href='mailto:?subject=Residuos%20equivalentes%20a%20m%C3%A1s%20de%203.000%20hogares%20de%20Ays%C3%A9n%20fueron%20despachados%20para%20el%20reciclaje&#038;body=https:\/\/radiorevelacionfm.cl\/?p=43243' aria-hidden='false' data-av_icon='\ue805' data-av_iconfont='entypo-fontello' title='' data-avia-related-tooltip='Compartir por correo'><span class='avia_hidden_link_text'>Compartir por correo<\/span><\/a><\/li><\/ul><\/div><\/div>\n<div  style='height:50px' class='hr hr-invisible   avia-builder-el-8  el_after_av_social_share  el_before_av_comments_list '><span class='hr-inner ' ><span class='hr-inner-style'><\/span><\/span><\/div>\n<div  class='av-buildercomment  av-blog-meta-html-info-disabled av-blog-meta-tag-disabled  '><\/div>\n","protected":false},"excerpt":{"rendered":"","protected":false},"author":1,"featured_media":43244,"comment_status":"open","ping_status":"open","sticky":false,"template":"","format":"standard","meta":{"footnotes":""},"categories":[38],"tags":[],"class_list":["post-43243","post","type-post","status-publish","format-standard","has-post-thumbnail","hentry","category-regional"],"jetpack_featured_media_url":"https:\/\/radiorevelacionfm.cl\/wp-content\/uploads\/2024\/06\/despacho50t01-1_optimized-1.jpg","_links":{"self":[{"href":"https:\/\/radiorevelacionfm.cl\/index.php?rest_route=\/wp\/v2\/posts\/43243","targetHints":{"allow":["GET"]}}],"collection":[{"href":"https:\/\/radiorevelacionfm.cl\/index.php?rest_route=\/wp\/v2\/posts"}],"about":[{"href":"https:\/\/radiorevelacionfm.cl\/index.php?rest_route=\/wp\/v2\/types\/post"}],"author":[{"embeddable":true,"href":"https:\/\/radiorevelacionfm.cl\/index.php?rest_route=\/wp\/v2\/users\/1"}],"replies":[{"embeddable":true,"href":"https:\/\/radiorevelacionfm.cl\/index.php?rest_route=%2Fwp%2Fv2%2Fcomments&post=43243"}],"version-history":[{"count":1,"href":"https:\/\/radiorevelacionfm.cl\/index.php?rest_route=\/wp\/v2\/posts\/43243\/revisions"}],"predecessor-version":[{"id":43245,"href":"https:\/\/radiorevelacionfm.cl\/index.php?rest_route=\/wp\/v2\/posts\/43243\/revisions\/43245"}],"wp:featuredmedia":[{"embeddable":true,"href":"https:\/\/radiorevelacionfm.cl\/index.php?rest_route=\/wp\/v2\/media\/43244"}],"wp:attachment":[{"href":"https:\/\/radiorevelacionfm.cl\/index.php?rest_route=%2Fwp%2Fv2%2Fmedia&parent=43243"}],"wp:term":[{"taxonomy":"category","embeddable":true,"href":"https:\/\/radiorevelacionfm.cl\/index.php?rest_route=%2Fwp%2Fv2%2Fcategories&post=43243"},{"taxonomy":"post_tag","embeddable":true,"href":"https:\/\/radiorevelacionfm.cl\/index.php?rest_route=%2Fwp%2Fv2%2Ftags&post=43243"}],"curies":[{"name":"wp","href":"https:\/\/api.w.org\/{rel}","templated":true}]}}